{"id":534108,"date":"2025-11-14T17:17:10","date_gmt":"2025-11-14T17:17:10","guid":{"rendered":"https:\/\/www.europesays.com\/fr\/534108\/"},"modified":"2025-11-14T17:17:10","modified_gmt":"2025-11-14T17:17:10","slug":"une-simple-odeur-mene-a-une-lourde-saisie-de-cannabis","status":"publish","type":"post","link":"https:\/\/www.europesays.com\/fr\/534108\/","title":{"rendered":"une simple odeur m\u00e8ne \u00e0 une lourde saisie de cannabis"},"content":{"rendered":"<p>                    Par<br \/>\n        <strong><br \/>\n            <a href=\"https:\/\/actu.fr\/auteur\/lea-pippinato\" title=\"Consulter tous les articles de L\u00e9a Pippinato\" rel=\"nofollow noopener\" target=\"_blank\">L\u00e9a Pippinato<\/a><br \/>\n                    <\/strong><\/p>\n<p>        Publi\u00e9 le<\/p>\n<p>            14 nov. 2025 \u00e0 17h52        <\/p>\n<p>Les policiers nationaux re\u00e7oivent c<strong>e mardi 11 novembre 2025<\/strong> une information claire. Selon ce signalement, des produits stup\u00e9fiants seraient stock\u00e9s dans un appartement du quartier du Grand M \u00e0 Montpellier. Les agents se rendent sur place et rep\u00e8rent le logement sans difficult\u00e9 : une odeur forte d\u2019herbe de cannabis s\u2019\u00e9chappe de la porte du domicile.<\/p>\n<p>    <a href=\"https:\/\/www.google.com\/maps\/embed?pb=!1m18!1m12!1m3!1d5779.529924753808!2d3.852683876459029!3d43.59061177110516!2m3!1f0!2f0!3f0!3m2!1i1024!2i768!4f13.1!3m3!1m2!1s0x12b6ae38204102cd%3A0xe5254d37ab5036f8!2sLe%20Grand%20M!5e0!3m2!1sfr!2sfr!4v1763139141220!5m2!1sfr!2sfr\" title=\"Ouvrie le lien\" rel=\"nofollow noopener\" target=\"_blank\">Cliquez ici pour visualiser le contenu<\/a><\/p>\n<p class=\" wall-content\">Peu avant 13h30, le lendemain, un homme de 42 ans se pr\u00e9sente devant l\u2019appartement. Il en est l\u2019occupant. Les policiers lui annoncent imm\u00e9diatement qu\u2019ils vont proc\u00e9der \u00e0 une perquisition en sa pr\u00e9sence.<\/p>\n<p>Une d\u00e9couverte lourde de cons\u00e9quences<\/p>\n<p class=\" wall-content\">\u00c0 l\u2019int\u00e9rieur, les enqu\u00eateurs trouvent de l\u2019herbe de cannabis pour un poids total proche de quatre kilos. L\u2019homme est plac\u00e9 en garde \u00e0 vue. Il d\u00e9clare d\u2019abord qu\u2019il s\u2019agit de cannabidiol (CBD), puis change de version. Il indique avoir r\u00e9alis\u00e9 une r\u00e9colte dans un champ et \u00eatre tomb\u00e9 par hasard sur une plantation. Il ajoute qu\u2019il envisageait de revendre sa trouvaille. Le suspect a \u00e9t\u00e9 d\u00e9f\u00e9r\u00e9 <strong>ce vendredi 14 novembre<\/strong> \u00e0 14h au tribunal judiciaire pour une CRPC (comparution sur reconnaissance pr\u00e9alable de culpabilit\u00e9).\u00a0<\/p>\n<p class=\" wall-content\">Personnalisez votre actualit\u00e9 en ajoutant vos villes et m\u00e9dias en favori avec <a href=\"https:\/\/moncompte.actu.fr\" title=\"D\u00e9couvez Mon Actu\" rel=\"nofollow noopener\" data-trk=\"{&quot;cta&quot;:{&quot;action&quot;:&quot;https:\\\/\\\/moncompte.actu.fr&quot;,&quot;category&quot;:&quot;mon compte&quot;,&quot;from&quot;:&quot;article footer&quot;,&quot;name&quot;:&quot;Mon actu&quot;,&quot;type&quot;:&quot;cta&quot;}}\" target=\"_blank\">Mon Actu<\/a>.<\/p>\n","protected":false},"excerpt":{"rendered":"Par L\u00e9a Pippinato Publi\u00e9 le 14 nov. 2025 \u00e0 17h52 Les policiers nationaux re\u00e7oivent ce mardi 11 novembre&hellip;\n","protected":false},"author":2,"featured_media":534109,"comment_status":"","ping_status":"","sticky":false,"template":"","format":"standard","meta":{"footnotes":""},"categories":[9599],"tags":[1111,11,1052,1777,674,118,1011,27,303,2208,12,2680,1072,25],"class_list":{"0":"post-534108","1":"post","2":"type-post","3":"status-publish","4":"format-standard","5":"has-post-thumbnail","7":"category-montpellier","8":"tag-actu","9":"tag-actualites","10":"tag-drogue","11":"tag-eu","12":"tag-europe","13":"tag-faits-divers","14":"tag-fr","15":"tag-france","16":"tag-justice","17":"tag-montpellier","18":"tag-news","19":"tag-occitanie","20":"tag-police","21":"tag-republique-francaise"},"share_on_mastodon":{"url":"https:\/\/pubeurope.com\/@fr\/115549191853968602","error":""},"_links":{"self":[{"href":"https:\/\/www.europesays.com\/fr\/wp-json\/wp\/v2\/posts\/534108","targetHints":{"allow":["GET"]}}],"collection":[{"href":"https:\/\/www.europesays.com\/fr\/wp-json\/wp\/v2\/posts"}],"about":[{"href":"https:\/\/www.europesays.com\/fr\/wp-json\/wp\/v2\/types\/post"}],"author":[{"embeddable":true,"href":"https:\/\/www.europesays.com\/fr\/wp-json\/wp\/v2\/users\/2"}],"replies":[{"embeddable":true,"href":"https:\/\/www.europesays.com\/fr\/wp-json\/wp\/v2\/comments?post=534108"}],"version-history":[{"count":0,"href":"https:\/\/www.europesays.com\/fr\/wp-json\/wp\/v2\/posts\/534108\/revisions"}],"wp:featuredmedia":[{"embeddable":true,"href":"https:\/\/www.europesays.com\/fr\/wp-json\/wp\/v2\/media\/534109"}],"wp:attachment":[{"href":"https:\/\/www.europesays.com\/fr\/wp-json\/wp\/v2\/media?parent=534108"}],"wp:term":[{"taxonomy":"category","embeddable":true,"href":"https:\/\/www.europesays.com\/fr\/wp-json\/wp\/v2\/categories?post=534108"},{"taxonomy":"post_tag","embeddable":true,"href":"https:\/\/www.europesays.com\/fr\/wp-json\/wp\/v2\/tags?post=534108"}],"curies":[{"name":"wp","href":"https:\/\/api.w.org\/{rel}","templated":true}]}}