{"id":534114,"date":"2025-11-14T17:20:17","date_gmt":"2025-11-14T17:20:17","guid":{"rendered":"https:\/\/www.europesays.com\/fr\/534114\/"},"modified":"2025-11-14T17:20:17","modified_gmt":"2025-11-14T17:20:17","slug":"pres-de-rouen-cet-hopital-se-dote-dun-nouvel-equipement-de-pointe","status":"publish","type":"post","link":"https:\/\/www.europesays.com\/fr\/534114\/","title":{"rendered":"Pr\u00e8s de Rouen, cet h\u00f4pital se dote d\u2019un nouvel \u00e9quipement de pointe"},"content":{"rendered":"<p>                    Par<br \/>\n        <strong><br \/>\n            <a href=\"https:\/\/actu.fr\/auteur\/emilien-jacques\" title=\"Consulter tous les articles de Emilien Jacques\" target=\"_blank\" rel=\"noopener\">Emilien Jacques<\/a><br \/>\n                    <\/strong><\/p>\n<p>        Publi\u00e9 le<\/p>\n<p>            14 nov. 2025 \u00e0 18h14        <\/p>\n<p>Il tr\u00f4ne au milieu d\u2019une pi\u00e8ce r\u00e9nov\u00e9e du sol au plafond exclusivement pour l\u2019accueillir. Le tout nouvel<b> \u00e9quipement haut de gamme<\/b> du Centre hospitalier intercommunal (CHI) <a href=\"https:\/\/actu.fr\/normandie\/elbeuf_76231\" target=\"_blank\" rel=\"noopener\">d\u2019Elbeuf <\/a>\u2013 Louviers \u2013 Val-de-Reuil (Seine-Maritime) est op\u00e9rationnel depuis le d\u00e9but du mois de septembre et fait aujourd\u2019hui la fiert\u00e9 de tout un service, dont il am\u00e9liore le rendement et la <b>qualit\u00e9 des prestations<\/b>.<\/p>\n<p>Plus pr\u00e9cis et plus rapide<\/p>\n<p class=\" wall-content\">Dans le cadre du renouvellement de son mat\u00e9riel, tous les sept ans, le<b> service imagerie du CHI<\/b> a remplac\u00e9 l\u2019un de ses deux <b>scanners <\/b>par un appareil de derni\u00e8re g\u00e9n\u00e9ration, \u00e0 la pointe de la <b>technologie<\/b>. Le mod\u00e8le X. cite de la marque Siemens, apporte un <b>confort <\/b>de travail incontestable pour les 35 manipulateurs en \u00e9lectro <b>radiologie <\/b>(en roulement sur les sites des Feugrais et de Louviers).<\/p>\n<p class=\" wall-content\">La <b>qualit\u00e9 des images<\/b> est fortement am\u00e9lior\u00e9e et leur <b>vitesse de transmission<\/b> acc\u00e9l\u00e9r\u00e9e. Une rapidit\u00e9 et une pr\u00e9cision qui permet de traiter plus de patients et dans de meilleures conditions. \u00ab\u2009L\u2019activit\u00e9 dans le service augmente donc on avait besoin d\u2019un scanner plus <b>rapide et performant<\/b>\u2009\u00bb, estime le docteur Nader Toukko, radiologue.<\/p>\n<p>\u00ab\u2009Diminuer le temps machine\u2009\u00bb<\/p>\n<p class=\" wall-content\">Car s\u2019il profite \u00e9videmment aux utilisateurs, ce scanner ultra-performant est avant tout <b>au service du patient<\/b>. Ils sont pr\u00e8s de 40 par jour \u00e0 passer ce type d\u2019examens, majoritairement pour traiter des pathologies lourdes comme les <b>cancers<\/b>, pr\u00e9cise le radiologue.<\/p>\n<p>    <img   decoding=\"async\" loading=\"lazy\" class=\"size-large\" src=\"https:\/\/www.europesays.com\/fr\/wp-content\/uploads\/2025\/11\/cee4c533b119663f4c533b11987f4cv-960x640.jpg\" alt=\"Le scanner X.Cite du CHI\" width=\"960\" height=\"640\"\/><br \/>\n    Le nouveau scanner du CHI est un mod\u00e8le ultra-performant et de derni\u00e8re g\u00e9n\u00e9ration. \u00a9Emilien Jacques<\/p>\n<p class=\" wall-content\">L\u2019efficacit\u00e9 de ce nouvel outil permet aux professionnels \u00ab\u2009d\u2019<b>augmenter le temps patient<\/b> et de diminuer le temps machine\u2009\u00bb, comme l\u2019explique le cadre de sant\u00e9 du service imagerie du CHI, Olivier Lucas, heureux de pouvoir proposer ce qui se fait de mieux en mati\u00e8re de radiologie\u2009: \u00ab\u2009Cela nous tient \u00e0 c\u0153ur de permettre \u00e0 tous nos patients d\u2019acc\u00e9der \u00e0 des \u00e9quipements haut de gamme. On veut que tout le monde ait acc\u00e8s \u00e0 ce <b>type d\u2019imagerie de pointe<\/b>.\u2009\u00bb<\/p>\n<p>\u00c0 la pointe de la technologie<\/p>\n<p class=\" wall-content\">Parmi les am\u00e9liorations au b\u00e9n\u00e9fice du patient, on note \u00e9galement le tunnel plus large de ce scanner pour une <b>meilleure prise en charge<\/b> des personnes difficiles \u00e0 manipuler \u00e0 cause d\u2019un surpoids ou du mat\u00e9riel m\u00e9dical dont ils peuvent \u00eatre \u00e9quip\u00e9s.<\/p>\n<p>Votre r\u00e9gion, votre actu !<\/p>\n<p>Recevez chaque jour les infos qui comptent pour vous.<\/p>\n<p>\t<a href=\"https:\/\/actu.fr\/newsletter\" class=\"ac-btn ac-btn--corner ac-btn--medium ac-btn--blue800\" target=\"_blank\" rel=\"noopener\">S&rsquo;incrire<\/a><\/p>\n<blockquote class=\"ac-article-quote wall-content\">\n<p>On a une grande polyvalence avec cette machine qui permet de r\u00e9pondre \u00e0 toutes les demandes.<\/p>\n<p>Olivier Lucas, cadre de sant\u00e9 du service imagerie du CHI.<\/p><\/blockquote>\n<p class=\" wall-content\">Autre innovation\u2009: une <b>cam\u00e9ra de d\u00e9tection<\/b> infrarouge permet de placer le patient \u00ab\u2009au point id\u00e9al de convergence des rayons X\u2009\u00bb, pour une plus <b>grande pr\u00e9cision<\/b> de l\u2019examen.<\/p>\n<p>Un co\u00fbt ma\u00eetris\u00e9<\/p>\n<p class=\" wall-content\">Le crit\u00e8re <b>\u00e9cologique<\/b>, qui n\u2019avait pas \u00e9t\u00e9 pris en compte dans le renouvellement du scanner il y a sept ans, a cette fois-ci fait l\u2019objet d\u2019une attention particuli\u00e8re de la part des d\u00e9cideurs. Maxence Avenel, ing\u00e9nieur biom\u00e9dical en charge du dossier, affirme\u2009: \u00ab\u2009Le Siemens, dans sa gamme, est <b>tr\u00e8s peu \u00e9nergivore<\/b>.\u2009\u00bb<\/p>\n<p class=\" wall-content\">Il estime le co\u00fbt de cet appareil en location \u00e0 \u00ab\u2009un peu <b>moins d\u20191,5\u00a0millions d\u2019euros<\/b> sur sept ans\u2009\u00bb, impliquant les frais li\u00e9s au fonctionnement comme la maintenance et, donc, l\u2019\u00e9lectricit\u00e9.<\/p>\n<p>    <img   decoding=\"async\" loading=\"lazy\" class=\"size-large\" src=\"https:\/\/www.europesays.com\/fr\/wp-content\/uploads\/2025\/11\/6b0eab62371965f0eab623719231eav-960x640.jpg\" alt=\"Pr\u00e8s de 1500 patients sont d\u00e9j\u00e0 pass\u00e9s sur la table du scanner X.Cite depuis son installation le lundi 1er septembre 2025.\" width=\"960\" height=\"640\"\/><br \/>\n    Pr\u00e8s de 1\u2009500 patients sont d\u00e9j\u00e0 pass\u00e9s sur la table du scanner X.cite depuis son installation le lundi 1er septembre 2025. \u00a9Emilien Jacques<\/p>\n<p class=\" wall-content\">En revanche, rien n\u2019est \u00e0 d\u00e9bourser pour le patient, malgr\u00e9 la mont\u00e9e en gamme de la prestation. La vitesse d\u2019ex\u00e9cution de l\u2019appareil permet le non-d\u00e9passement d\u2019honoraire et garantit donc la <b>gratuit\u00e9 de l\u2019examen<\/b>.<\/p>\n<p class=\" wall-content\">Que de motifs de satisfactions tant pour les professionnels que pour la patient\u00e8le depuis l\u2019arriv\u00e9e de ce nouveau scanner qui a \u00e9t\u00e9 <b>utilis\u00e9 pr\u00e8s de 1\u2009500\u00a0fois<\/b> depuis sa mise en service (entre le 1er\u00a0septembre et le 1er\u00a0novembre).<\/p>\n<p class=\" wall-content\">Une fr\u00e9quentation qui devrait <b>augmenter <\/b>peu \u00e0 peu, le temps pour chaque manipulateur d\u2019\u00eatre form\u00e9 et de prendre totalement en main ce bijou de technologie.<\/p>\n<p class=\" wall-content\">Personnalisez votre actualit\u00e9 en ajoutant vos villes et m\u00e9dias en favori avec <a href=\"https:\/\/moncompte.actu.fr\" title=\"D\u00e9couvez Mon Actu\" rel=\"nofollow noopener\" data-trk=\"{&quot;cta&quot;:{&quot;action&quot;:&quot;https:\\\/\\\/moncompte.actu.fr&quot;,&quot;category&quot;:&quot;mon compte&quot;,&quot;from&quot;:&quot;article footer&quot;,&quot;name&quot;:&quot;Mon actu&quot;,&quot;type&quot;:&quot;cta&quot;}}\" target=\"_blank\">Mon Actu<\/a>.<\/p>\n","protected":false},"excerpt":{"rendered":"Par Emilien Jacques Publi\u00e9 le 14 nov. 2025 \u00e0 18h14 Il tr\u00f4ne au milieu d\u2019une pi\u00e8ce r\u00e9nov\u00e9e du&hellip;\n","protected":false},"author":2,"featured_media":534115,"comment_status":"","ping_status":"","sticky":false,"template":"","format":"standard","meta":{"footnotes":""},"categories":[9587],"tags":[1111,11,65381,1777,674,1011,27,5701,2673,12,5161,25,9590,104],"class_list":{"0":"post-534114","1":"post","2":"type-post","3":"status-publish","4":"format-standard","5":"has-post-thumbnail","7":"category-rouen","8":"tag-actu","9":"tag-actualites","10":"tag-chi-elbeuf-louviers","11":"tag-eu","12":"tag-europe","13":"tag-fr","14":"tag-france","15":"tag-innovation","16":"tag-medecins","17":"tag-news","18":"tag-normandie","19":"tag-republique-francaise","20":"tag-rouen","21":"tag-societe"},"share_on_mastodon":{"url":"https:\/\/pubeurope.com\/@fr\/115549204735416726","error":""},"_links":{"self":[{"href":"https:\/\/www.europesays.com\/fr\/wp-json\/wp\/v2\/posts\/534114","targetHints":{"allow":["GET"]}}],"collection":[{"href":"https:\/\/www.europesays.com\/fr\/wp-json\/wp\/v2\/posts"}],"about":[{"href":"https:\/\/www.europesays.com\/fr\/wp-json\/wp\/v2\/types\/post"}],"author":[{"embeddable":true,"href":"https:\/\/www.europesays.com\/fr\/wp-json\/wp\/v2\/users\/2"}],"replies":[{"embeddable":true,"href":"https:\/\/www.europesays.com\/fr\/wp-json\/wp\/v2\/comments?post=534114"}],"version-history":[{"count":0,"href":"https:\/\/www.europesays.com\/fr\/wp-json\/wp\/v2\/posts\/534114\/revisions"}],"wp:featuredmedia":[{"embeddable":true,"href":"https:\/\/www.europesays.com\/fr\/wp-json\/wp\/v2\/media\/534115"}],"wp:attachment":[{"href":"https:\/\/www.europesays.com\/fr\/wp-json\/wp\/v2\/media?parent=534114"}],"wp:term":[{"taxonomy":"category","embeddable":true,"href":"https:\/\/www.europesays.com\/fr\/wp-json\/wp\/v2\/categories?post=534114"},{"taxonomy":"post_tag","embeddable":true,"href":"https:\/\/www.europesays.com\/fr\/wp-json\/wp\/v2\/tags?post=534114"}],"curies":[{"name":"wp","href":"https:\/\/api.w.org\/{rel}","templated":true}]}}