{"id":534122,"date":"2025-11-14T17:24:25","date_gmt":"2025-11-14T17:24:25","guid":{"rendered":"https:\/\/www.europesays.com\/fr\/534122\/"},"modified":"2025-11-14T17:24:25","modified_gmt":"2025-11-14T17:24:25","slug":"rennes-les-velostar-en-libre-service-seront-bientot-tous-electriques","status":"publish","type":"post","link":"https:\/\/www.europesays.com\/fr\/534122\/","title":{"rendered":"Rennes : Les V\u00e9lostar en libre-service seront bient\u00f4t tous \u00e9lectriques"},"content":{"rendered":"<p class=\"mb-4 text-lg md:leading-8 break-words\"><strong>Avec assistance &#8211; Dans le cadre du renouvellement de son contrat avec Keolis, la m\u00e9tropole a choisi de revoir enti\u00e8rement la location de ses v\u00e9los<\/strong><\/p>\n<p class=\"mb-4 text-lg md:leading-8 break-words\">La derni\u00e8re fois que Rennes m\u00e9tropole avait n\u00e9goci\u00e9 avec Keolis pour renouveler son contrat de gestion des transports en commun, la partie concernant la location des v\u00e9los en libre-service <a href=\"https:\/\/www.20minutes.fr\/rennes\/2155823-20171022-rennes-investira-encore-plus-velo-electrique-delaisse-velostar?at_medium=RSS%20feed&amp;at_campaign=ynews&amp;utm_source=yahoo&amp;utm_medium=rss&amp;utm_campaign=news_feed&amp;utm_content=in_article_link\" rel=\"nofollow noopener\" target=\"_blank\" data-ylk=\"slk:avait pris un s\u00e9rieux coup de rabot;elm:context_link;itc:0;sec:content-canvas\" class=\"link \">avait pris un s\u00e9rieux coup de rabot<\/a>. En pleine perte de vitesse, le service V\u00e9lostar avait vu le nombre de stations \u00eatre diminu\u00e9 de 40\u00a0% pour se recentrer sur le centre-ville de Rennes. Un important effort avait cependant \u00e9t\u00e9 consenti avec <a href=\"https:\/\/www.20minutes.fr\/rennes\/2327583-20180901-video-rennes-tout-beau-tout-neuf-teste-nouveau-velostar?at_medium=RSS%20feed&amp;at_campaign=ynews&amp;utm_source=yahoo&amp;utm_medium=rss&amp;utm_campaign=news_feed&amp;utm_content=in_article_link\" rel=\"nofollow noopener\" target=\"_blank\" data-ylk=\"slk:le renouvellement complet de la flotte de v\u00e9los;elm:context_link;itc:0;sec:content-canvas\" class=\"link \">le renouvellement complet de la flotte de v\u00e9los<\/a> apr\u00e8s dix ann\u00e9es de bons et loyaux services. Sept ans apr\u00e8s l\u2019arriv\u00e9e des derniers V\u00e9lostar bleus, la m\u00e9tropole rennaise va de nouveau les remplacer.<\/p>\n<p class=\"mb-4 text-lg md:leading-8 break-words\">Dans le cadre de son nouveau <a href=\"https:\/\/www.20minutes.fr\/rennes\/4185450-20251114-rennes-petit-sujet-1-3-milliard-pourquoi-metropole-encore-choisi-keolis?at_medium=RSS%20feed&amp;at_campaign=ynews&amp;utm_source=yahoo&amp;utm_medium=rss&amp;utm_campaign=news_feed&amp;utm_content=in_article_link\" rel=\"nofollow noopener\" target=\"_blank\" data-ylk=\"slk:contrat de d\u00e9l\u00e9gation de service public conclu avec Keolis;elm:context_link;itc:0;sec:content-canvas\" class=\"link \">contrat de d\u00e9l\u00e9gation de service public conclu avec Keolis<\/a>, la collectivit\u00e9 a cette fois choisi d\u2019opter pour des v\u00e9los \u00e0 assistance \u00e9lectrique. \u00ab\u00a0Le syst\u00e8me V\u00e9lostar actuel arrive \u00e0 obsolescence en\u00a02028. On a voulu profiter de l\u2019occasion pour passer sur un syst\u00e8me 100\u00a0% \u00e9lectrique\u00a0\u00bb, annonce Matthieu Theurier, vice-pr\u00e9sident de Rennes m\u00e9tropole d\u00e9l\u00e9gu\u00e9 aux transports.<\/p>\n<p class=\"mb-4 text-lg md:leading-8 break-words\">La collectivit\u00e9 a d\u00e9cid\u00e9 de maintenir sa confiance \u00e0 l\u2019entreprise Arcade Cycles, qui fabrique ses v\u00e9los en Vend\u00e9e et avait d\u00e9j\u00e0 fourni la version actuelle. En optant pour une version \u00e9lectrique, la m\u00e9tropole esp\u00e8re aussi que les distances parcourues par les v\u00e9los en libre-service seront plus longues. \u00ab\u00a0Aujourd\u2019hui, c\u2019est essentiellement dans le centre-ville. Avec cette nouvelle offre, on va red\u00e9ployer des stations dans les quartiers et dans quatre communes\u00a0\u00bb, poursui(&#8230;)<\/p>\n<p class=\"mb-4 text-lg md:leading-8 break-words\"><a href=\"https:\/\/www.20minutes.fr\/rennes\/4185732-20251114-rennes-velostar-libre-service-bientot-tous-electriques?at_medium=RSS%20feed&amp;at_campaign=ynews&amp;utm_source=yahoo&amp;utm_medium=rss&amp;utm_campaign=news_feed&amp;utm_content=read_more_link&quot;\" rel=\"nofollow noopener\" target=\"_blank\" data-ylk=\"slk:Lire la suite sur 20minutes;elm:context_link;itc:0;sec:content-canvas\" class=\"link \">Lire la suite sur 20minutes<\/a><\/p>\n<p>\u00c0 lire aussi :<br \/><a href=\"https:\/\/www.20minutes.fr\/rennes\/4185450-20251114-rennes-petit-sujet-1-3-milliard-pourquoi-metropole-encore-choisi-keolis?at_medium=RSS%20feed&amp;at_campaign=ynews&amp;utm_source=yahoo&amp;utm_medium=rss&amp;utm_campaign=news_feed&amp;utm_content=related_content_link\" rel=\"nofollow noopener\" target=\"_blank\" data-ylk=\"slk:Rennes\u00a0: \u00ab\u00a0Un petit sujet \u00e0 1,3\u00a0milliard\u00a0\u00bb\u2026 Pourquoi la m\u00e9tropole a encore choisi Keolis;elm:context_link;itc:0;sec:content-canvas\" class=\"link \">Rennes\u00a0: \u00ab\u00a0Un petit sujet \u00e0 1,3\u00a0milliard\u00a0\u00bb\u2026 Pourquoi la m\u00e9tropole a encore choisi Keolis<\/a><br \/><a href=\"https:\/\/www.20minutes.fr\/societe\/4183829-20251106-rennes-avenir-patinoire-inquiete-ville-dement-tout-projet-fermeture?at_medium=RSS%20feed&amp;at_campaign=ynews&amp;utm_source=yahoo&amp;utm_medium=rss&amp;utm_campaign=news_feed&amp;utm_content=related_content_link\" rel=\"nofollow noopener\" target=\"_blank\" data-ylk=\"slk:Rennes\u00a0: L\u2019avenir de la patinoire inqui\u00e8te, la ville d\u00e9ment tout projet de fermeture;elm:context_link;itc:0;sec:content-canvas\" class=\"link \">Rennes\u00a0: L\u2019avenir de la patinoire inqui\u00e8te, la ville d\u00e9ment tout projet de fermeture<\/a><\/p>\n","protected":false},"excerpt":{"rendered":"Avec assistance &#8211; Dans le cadre du renouvellement de son contrat avec Keolis, la m\u00e9tropole a choisi de&hellip;\n","protected":false},"author":2,"featured_media":534123,"comment_status":"","ping_status":"","sticky":false,"template":"","format":"standard","meta":{"footnotes":""},"categories":[2821],"tags":[1111,11,829,33931,1777,674,1011,27,4999,65383,12,584,25,2216,65382],"class_list":{"0":"post-534122","1":"post","2":"type-post","3":"status-publish","4":"format-standard","5":"has-post-thumbnail","7":"category-rennes","8":"tag-actu","9":"tag-actualites","10":"tag-bretagne","11":"tag-delegation-de-service-public","12":"tag-eu","13":"tag-europe","14":"tag-fr","15":"tag-france","16":"tag-keolis","17":"tag-les-velos-en-libre-service","18":"tag-news","19":"tag-rennes","20":"tag-republique-francaise","21":"tag-transports-en-commun","22":"tag-velostar"},"share_on_mastodon":{"url":"https:\/\/pubeurope.com\/@fr\/115549219328973827","error":""},"_links":{"self":[{"href":"https:\/\/www.europesays.com\/fr\/wp-json\/wp\/v2\/posts\/534122","targetHints":{"allow":["GET"]}}],"collection":[{"href":"https:\/\/www.europesays.com\/fr\/wp-json\/wp\/v2\/posts"}],"about":[{"href":"https:\/\/www.europesays.com\/fr\/wp-json\/wp\/v2\/types\/post"}],"author":[{"embeddable":true,"href":"https:\/\/www.europesays.com\/fr\/wp-json\/wp\/v2\/users\/2"}],"replies":[{"embeddable":true,"href":"https:\/\/www.europesays.com\/fr\/wp-json\/wp\/v2\/comments?post=534122"}],"version-history":[{"count":0,"href":"https:\/\/www.europesays.com\/fr\/wp-json\/wp\/v2\/posts\/534122\/revisions"}],"wp:featuredmedia":[{"embeddable":true,"href":"https:\/\/www.europesays.com\/fr\/wp-json\/wp\/v2\/media\/534123"}],"wp:attachment":[{"href":"https:\/\/www.europesays.com\/fr\/wp-json\/wp\/v2\/media?parent=534122"}],"wp:term":[{"taxonomy":"category","embeddable":true,"href":"https:\/\/www.europesays.com\/fr\/wp-json\/wp\/v2\/categories?post=534122"},{"taxonomy":"post_tag","embeddable":true,"href":"https:\/\/www.europesays.com\/fr\/wp-json\/wp\/v2\/tags?post=534122"}],"curies":[{"name":"wp","href":"https:\/\/api.w.org\/{rel}","templated":true}]}}