{"id":534126,"date":"2025-11-14T17:26:20","date_gmt":"2025-11-14T17:26:20","guid":{"rendered":"https:\/\/www.europesays.com\/fr\/534126\/"},"modified":"2025-11-14T17:26:20","modified_gmt":"2025-11-14T17:26:20","slug":"gregory-thil-va-quitter-strasbourg-alsasports","status":"publish","type":"post","link":"https:\/\/www.europesays.com\/fr\/534126\/","title":{"rendered":"Gr\u00e9gory Thil va quitter Strasbourg \u2014 Alsa&rsquo;Sports"},"content":{"rendered":"<p><strong>Le directeur du recrutement du Racing Gr\u00e9gory Thil va quitter son poste dans les prochaines heures apr\u00e8s avoir \u00e9t\u00e9 nomm\u00e9 cet \u00e9t\u00e9, selon une confirmation de l\u2019\u00c9QUIPE. <\/strong><\/p>\n<p>Gr\u00e9gory Thil, nomm\u00e9 en juin responsable de la cellule de recrutement du RCSA et qui a pris ses fonctions mi-juillet, s\u2019appr\u00eate d\u00e9j\u00e0 \u00e0 quitter le club, selon une indiscr\u00e9tion de l\u2019\u00c9QUIPE que nous sommes en mesure de confirmer. Nous ajoutons que la tendance est n\u00e9e il y a quelques semaines et a pris de l\u2019ampleur r\u00e9cemment. Ainsi, la venue de l\u2019\u00c9cossais David Weir comme nouveau directeur sportif fin octobre ne serait pas li\u00e9e au d\u00e9part du Fran\u00e7ais. Gr\u00e9gory Thil n\u2019aura donc pass\u00e9 que quatre mois au Racing et son CDI va \u00eatre rompu d\u2019un commun accord prochainement. Il officiait auparavant dans le recrutement du RC Lens depuis cinq ans, puis au poste de directeur technique \u00e0 l\u2019OGC Nice.<\/p>\n","protected":false},"excerpt":{"rendered":"Le directeur du recrutement du Racing Gr\u00e9gory Thil va quitter son poste dans les prochaines heures apr\u00e8s avoir&hellip;\n","protected":false},"author":2,"featured_media":534127,"comment_status":"","ping_status":"","sticky":false,"template":"","format":"standard","meta":{"footnotes":""},"categories":[2820],"tags":[1111,11,1777,674,63,1011,27,775,12,4448,25,640],"class_list":{"0":"post-534126","1":"post","2":"type-post","3":"status-publish","4":"format-standard","5":"has-post-thumbnail","7":"category-strasbourg","8":"tag-actu","9":"tag-actualites","10":"tag-eu","11":"tag-europe","12":"tag-football","13":"tag-fr","14":"tag-france","15":"tag-grand-est","16":"tag-news","17":"tag-rc-strasbourg","18":"tag-republique-francaise","19":"tag-strasbourg"},"share_on_mastodon":{"url":"https:\/\/pubeurope.com\/@fr\/115549227135005532","error":""},"_links":{"self":[{"href":"https:\/\/www.europesays.com\/fr\/wp-json\/wp\/v2\/posts\/534126","targetHints":{"allow":["GET"]}}],"collection":[{"href":"https:\/\/www.europesays.com\/fr\/wp-json\/wp\/v2\/posts"}],"about":[{"href":"https:\/\/www.europesays.com\/fr\/wp-json\/wp\/v2\/types\/post"}],"author":[{"embeddable":true,"href":"https:\/\/www.europesays.com\/fr\/wp-json\/wp\/v2\/users\/2"}],"replies":[{"embeddable":true,"href":"https:\/\/www.europesays.com\/fr\/wp-json\/wp\/v2\/comments?post=534126"}],"version-history":[{"count":0,"href":"https:\/\/www.europesays.com\/fr\/wp-json\/wp\/v2\/posts\/534126\/revisions"}],"wp:featuredmedia":[{"embeddable":true,"href":"https:\/\/www.europesays.com\/fr\/wp-json\/wp\/v2\/media\/534127"}],"wp:attachment":[{"href":"https:\/\/www.europesays.com\/fr\/wp-json\/wp\/v2\/media?parent=534126"}],"wp:term":[{"taxonomy":"category","embeddable":true,"href":"https:\/\/www.europesays.com\/fr\/wp-json\/wp\/v2\/categories?post=534126"},{"taxonomy":"post_tag","embeddable":true,"href":"https:\/\/www.europesays.com\/fr\/wp-json\/wp\/v2\/tags?post=534126"}],"curies":[{"name":"wp","href":"https:\/\/api.w.org\/{rel}","templated":true}]}}