{"id":534134,"date":"2025-11-14T17:31:13","date_gmt":"2025-11-14T17:31:13","guid":{"rendered":"https:\/\/www.europesays.com\/fr\/534134\/"},"modified":"2025-11-14T17:31:13","modified_gmt":"2025-11-14T17:31:13","slug":"porsche-gign-puy-du-fou-des-jeunes-hospitalises-au-chu-de-nantes-ont-vecu-une-journee-devasion","status":"publish","type":"post","link":"https:\/\/www.europesays.com\/fr\/534134\/","title":{"rendered":"Porsche, GIGN, Puy du Fou.. Des jeunes hospitalis\u00e9s au CHU de Nantes ont v\u00e9cu \u00ab une journ\u00e9e d\u2019\u00e9vasion \u00bb"},"content":{"rendered":"<p>                    Par<br \/>\n        <strong><br \/>\n            <a href=\"https:\/\/actu.fr\/auteur\/thomas-bernard\" title=\"Consulter tous les articles de Thomas Bernard\" target=\"_blank\" rel=\"noopener\">Thomas Bernard<\/a><br \/>\n                    <\/strong><\/p>\n<p>        Publi\u00e9 le<\/p>\n<p>            14 nov. 2025 \u00e0 18h20        <\/p>\n<p>Le Fonds de dotation du CHU de Nantes, NAOVIE, en partenariat avec le Centre Porsche Nantes, a organis\u00e9 le rallye des h\u00e9ros. Une journ\u00e9e solidaire pour financer la cr\u00e9ation de <a href=\"https:\/\/actu.fr\/pays-de-la-loire\/nantes_44109\/futur-chu-de-nantes-32-chambres-neonatales-vont-voir-le-jour-a-la-maternite-un-projet-inedit_63222162.html\" target=\"_blank\" rel=\"noopener\">chambres n\u00e9onatales<\/a> \u201cz\u00e9ro s\u00e9paration\u201d et pour offrir un moment \u00e0 <b>des enfants hospitalis\u00e9s au CHU de Nantes<\/b>.<\/p>\n<p class=\" wall-content\"><b>Le vendredi 7\u00a0novembre 2025<\/b>, le rallye des h\u00e9ros a mobilis\u00e9 15 voitures Porsche, sponsoris\u00e9es par des entreprises partenaires, o\u00f9 un enfant hospitalis\u00e9 au CHU de Nantes a pu monter \u00e0 bord. \u00ab\u2009Une journ\u00e9e d\u2019\u00e9vasion\u2009\u00bb pour les jeunes qui se sont \u00ab\u2009\u00e9vad\u00e9s\u2009\u00bb du quotidien de l\u2019h\u00f4pital.<\/p>\n<p>Une vir\u00e9e en Porsche<\/p>\n<p class=\" wall-content\">\u00ab\u2009C\u2019\u00e9tait un bon moment. En plus j\u2019aime les voitures, en particulier les voitures anciennes. Ce n\u2019est pas tout le temps qu\u2019on a l\u2019occasion de monter dans une telle voiture\u2009\u00bb, commente Z\u00e9phyr, \u00e2g\u00e9 de 15\u00a0ans.<\/p>\n<p class=\" wall-content\">Dans la Porsche, l\u2019adolescent est accompagn\u00e9 de Jean-Philippe, le pilote du jour, avec lequel il a pu nouer des liens. \u00ab\u2009Il a \u00e9t\u00e9 tr\u00e8s gentil. On a \u00e9chang\u00e9 nos num\u00e9ros apr\u00e8s la journ\u00e9e. Quand il acc\u00e9l\u00e9rait, j\u2019avais une sensation de vitesse et <b>l\u2019impression que le si\u00e8ge s\u2019allongeait\u2009\u00bb<\/b>, confie avec le sourire le lyc\u00e9en.<\/p>\n<p>    <img   decoding=\"async\" loading=\"lazy\" class=\"size-large\" src=\"https:\/\/www.europesays.com\/fr\/wp-content\/uploads\/2025\/11\/6898e0d4171964c98e0d4171910a8ev-960x640.jpg\" alt=\"Porsche Nantes\" width=\"960\" height=\"640\"\/><br \/>\n    15 voitures Porsche ont particip\u00e9 au rallye des h\u00e9ros, organis\u00e9 \u00e0 Nantes. \u00a9Naovie \/ transmis \u00e0 actu Nantes<\/p>\n<p class=\" wall-content\">Z\u00e9phyr est actuellement suivi par le<b> service n\u00e9phrologique p\u00e9diatrique<\/b> du CHU de Nantes. \u00ab\u2009J\u2019y vais tous les trois mois pour des consultations et faire un bilan\u2009\u00bb, explique l\u2019adolescent. Tr\u00e8s pudique sur sa maladie, le gar\u00e7on qui envisage de suivre des \u00e9tudes \u00ab\u2009dans le monde la sant\u00e9\u2009\u00bb, a appr\u00e9ci\u00e9 la journ\u00e9e du 7\u00a0novembre qu\u2019il d\u00e9crit comme \u00ab\u2009m\u00e9morable\u2009\u00bb.<br \/>Outre la vir\u00e9e \u00e0 bord de la voiture de course allemande, Z\u00e9phyr et les jeunes ont d\u00e9couvert <b>l\u2019antenne du GIGN \u00e0 Nantes puis les coulisses du Puy du Fou<\/b>.<\/p>\n<p>Votre r\u00e9gion, votre actu !<\/p>\n<p>Recevez chaque jour les infos qui comptent pour vous.<\/p>\n<p>\t<a href=\"https:\/\/actu.fr\/newsletter\" class=\"ac-btn ac-btn--corner ac-btn--medium ac-btn--blue800\" target=\"_blank\" rel=\"noopener\">S&rsquo;incrire<\/a><br \/>\nUne journ\u00e9e \u00ab\u2009ressource\u2009\u00bb pour les parents<\/p>\n<p class=\" wall-content\">Si le rallye des h\u00e9ros a ravi les participants, les parents des jeunes hospitalis\u00e9s ont appr\u00e9ci\u00e9 le moment. Un temps de r\u00e9pit <b>pour ceux dont le quotidien est rythm\u00e9 par le monde m\u00e9dical<\/b>. \u00ab\u2009Cela change du quotidien avec l\u2019h\u00f4pital et les m\u00e9decins. C\u2019est litt\u00e9ralement extraordinaire. On en a pris plein les yeux\u2009\u00bb, explique Georges Miranda, le p\u00e8re de Z\u00e9phyr, dont la fille est \u00e9galement malade.<\/p>\n<blockquote class=\"ac-article-quote wall-content\">\n<p>Une journ\u00e9e comme celle pass\u00e9e lors du rallye des h\u00e9ros est une v\u00e9ritable journ\u00e9e ressource pour les parents.<\/p>\n<p>Georges Miranda<\/p><\/blockquote>\n<p class=\" wall-content\">Du centre Porsche, au Puy du Fou en passant par le GIGN, Georges et Z\u00e9phyr veulent remercier les organisateurs et les personnes rencontr\u00e9es \u00ab\u2009lors de cette journ\u00e9e pas comme les autres\u2009\u00bb.<\/p>\n<p class=\" wall-content\">Personnalisez votre actualit\u00e9 en ajoutant vos villes et m\u00e9dias en favori avec <a href=\"https:\/\/moncompte.actu.fr\" title=\"D\u00e9couvez Mon Actu\" rel=\"nofollow noopener\" data-trk=\"{&quot;cta&quot;:{&quot;action&quot;:&quot;https:\\\/\\\/moncompte.actu.fr&quot;,&quot;category&quot;:&quot;mon compte&quot;,&quot;from&quot;:&quot;article footer&quot;,&quot;name&quot;:&quot;Mon actu&quot;,&quot;type&quot;:&quot;cta&quot;}}\" target=\"_blank\">Mon Actu<\/a>.<\/p>\n","protected":false},"excerpt":{"rendered":"Par Thomas Bernard Publi\u00e9 le 14 nov. 2025 \u00e0 18h20 Le Fonds de dotation du CHU de Nantes,&hellip;\n","protected":false},"author":2,"featured_media":534135,"comment_status":"","ping_status":"","sticky":false,"template":"","format":"standard","meta":{"footnotes":""},"categories":[2818],"tags":[1111,11,7426,1777,674,1011,27,766,12,2636,25,104,3400],"class_list":{"0":"post-534134","1":"post","2":"type-post","3":"status-publish","4":"format-standard","5":"has-post-thumbnail","7":"category-nantes","8":"tag-actu","9":"tag-actualites","10":"tag-chu-de-nantes","11":"tag-eu","12":"tag-europe","13":"tag-fr","14":"tag-france","15":"tag-nantes","16":"tag-news","17":"tag-pays-de-la-loire","18":"tag-republique-francaise","19":"tag-societe","20":"tag-solidarite"},"share_on_mastodon":{"url":"https:\/\/pubeurope.com\/@fr\/115549247368330959","error":""},"_links":{"self":[{"href":"https:\/\/www.europesays.com\/fr\/wp-json\/wp\/v2\/posts\/534134","targetHints":{"allow":["GET"]}}],"collection":[{"href":"https:\/\/www.europesays.com\/fr\/wp-json\/wp\/v2\/posts"}],"about":[{"href":"https:\/\/www.europesays.com\/fr\/wp-json\/wp\/v2\/types\/post"}],"author":[{"embeddable":true,"href":"https:\/\/www.europesays.com\/fr\/wp-json\/wp\/v2\/users\/2"}],"replies":[{"embeddable":true,"href":"https:\/\/www.europesays.com\/fr\/wp-json\/wp\/v2\/comments?post=534134"}],"version-history":[{"count":0,"href":"https:\/\/www.europesays.com\/fr\/wp-json\/wp\/v2\/posts\/534134\/revisions"}],"wp:featuredmedia":[{"embeddable":true,"href":"https:\/\/www.europesays.com\/fr\/wp-json\/wp\/v2\/media\/534135"}],"wp:attachment":[{"href":"https:\/\/www.europesays.com\/fr\/wp-json\/wp\/v2\/media?parent=534134"}],"wp:term":[{"taxonomy":"category","embeddable":true,"href":"https:\/\/www.europesays.com\/fr\/wp-json\/wp\/v2\/categories?post=534134"},{"taxonomy":"post_tag","embeddable":true,"href":"https:\/\/www.europesays.com\/fr\/wp-json\/wp\/v2\/tags?post=534134"}],"curies":[{"name":"wp","href":"https:\/\/api.w.org\/{rel}","templated":true}]}}