{"id":534144,"date":"2025-11-14T17:36:13","date_gmt":"2025-11-14T17:36:13","guid":{"rendered":"https:\/\/www.europesays.com\/fr\/534144\/"},"modified":"2025-11-14T17:36:13","modified_gmt":"2025-11-14T17:36:13","slug":"plusieurs-postes-a-pourvoir-a-lille-et-dans-le-nord-lors-de-la-semaine-de-lindustrie","status":"publish","type":"post","link":"https:\/\/www.europesays.com\/fr\/534144\/","title":{"rendered":"plusieurs postes \u00e0 pourvoir \u00e0 Lille et dans le Nord lors de la semaine de l&rsquo;industrie"},"content":{"rendered":"<p>                    Par<br \/>\n        <strong><br \/>\n            <a href=\"https:\/\/actu.fr\/auteur\/raphael-mahlmann\" title=\"Consulter tous les articles de Rapha\u00ebl Mahlmann\" target=\"_blank\" rel=\"noopener\">Rapha\u00ebl Mahlmann<\/a><br \/>\n                    <\/strong><\/p>\n<p>        Publi\u00e9 le<\/p>\n<p>            14 nov. 2025 \u00e0 17h34        <\/p>\n<p>\u00c0 vos CV !\u00a0 \u00c0 l\u2019occasion de la semaine de l\u2019<a href=\"https:\/\/actu.fr\/hauts-de-france\/saint-saulve_59544\/pres-de-valenciennes-un-gigantesque-projet-dusine-sur-une-friche-va-creer-des-centaines-demplois_62591708.html\" target=\"_blank\" rel=\"noopener\">industrie<\/a>, l\u2019<b>agence de recrutement Alliance Emploi<\/b> organise <b>deux job datings<\/b> dans le <a href=\"https:\/\/actu.fr\/hauts-de-france\/nord_59\" target=\"_blank\" rel=\"noopener\">Nord<\/a>, \u00e0 <a href=\"https:\/\/actu.fr\/hauts-de-france\/lille_59350\" target=\"_blank\" rel=\"noopener\">Lille<\/a> et pr\u00e8s de <a href=\"https:\/\/actu.fr\/hauts-de-france\/valenciennes_59606\" target=\"_blank\" rel=\"noopener\">Valenciennes<\/a>. On vous en dit plus.\u00a0<\/p>\n<p>Un job dating \u00e0 Lille et pr\u00e8s de Valenciennes\u00a0<\/p>\n<p class=\" wall-content\">Le premier job dating aura lieu le<b> lundi 17 novembre (l\u2019apr\u00e8s-midi) au 59 rue de Tr\u00e9vise, \u00e0 Lille, au sein du laboratoire biopharmaceutique LFB<\/b>. Au programme, pr\u00e9sentation de LFB et d\u2019Alliance Emploi et atelier de sensibilisation aux r\u00e8gles d\u2019hygi\u00e8ne.<\/p>\n<p class=\" wall-content\">Un job dating aura ensuite lieu avec les recruteurs. Une pr\u00e9-inscription est n\u00e9cessaire pour y participer. Voici le lien du formulaire \u00e0 remplir : <a href=\"https:\/\/docs.google.com\/forms\/d\/e\/1FAIpQLSepkbdnl9IywLEfLiYQPpqo6wjWxDv9Oc9wDkU3fw9OiUKHIw\/viewform\" target=\"_blank\" rel=\"noopener\">https:\/\/docs.google.com\/forms<\/a><\/p>\n<p class=\" wall-content\">Le second aura lieu le <b>mardi 18 novembre (le matin), au 14 rue des Fontaines \u00e0 Saint-Saulve, chez SAP Vygon<\/b>, une entreprise sp\u00e9cialis\u00e9e dans la conception de dispositifs m\u00e9dicaux. Cet \u00e9v\u00e9nement int\u00e9grera une pr\u00e9sentation des deux acteurs, une visite du site de production accompagn\u00e9e d\u2019une d\u00e9monstration, puis des entretiens individuels.\u00a0<\/p>\n<p class=\" wall-content\">Les candidats doivent \u00e9galement remplir un formulaire de pr\u00e9-inscription : <a href=\"https:\/\/docs.google.com\/forms\/d\/e\/1FAIpQLSdecWdhWpA6Yi6-mYcFdIsu483iS-SPXsr6PObCxtNDRRZ8LA\/viewform?fbclid=IwY2xjawOBUwJleHRuA2FlbQIxMABicmlkETBRc2NENWtaZVFkeWNFWFYzc3J0YwZhcHBfaWQQMjIyMDM5MTc4ODIwMDg5MgABHnnaK4fRg0jYf1BBt5gcUMV53b7a5Dl7rxMuqs5pGsPFv4ayZBe098AdkQ_v_aem_UkHzvOfCdUSTMGX2PgrojQ\" target=\"_blank\" rel=\"noopener\">https:\/\/docs.google.com\/forms<\/a><\/p>\n<p class=\" wall-content\">Personnalisez votre actualit\u00e9 en ajoutant vos villes et m\u00e9dias en favori avec <a href=\"https:\/\/moncompte.actu.fr\" title=\"D\u00e9couvez Mon Actu\" rel=\"nofollow noopener\" data-trk=\"{&quot;cta&quot;:{&quot;action&quot;:&quot;https:\\\/\\\/moncompte.actu.fr&quot;,&quot;category&quot;:&quot;mon compte&quot;,&quot;from&quot;:&quot;article footer&quot;,&quot;name&quot;:&quot;Mon actu&quot;,&quot;type&quot;:&quot;cta&quot;}}\" target=\"_blank\">Mon Actu<\/a>.<\/p>\n","protected":false},"excerpt":{"rendered":"Par Rapha\u00ebl Mahlmann Publi\u00e9 le 14 nov. 2025 \u00e0 17h34 \u00c0 vos CV !\u00a0 \u00c0 l\u2019occasion de la&hellip;\n","protected":false},"author":2,"featured_media":534145,"comment_status":"","ping_status":"","sticky":false,"template":"","format":"standard","meta":{"footnotes":""},"categories":[2815],"tags":[1111,11,341,1777,674,1011,27,811,1307,12,25,104],"class_list":{"0":"post-534144","1":"post","2":"type-post","3":"status-publish","4":"format-standard","5":"has-post-thumbnail","7":"category-lille","8":"tag-actu","9":"tag-actualites","10":"tag-emploi","11":"tag-eu","12":"tag-europe","13":"tag-fr","14":"tag-france","15":"tag-hauts-de-france","16":"tag-lille","17":"tag-news","18":"tag-republique-francaise","19":"tag-societe"},"share_on_mastodon":{"url":"https:\/\/pubeurope.com\/@fr\/115549266576696243","error":""},"_links":{"self":[{"href":"https:\/\/www.europesays.com\/fr\/wp-json\/wp\/v2\/posts\/534144","targetHints":{"allow":["GET"]}}],"collection":[{"href":"https:\/\/www.europesays.com\/fr\/wp-json\/wp\/v2\/posts"}],"about":[{"href":"https:\/\/www.europesays.com\/fr\/wp-json\/wp\/v2\/types\/post"}],"author":[{"embeddable":true,"href":"https:\/\/www.europesays.com\/fr\/wp-json\/wp\/v2\/users\/2"}],"replies":[{"embeddable":true,"href":"https:\/\/www.europesays.com\/fr\/wp-json\/wp\/v2\/comments?post=534144"}],"version-history":[{"count":0,"href":"https:\/\/www.europesays.com\/fr\/wp-json\/wp\/v2\/posts\/534144\/revisions"}],"wp:featuredmedia":[{"embeddable":true,"href":"https:\/\/www.europesays.com\/fr\/wp-json\/wp\/v2\/media\/534145"}],"wp:attachment":[{"href":"https:\/\/www.europesays.com\/fr\/wp-json\/wp\/v2\/media?parent=534144"}],"wp:term":[{"taxonomy":"category","embeddable":true,"href":"https:\/\/www.europesays.com\/fr\/wp-json\/wp\/v2\/categories?post=534144"},{"taxonomy":"post_tag","embeddable":true,"href":"https:\/\/www.europesays.com\/fr\/wp-json\/wp\/v2\/tags?post=534144"}],"curies":[{"name":"wp","href":"https:\/\/api.w.org\/{rel}","templated":true}]}}