{"id":534146,"date":"2025-11-14T17:37:14","date_gmt":"2025-11-14T17:37:14","guid":{"rendered":"https:\/\/www.europesays.com\/fr\/534146\/"},"modified":"2025-11-14T17:37:14","modified_gmt":"2025-11-14T17:37:14","slug":"lille-sista-le-nouveau-bar-jazzy-et-retro-de-wazemmes-ou-se-poser-au-calme","status":"publish","type":"post","link":"https:\/\/www.europesays.com\/fr\/534146\/","title":{"rendered":"Lille. Sista, le nouveau bar jazzy et r\u00e9tro de Wazemmes o\u00f9 se poser au calme"},"content":{"rendered":"<p>                    Par<br \/>\n        <strong><br \/>\n            <a href=\"https:\/\/actu.fr\/auteur\/amandine-vachez\" title=\"Consulter tous les articles de Amandine Vachez\" target=\"_blank\" rel=\"noopener\">Amandine Vachez<\/a><br \/>\n                    <\/strong><\/p>\n<p>        Publi\u00e9 le<\/p>\n<p>            14 nov. 2025 \u00e0 18h28        <\/p>\n<p>Jazz, swing, ambiance smooth et\u2026 vintage\u2009! Voil\u00e0 en quelques mots ce qui vous attend en poussant la porte de<b> Sista<\/b>, au <b>78, rue des Postes<\/b> \u00e0 <a href=\"https:\/\/actu.fr\/lille\/\" target=\"_blank\" rel=\"noopener\">Lille<\/a> (Nord). Ce nouveau <b>bar de Wazemmes <\/b>vous plonge dans une ambiance singuli\u00e8re. On y va pour <b>se poser et profiter d\u2019une musique jazzy<\/b>. Un moment suspendu, dans un lieu baign\u00e9 de lumi\u00e8re le jour et passant \u00e0 l\u2019ambiance tamis\u00e9e le soir.<\/p>\n<p>(Re) plonger les gens dans les ann\u00e9es 1970<\/p>\n<p class=\" wall-content\">Un saut en arri\u00e8re vous attend dans ce nouveau bar de Wazemmes, situ\u00e9 au rez-de-chauss\u00e9e d\u2019une r\u00e9sidence LMH<b>. Vinyles suspendus \u00e0 la vitrine, fauteuils cosy et color\u00e9s, coussins aux motifs 70\u2019s\u2026<\/b> Fethi, cr\u00e9ateur de ce lieu, a pris soin d\u2019am\u00e9nager l\u2019endroit \u00e0 son go\u00fbt. \u00ab\u2009Beaucoup de choses viennent de chez moi. J\u2019aime les beaux objets. Les tables, les tableaux, les chaises\u2026 Ce sont des choses que j\u2019avais \u00e0 la maison.\u2009\u00bb Il a compl\u00e9t\u00e9 par<b> des objets chin\u00e9s, et un lot de tabourets et banquettes assortis<\/b>, dans le m\u00eame esprit. Quelques curiosit\u00e9s, comme un s\u00e8che-cheveux ou un v\u00e9lo vintage compl\u00e8tent la d\u00e9co.<\/p>\n<blockquote class=\"ac-article-quote wall-content\">\n<p>C\u2019est comme un petit mus\u00e9e des ann\u00e9es 60-70. \u00c7a permet aux gens de se replonger dans l\u2019ambiance, et aux plus jeunes de d\u00e9couvrir des choses qu\u2019ils n\u2019ont jamais vues.<\/p>\n<p>Fethi, g\u00e9rant de Sista.<\/p><\/blockquote>\n<p class=\" wall-content\">Fethi a voulu cr\u00e9er \u00ab\u2009un endroit calme et pos\u00e9, o\u00f9 on se sent comme \u00e0 la maison.\u2009\u00bb<\/p>\n<p>Chercher des astuces pour cr\u00e9er un endroit convivial<\/p>\n<p class=\" wall-content\">Fethi n\u2019en est pas \u00e0 son coup d\u2019essai, avec l\u2019ouverture de cet \u00e9tablissement. Il est l\u2019instigateur du concept original <b>Boulangerie Bar<\/b> (2012), a ouvert <b>Le<\/b> <b>M\u00e9tronome<\/b> (2015), avant de reprendre <b>La R\u00e9serve<\/b> en 2019, et d\u2019imaginer une nouvelle version de <b>Chez Paulette<\/b>, en 2018. \u00ab\u2009J\u2019aime partir de b\u00e2tisses d\u00e9saffect\u00e9es, de lieux abandonn\u00e9s, pour cr\u00e9er quelque chose\u2009de nouveau\u2009\u00bb, relate l\u2019entrepreneur, as de la d\u00e9brouille. \u00ab\u2009Quand on n\u2019a pas beaucoup d\u2019oseille, on cherche des id\u00e9es pour faire un endroit chouette avec les moyens du bord\u2009\u00bb, sourit-il. Et pour Sista, le pari est r\u00e9ussi, puisque des clients se laissent volontiers emporter par l\u2019ambiance. \u00ab\u2009Ce matin, deux personnes sont venues pour prendre un caf\u00e9. Finalement, elles sont rest\u00e9es un bon deux heures et ont pris des cocktails\u2009\u00bb, s\u2019amuse Bulle, qui g\u00e8re le bar en journ\u00e9e.<\/p>\n<p class=\" wall-content\"><a href=\"https:\/\/www.instagram.com\/p\/DQ4bQCsjcLV\/embed\" title=\"Ouvrir le lien sur Instagram\" target=\"_blank\" rel=\"noopener\">Visualiser le contenu sur Instagram<\/a><\/p>\n<p>Amiti\u00e9 et \u00ab\u2009sororit\u00e9 \u00e0 l\u2019\u00e8re du \u2018fr\u00e8re\u2019\u00bb<\/p>\n<p class=\" wall-content\"><b>Fethi s\u2019est lanc\u00e9 dans cette nouvelle aventure avec deux amis\u2009: Ludo et Bulle.<\/b> Ludo, qui a quitt\u00e9 sa bo\u00eete il y a quelques mois, s\u2019est volontiers laiss\u00e9 convaincre. Il s\u2019occupe de toute la logistique et donne un coup de main le soir. \u00ab\u2009On se conna\u00eet depuis quoi, 33\u00a0ans\u2009\u00bb, relate-t-il, entre deux taquineries envers son ami. Entre les trois, les plaisanteries vont bon train, et surtout, <b>le sourire et la bonne humeur<\/b>\u2009!<\/p>\n<p class=\" wall-content\">Ouvrir ce caf\u00e9 a particuli\u00e8rement de sens pour Fethi, qui a souhait\u00e9 l\u2019appeler \u00ab\u2009Sista\u2009\u00bb. Il nous explique pourquoi\u2009: \u00ab\u2009C\u2019est un hommage \u00e0 ma meilleure amie, que j\u2019appelle Sista\u2019. Et puis, on vit l\u2019\u00e8re du \u2018fr\u00e8re\u2019, on l\u2019entend partout. Les jeunes donnent du \u2018fr\u00e8re\u2019 en permanence. Un peu de sororit\u00e9, \u00e7a ne fait pas de mal\u2009!\u2009\u00bb<\/p>\n<p>Votre r\u00e9gion, votre actu !<\/p>\n<p>Recevez chaque jour les infos qui comptent pour vous.<\/p>\n<p>\t<a href=\"https:\/\/actu.fr\/newsletter\" class=\"ac-btn ac-btn--corner ac-btn--medium ac-btn--blue800\" target=\"_blank\" rel=\"noopener\">S&rsquo;incrire<\/a><\/p>\n<p>    <img   decoding=\"async\" loading=\"lazy\" class=\"size-large\" src=\"https:\/\/www.europesays.com\/fr\/wp-content\/uploads\/2025\/11\/95fd05a6f619699fd05a6f6197dfd0v-960x640.jpg\" alt=\"Ludo, Bulle et Fethi vous accueillent au comptoir de Sista, rue des Postes \u00e0 Lille (Nord) ! Les amis de longue date se lancent dans cette aventure ensemble.\" width=\"960\" height=\"640\"\/><br \/>\n    Ludo, Bulle et Fethi vous accueillent au comptoir de Sista, rue des Postes \u00e0 Lille (Nord)\u2009! Les amis de longue date se lancent dans cette aventure ensemble. \u00a9Amandine VachezDes partenaires de choix<\/p>\n<p class=\" wall-content\">Chez Sista, vous pouvez <b>prendre un caf\u00e9, un th\u00e9, ou une boisson classique <\/b>qu\u2019on trouve dans les bars (bien s\u00fbr de la bi\u00e8re \u00e0 la pression, pas d\u2019inqui\u00e9tude). Vous trouvez aussi de bonnes choses \u00e0 manger. Le matin des <b>viennoiseries <\/b>de chez Au P\u2019Tit Louis, avec qui l\u2019\u00e9tablissement travaille \u00e9troitement. Le midi et pour l\u2019ap\u00e9ritif des produits de chez Carlier, comme<b> la burrata ou le fuet.<\/b> Il y a aussi des <b>cookies<\/b> maison et, pour le matin, de la baguette avec du beurre et de la confiture, du muesli, des \u0153ufs brouill\u00e9s et\u2026 du jus de fruits press\u00e9s\u2009!<\/p>\n<p class=\" wall-content\"><a href=\"https:\/\/www.instagram.com\/p\/DQenZlcDXJq\/embed\" title=\"Ouvrir le lien sur Instagram\" target=\"_blank\" rel=\"noopener\">Visualiser le contenu sur Instagram<\/a><\/p>\n<p class=\" wall-content\">Bient\u00f4t, l\u2019offre va s\u2019\u00e9toffer, mais pour l\u2019heure l\u2019\u00e9quipe trouve ses marques. \u00ab\u2009Il y aura une offre de petite restauration pour le midi. Des choses simples, mais bonnes. On a fait ce qu\u2019on aimerait trouver, nous\u2009\u00bb, explique Fethi.<\/p>\n<p class=\" wall-content\">Le lieu est id\u00e9al pour travailler la journ\u00e9e\u2009: certains clients ont d\u00e9j\u00e0 leurs habitudes. Il est aussi assez spacieux pour accueillir des r\u00e9unions. \u00ab\u2009Une association est venue faire des ateliers, sur une matin\u00e9e\u2009\u00bb, illustre Fethi.<\/p>\n<p>    <img   decoding=\"async\" loading=\"lazy\" class=\"size-large\" src=\"https:\/\/www.europesays.com\/fr\/wp-content\/uploads\/2025\/11\/e12815a6f6196e52815a6f619c9281v-960x640.jpg\" alt=\"La configuration de l'\u00e9tablissement, tout en rondeur, offre un bel espace, baign\u00e9 de lumi\u00e8re le jour et dans une ambiance tamis\u00e9e en fin de journ\u00e9e.\" width=\"960\" height=\"640\"\/><br \/>\n    La configuration de l\u2019\u00e9tablissement, tout en rondeur, offre un bel espace, baign\u00e9 de lumi\u00e8re le jour et dans une ambiance tamis\u00e9e en fin de journ\u00e9e. \u00a9Amandine VachezDes concerts et des expositions \u00e0 venir<\/p>\n<p class=\" wall-content\">C\u00f4t\u00e9 animations, le lieu est vou\u00e9 \u00e0 accueillir des<b> expositions<\/b>, et des<b> concerts jazz et swing<\/b>, principalement. Mais attention, il ne s\u2019agit pas de faire des soir\u00e9es tr\u00e8s anim\u00e9es. \u00ab\u2009Ce qu\u2019il faut garder en t\u00eate, c\u2019est que nous arrivons dans un quartier. On n\u2019arrive pas comme \u00e7a, avec ce qu\u2019on fait, <b>on s\u2019adapte aux gens<\/b>\u2009\u00bb, assure Fethi. D\u2019autant que le bar est au rez-de-chauss\u00e9e d\u2019une r\u00e9sidence.<\/p>\n<p class=\" wall-content\">Il est fier d\u2019avoir pu ouvrir Sista au c\u0153ur du quartier de Wazemmes, qui a su, au gr\u00e9 des derni\u00e8res d\u00e9cennies, garder son c\u00f4t\u00e9 populaire. Et surtout convivial\u2009! D\u2019ailleurs, dans cet esprit, des<b> jeux de soci\u00e9t\u00e9<\/b> (dans leurs anciennes \u00e9ditions, \u00e9videmment) sont \u00e0 disposition de la client\u00e8le. Bulle va disposer <b>des livres<\/b>, dans l\u2019id\u00e9e que les gens s\u2019en emparent et en laissent d\u2019autres. \u00ab\u2009On va aussi faire de l<b>\u2019\u00e9change de boutures de plantes<\/b>\u2009\u00bb, annonce-t-elle. Assur\u00e9ment des propositions qui trouveront des adeptes.<\/p>\n<p class=\" wall-content\">Pour pr\u00e9cision, Sista est<b> ouvert du mardi au samedi, de 9\u2009h \u00e0 22\u2009h\u200930.<\/b><\/p>\n<p>En savoir plus\u2009: <a href=\"https:\/\/www.instagram.com\/bar.sista.lille\/\" target=\"_blank\" rel=\"noopener\">page Instagram de Sista<\/a>.<\/p>\n<p class=\" wall-content\">Personnalisez votre actualit\u00e9 en ajoutant vos villes et m\u00e9dias en favori avec <a href=\"https:\/\/moncompte.actu.fr\" title=\"D\u00e9couvez Mon Actu\" rel=\"nofollow noopener\" data-trk=\"{&quot;cta&quot;:{&quot;action&quot;:&quot;https:\\\/\\\/moncompte.actu.fr&quot;,&quot;category&quot;:&quot;mon compte&quot;,&quot;from&quot;:&quot;article footer&quot;,&quot;name&quot;:&quot;Mon actu&quot;,&quot;type&quot;:&quot;cta&quot;}}\" target=\"_blank\">Mon Actu<\/a>.<\/p>\n<p>                    <script async src=\"\/\/www.instagram.com\/embed.js\"><\/script><\/p>\n","protected":false},"excerpt":{"rendered":"Par Amandine Vachez Publi\u00e9 le 14 nov. 2025 \u00e0 18h28 Jazz, swing, ambiance smooth et\u2026 vintage\u2009! Voil\u00e0 en&hellip;\n","protected":false},"author":2,"featured_media":534147,"comment_status":"","ping_status":"","sticky":false,"template":"","format":"standard","meta":{"footnotes":""},"categories":[2815],"tags":[1111,11,215,33,1777,674,1011,27,811,1307,12,3147,25],"class_list":{"0":"post-534146","1":"post","2":"type-post","3":"status-publish","4":"format-standard","5":"has-post-thumbnail","7":"category-lille","8":"tag-actu","9":"tag-actualites","10":"tag-commerce","11":"tag-economie","12":"tag-eu","13":"tag-europe","14":"tag-fr","15":"tag-france","16":"tag-hauts-de-france","17":"tag-lille","18":"tag-news","19":"tag-nouveaux-commerces","20":"tag-republique-francaise"},"share_on_mastodon":{"url":"https:\/\/pubeurope.com\/@fr\/115549271454841694","error":""},"_links":{"self":[{"href":"https:\/\/www.europesays.com\/fr\/wp-json\/wp\/v2\/posts\/534146","targetHints":{"allow":["GET"]}}],"collection":[{"href":"https:\/\/www.europesays.com\/fr\/wp-json\/wp\/v2\/posts"}],"about":[{"href":"https:\/\/www.europesays.com\/fr\/wp-json\/wp\/v2\/types\/post"}],"author":[{"embeddable":true,"href":"https:\/\/www.europesays.com\/fr\/wp-json\/wp\/v2\/users\/2"}],"replies":[{"embeddable":true,"href":"https:\/\/www.europesays.com\/fr\/wp-json\/wp\/v2\/comments?post=534146"}],"version-history":[{"count":0,"href":"https:\/\/www.europesays.com\/fr\/wp-json\/wp\/v2\/posts\/534146\/revisions"}],"wp:featuredmedia":[{"embeddable":true,"href":"https:\/\/www.europesays.com\/fr\/wp-json\/wp\/v2\/media\/534147"}],"wp:attachment":[{"href":"https:\/\/www.europesays.com\/fr\/wp-json\/wp\/v2\/media?parent=534146"}],"wp:term":[{"taxonomy":"category","embeddable":true,"href":"https:\/\/www.europesays.com\/fr\/wp-json\/wp\/v2\/categories?post=534146"},{"taxonomy":"post_tag","embeddable":true,"href":"https:\/\/www.europesays.com\/fr\/wp-json\/wp\/v2\/tags?post=534146"}],"curies":[{"name":"wp","href":"https:\/\/api.w.org\/{rel}","templated":true}]}}