{"id":534156,"date":"2025-11-14T17:43:14","date_gmt":"2025-11-14T17:43:14","guid":{"rendered":"https:\/\/www.europesays.com\/fr\/534156\/"},"modified":"2025-11-14T17:43:14","modified_gmt":"2025-11-14T17:43:14","slug":"valerie-pecresse-anticipe-plus-de-7-milliards-de-dettes-la-formation-sacrifiee","status":"publish","type":"post","link":"https:\/\/www.europesays.com\/fr\/534156\/","title":{"rendered":"Val\u00e9rie P\u00e9cresse anticipe plus de 7\u00a0milliards de dettes, la formation sacrifi\u00e9e"},"content":{"rendered":"\n<p>Val\u00e9rie P\u00e9cresse a eu le m\u00e9rite d\u2019annoncer la couleur. Jeudi 6\u00a0novembre sur BFMTV, la pr\u00e9sidente de la r\u00e9gion \u00cele-de-France a d\u00e9clar\u00e9 \u00ab\u00a0ne plus avoir assez d\u2019argent\u00a0\u00bb pour tenir ses engagements aupr\u00e8s des Franciliens. Et la candidate \u00e0 la pr\u00e9sidentielle de 2022 de rejeter la faute sur S\u00e9bastien Lecornu, all\u00e9guant que la \u00ab\u00a0trajectoire financi\u00e8re\u00a0\u00bb de la collectivit\u00e9 \u00ab\u00a0a \u00e9t\u00e9 cass\u00e9e par ce gouvernement\u00a0\u00bb. En cause\u00a0: l\u2019effort budg\u00e9taire demand\u00e9 aux r\u00e9gions l\u2019ann\u00e9e prochaine, initialement fix\u00e9 \u00e0 4,7\u00a0milliards d\u2019euros, mais dont la contribution devrait finalement \u00eatre revue \u00e0 la baisse \u00e0 l\u2019issue de l\u2019examen du projet de loi de finances, sans plus de pr\u00e9cision sur son r\u00e9el montant.<\/p>\n","protected":false},"excerpt":{"rendered":"Val\u00e9rie P\u00e9cresse a eu le m\u00e9rite d\u2019annoncer la couleur. Jeudi 6\u00a0novembre sur BFMTV, la pr\u00e9sidente de la r\u00e9gion&hellip;\n","protected":false},"author":2,"featured_media":534157,"comment_status":"","ping_status":"","sticky":false,"template":"","format":"standard","meta":{"footnotes":""},"categories":[1592],"tags":[1111,11,1777,674,1119,1011,27,662,12,626,316,25],"class_list":{"0":"post-534156","1":"post","2":"type-post","3":"status-publish","4":"format-standard","5":"has-post-thumbnail","7":"category-ile-de-france","8":"tag-actu","9":"tag-actualites","10":"tag-eu","11":"tag-europe","12":"tag-formation","13":"tag-fr","14":"tag-france","15":"tag-ile-de-france","16":"tag-news","17":"tag-paris","18":"tag-politique","19":"tag-republique-francaise"},"share_on_mastodon":{"url":"https:\/\/pubeurope.com\/@fr\/115549294105063137","error":""},"_links":{"self":[{"href":"https:\/\/www.europesays.com\/fr\/wp-json\/wp\/v2\/posts\/534156","targetHints":{"allow":["GET"]}}],"collection":[{"href":"https:\/\/www.europesays.com\/fr\/wp-json\/wp\/v2\/posts"}],"about":[{"href":"https:\/\/www.europesays.com\/fr\/wp-json\/wp\/v2\/types\/post"}],"author":[{"embeddable":true,"href":"https:\/\/www.europesays.com\/fr\/wp-json\/wp\/v2\/users\/2"}],"replies":[{"embeddable":true,"href":"https:\/\/www.europesays.com\/fr\/wp-json\/wp\/v2\/comments?post=534156"}],"version-history":[{"count":0,"href":"https:\/\/www.europesays.com\/fr\/wp-json\/wp\/v2\/posts\/534156\/revisions"}],"wp:featuredmedia":[{"embeddable":true,"href":"https:\/\/www.europesays.com\/fr\/wp-json\/wp\/v2\/media\/534157"}],"wp:attachment":[{"href":"https:\/\/www.europesays.com\/fr\/wp-json\/wp\/v2\/media?parent=534156"}],"wp:term":[{"taxonomy":"category","embeddable":true,"href":"https:\/\/www.europesays.com\/fr\/wp-json\/wp\/v2\/categories?post=534156"},{"taxonomy":"post_tag","embeddable":true,"href":"https:\/\/www.europesays.com\/fr\/wp-json\/wp\/v2\/tags?post=534156"}],"curies":[{"name":"wp","href":"https:\/\/api.w.org\/{rel}","templated":true}]}}