{"id":534158,"date":"2025-11-14T17:44:15","date_gmt":"2025-11-14T17:44:15","guid":{"rendered":"https:\/\/www.europesays.com\/fr\/534158\/"},"modified":"2025-11-14T17:44:15","modified_gmt":"2025-11-14T17:44:15","slug":"en-direct-homme-arme-dun-couteau-neutralise-a-la-gare-montparnasse-2-enquetes-ouvertes","status":"publish","type":"post","link":"https:\/\/www.europesays.com\/fr\/534158\/","title":{"rendered":"EN DIRECT &#8211; Homme arm\u00e9 d&rsquo;un couteau neutralis\u00e9 \u00e0 la gare Montparnasse : 2 enqu\u00eates ouvertes"},"content":{"rendered":"<p>Le parquet de Paris, qui fait \u00e9tat de \u00ab\u00a0coups de feu \u00e0 la gare Montparnasse vers 14h30\u00a0\u00bb, a donn\u00e9 davantage d&rsquo;\u00e9l\u00e9ments dans sa derni\u00e8re communication.\u00a0<\/p>\n<p>Un homme n\u00e9 en mai 1981, en provenance de Rennes, \u00e9tait attendu \u00e0 la gare par des policiers, dans le cadre d&rsquo;une enqu\u00eate pour violences conjugales diligent\u00e9e par le commissariat du Kremlin-Bic\u00eatre.\u00a0<\/p>\n<p>L&rsquo;individu de 44 ans a exhib\u00e9 un couteau \u00e0 son arriv\u00e9e en gare et a \u00e9t\u00e9 touch\u00e9 \u00e0 la jambe par le tir d&rsquo;un policier de la brigade des r\u00e9seaux ferr\u00e9s. Il \u00ab\u00a0s&rsquo;est ensuite ass\u00e9n\u00e9 des coups de couteau \u00e0 la gorge\u00a0\u00bb et a \u00e9t\u00e9 pris en charge rapidement par les secours.<\/p>\n<p>Un passant, n\u00e9 en f\u00e9vrier 1972, a \u00e9t\u00e9 \u00ab\u00a0touch\u00e9 au pied par un coup de feu\u00a0\u00bb et a \u00e9galement \u00e9t\u00e9 pris en charge par les secours.<\/p>\n","protected":false},"excerpt":{"rendered":"Le parquet de Paris, qui fait \u00e9tat de \u00ab\u00a0coups de feu \u00e0 la gare Montparnasse vers 14h30\u00a0\u00bb, a&hellip;\n","protected":false},"author":2,"featured_media":534159,"comment_status":"","ping_status":"","sticky":false,"template":"","format":"standard","meta":{"footnotes":""},"categories":[1888],"tags":[1111,1928,11,1927,1921,1777,674,1011,27,8037,1922,2954,12,1926,626,65384,1925,1072,25,133,2953],"class_list":{"0":"post-534158","1":"post","2":"type-post","3":"status-publish","4":"format-standard","5":"has-post-thumbnail","7":"category-paris","8":"tag-actu","9":"tag-actu-paris","10":"tag-actualites","11":"tag-actualites-paris","12":"tag-article-video","13":"tag-eu","14":"tag-europe","15":"tag-fr","16":"tag-france","17":"tag-gare-montparnasse","18":"tag-info","19":"tag-justice-et-faits-divers","20":"tag-news","21":"tag-news-paris","22":"tag-paris","23":"tag-paris-un-homme-arme-dun-couteau-neutralise-par-la-police-a-la-gare-montparnasse","24":"tag-paris-news","25":"tag-police","26":"tag-republique-francaise","27":"tag-video","28":"tag-video-police"},"share_on_mastodon":{"url":"https:\/\/pubeurope.com\/@fr\/115549298027751960","error":""},"_links":{"self":[{"href":"https:\/\/www.europesays.com\/fr\/wp-json\/wp\/v2\/posts\/534158","targetHints":{"allow":["GET"]}}],"collection":[{"href":"https:\/\/www.europesays.com\/fr\/wp-json\/wp\/v2\/posts"}],"about":[{"href":"https:\/\/www.europesays.com\/fr\/wp-json\/wp\/v2\/types\/post"}],"author":[{"embeddable":true,"href":"https:\/\/www.europesays.com\/fr\/wp-json\/wp\/v2\/users\/2"}],"replies":[{"embeddable":true,"href":"https:\/\/www.europesays.com\/fr\/wp-json\/wp\/v2\/comments?post=534158"}],"version-history":[{"count":0,"href":"https:\/\/www.europesays.com\/fr\/wp-json\/wp\/v2\/posts\/534158\/revisions"}],"wp:featuredmedia":[{"embeddable":true,"href":"https:\/\/www.europesays.com\/fr\/wp-json\/wp\/v2\/media\/534159"}],"wp:attachment":[{"href":"https:\/\/www.europesays.com\/fr\/wp-json\/wp\/v2\/media?parent=534158"}],"wp:term":[{"taxonomy":"category","embeddable":true,"href":"https:\/\/www.europesays.com\/fr\/wp-json\/wp\/v2\/categories?post=534158"},{"taxonomy":"post_tag","embeddable":true,"href":"https:\/\/www.europesays.com\/fr\/wp-json\/wp\/v2\/tags?post=534158"}],"curies":[{"name":"wp","href":"https:\/\/api.w.org\/{rel}","templated":true}]}}