{"id":534164,"date":"2025-11-14T17:47:16","date_gmt":"2025-11-14T17:47:16","guid":{"rendered":"https:\/\/www.europesays.com\/fr\/534164\/"},"modified":"2025-11-14T17:47:16","modified_gmt":"2025-11-14T17:47:16","slug":"avec-ses-pousseurs-il-devalisait-les-habitants-du-13e-arrondissement","status":"publish","type":"post","link":"https:\/\/www.europesays.com\/fr\/534164\/","title":{"rendered":"avec ses \u00ab\u00a0pousseurs\u00a0\u00bb, il d\u00e9valisait les habitants du 13e arrondissement"},"content":{"rendered":"<p>                    Par<br \/>\n        <strong><br \/>\n            <a href=\"https:\/\/actu.fr\/auteur\/antoine-blanchet\" title=\"Consulter tous les articles de Antoine Blanchet\" target=\"_blank\" rel=\"noopener\">Antoine Blanchet<\/a><br \/>\n                    <\/strong><\/p>\n<p>        Publi\u00e9 le<\/p>\n<p>            14 nov. 2025 \u00e0 18h32        <\/p>\n<p>Des v\u00e9hicules convoit\u00e9s et toute une liste de victimes l\u00e9s\u00e9es. Ce jeudi 13 novembre 2025, les juges de la 23\u1d49 chambre du <a href=\"https:\/\/actu.fr\/paris\/\" target=\"_blank\" rel=\"noopener\">tribunal correctionnel de Paris<\/a> ont mis les mains dans le cambouis. Au r\u00f4le, une <strong>vaste affaire de <a href=\"https:\/\/actu.fr\/tag\/moto\" target=\"_blank\" rel=\"noopener\">vols de motos<\/a><\/strong> dans la r\u00e9gion parisienne. Sur la liste des pr\u00e9venus, trois hommes. Parmi eux, l\u2019\u00e9l\u00e9ment moteur pr\u00e9sum\u00e9 de ces cambriolages massifs. Il \u00e9tait absent lors de l\u2019audience.\u00a0<\/p>\n<p>De la drogue aux larcins<\/p>\n<p class=\" wall-content\">L\u2019affaire commence par une interpellation en 2024. Demba D. est plac\u00e9 en garde \u00e0 vue \u00e0 <a href=\"https:\/\/actu.fr\/ile-de-france\/rambouillet_78517\" target=\"_blank\" rel=\"noopener\">Rambouillet<\/a>. Le gaillard de 38 ans multicondamn\u00e9 aurait tremp\u00e9 <strong>dans une affaire de trafic de stup\u00e9fiants<\/strong>. Sur lui, les policiers vont d\u00e9couvrir autre chose que de l\u2019herbe verte et de la <a href=\"https:\/\/actu.fr\/tag\/cocaine\" target=\"_blank\" rel=\"noopener\">poudre blanche<\/a>. Des cl\u00e9s. Beaucoup de cl\u00e9s.\u00a0<\/p>\n<p class=\" wall-content\">Tr\u00e8s vite, les enqu\u00eateurs se rendent compte que l\u2019individu n\u2019est pas le rempla\u00e7ant de Passe-Partout dans Fort Boyard. Les objets trouv\u00e9s proviennent pour la plupart de motos. Les agents creusent et d\u00e9couvrent que plusieurs de ces v\u00e9hicules ont \u00e9t\u00e9 d\u00e9clar\u00e9s vol\u00e9s. Dans le 13e arrondissement pour la plupart. C\u2019est le d\u00e9but d\u2019une nouvelle proc\u00e9dure pour<strong> vol de v\u00e9hicules<\/strong> men\u00e9e par les policiers de la capitale. En parall\u00e8le, une instruction est en cours pour des faits de trafic de drogue.\u00a0<\/p>\n<p>\u00ab\u00a0Les gens sont outr\u00e9s \u00e0 la vitesse o\u00f9 je les ramasse\u00a0\u00bb<\/p>\n<p class=\" wall-content\">Les mois passent et les forces de l\u2019ordre d\u00e9m\u00ealent peu \u00e0 peu une v\u00e9ritable industrie du larcin motoris\u00e9. Aid\u00e9 de complices, Demba D. vide des garages dans le 13e et en proche banlieue. Plac\u00e9 sur \u00e9coute, ses conversations t\u00e9l\u00e9phoniques sont \u00e9loquentes. Il cherche des \u00ab\u00a0pousseurs\u00a0\u00bb. Le terme est peu clair, mais le pr\u00e9sident du tribunal a sa petite id\u00e9e : \u00ab\u00a0Beaucoup de mod\u00e8les vol\u00e9s \u00e9taient des <strong>BMW GS<\/strong> tr\u00e8s lourdes. Il faut quelqu\u2019un pour pouvoir les pousser comme sur les circuits\u00a0\u00bb.\u00a0<\/p>\n<p class=\" wall-content\">Pendant plusieurs ann\u00e9es, le pr\u00e9venu s\u2019est livr\u00e9 \u00e0 cette activit\u00e9 avec une vraie fibre entrepreneuriale. En <a href=\"https:\/\/actu.fr\/la-republique-de-seine-et-marne\" target=\"_blank\" rel=\"noopener\">Seine-et-Marne<\/a>, il loue des boxs et des entrep\u00f4ts pour stocker les v\u00e9hicules vol\u00e9s. Direction l\u2019Afrique pour ces deux-roues, revendus pour environ <strong>10 000 euros.<\/strong> Au total, <strong>25 victimes<\/strong> ont \u00e9t\u00e9 recens\u00e9es pas la police. Dans ses conversations, le pr\u00e9venu se targue de refourguer les cylindr\u00e9es par paquet de 10. \u00ab\u00a0Les gens sont outr\u00e9s \u00e0 la vitesse o\u00f9 je les ramasse\u00a0\u00bb, fanfaronne-t-il au bout du fil.\u00a0<\/p>\n<p class=\" wall-content\">Ce jeudi, pas de rodomontades de la part de l\u2019int\u00e9ress\u00e9, pour la simple et bonne raison qu\u2019il n\u2019est pas pr\u00e9sent \u00e0 l\u2019audience. Incarc\u00e9r\u00e9, il avait \u00e9t\u00e9 plac\u00e9 sous contr\u00f4le judiciaire en septembre. Le proc\u00e8s, qui devait se tenir en plein mois d\u2019ao\u00fbt, avait d\u00fb \u00eatre renvoy\u00e9, <a href=\"https:\/\/actu.fr\/ile-de-france\/paris_75056\/paris-les-avocats-sont-en-conges-le-voleur-de-moto-est-remis-en-liberte-tous-les-ans-c-est-pareil_63027706.html\" target=\"_blank\" rel=\"noopener\">car les conseils des pr\u00e9venus n\u2019\u00e9taient pas l\u00e0<\/a>. De client sans avocat, on passe \u00e0 un avocat sans client.\u00a0<\/p>\n<p>Le roublard et le na\u00eff\u00a0<\/p>\n<p class=\" wall-content\">Le personnage principal absent, le tribunal s\u2019est donc davantage pench\u00e9 sur les seconds r\u00f4les pr\u00e9sum\u00e9s. L\u2019un est d\u00e9tenu, l\u2019autre compara\u00eet libre. Le premier, Pierre F. aurait \u00e9t\u00e9 identifi\u00e9 dans des conversations enregistr\u00e9es de Demba D. Ce dernier y parle d\u2019engager des pousseurs plus fiables avec un certain \u00ab\u00a0Lolo Menthe \u00e0 l\u2019eau\u00a0\u00bb, qui serait Pierre F.. Le pr\u00e9venu d\u00e9ment, le sourire en coin. \u00ab\u00a0Il m\u2019arrive de me faire appeler Lolo, mais je suis pas celui-l\u00e0\u00a0\u00bb, l\u00e2che-t-il avec d\u00e9sinvolture, accoud\u00e9 \u00e0 la barre comme sur le zinc d\u2019un bistrot de gare. Ce miroitier de 42 ans s\u2019y conna\u00eet pourtant en coups fourr\u00e9s. Naviguant entre d\u00e9linquance et toxicomanie, il a c\u00f4toy\u00e9 les pr\u00e9toires d\u2019assises et pass\u00e9 plus de temps \u00e0 l\u2019ombre qu\u2019au soleil.\u00a0<\/p>\n<p>Votre r\u00e9gion, votre actu !<\/p>\n<p>Recevez chaque jour les infos qui comptent pour vous.<\/p>\n<p>\t<a href=\"https:\/\/actu.fr\/newsletter\" class=\"ac-btn ac-btn--corner ac-btn--medium ac-btn--blue800\" target=\"_blank\" rel=\"noopener\">S&rsquo;incrire<\/a><\/p>\n<p class=\" wall-content\">Le second pr\u00e9venu, Yacouba C., se fait plus discret. Il s\u2019est fait pincer lors d\u2019une <strong>op\u00e9ration de police<\/strong> \u00e0 <a href=\"https:\/\/actu.fr\/ile-de-france\/villetaneuse_93079\" target=\"_blank\" rel=\"noopener\">Villetaneuse<\/a> en <a href=\"https:\/\/actu.fr\/ile-de-france\/seine-saint-denis_93\" target=\"_blank\" rel=\"noopener\">Seine-Saint-Denis<\/a>. Il est arr\u00eat\u00e9 en train de d\u00e9charger des v\u00e9hicules vol\u00e9s. Aux juges, il affirme avoir \u00e9t\u00e9 simplement pay\u00e9 quelques dizaines d\u2019euros pour effectuer l\u2019op\u00e9ration. \u00ab\u00a0J\u2019ai \u00e9t\u00e9 na\u00eff\u00a0\u00bb, d\u00e9clare ce colosse de 34 ans.\u00a0<\/p>\n<p>Des rep\u00e9rages via des interventions de fibre optique ?\u00a0<\/p>\n<p class=\" wall-content\">Dans la salle, le nombre de victimes pr\u00e9sentes s\u2019est r\u00e9duit \u00e0 peau de chagrin depuis la pr\u00e9c\u00e9dente audience avort\u00e9e. Quelques-uns ont tout de m\u00eame fait le d\u00e9placement pour essayer de r\u00e9pondre \u00e0 cette question : que sont devenus leurs v\u00e9hicules ? L\u2019inconnue principale de cette \u00e9quation a malheureusement pris la tangente.<\/p>\n<p class=\" wall-content\">L\u2019une des victimes, avide de v\u00e9rit\u00e9, n\u2019h\u00e9site pas \u00e0 intervenir lors de l\u2019interrogatoire. Il affirme que Demba D. et Yacouba C. <strong>travaillaient <a href=\"https:\/\/actu.fr\/tag\/fibre-optique\" target=\"_blank\" rel=\"noopener\">dans la fibre optique<\/a><\/strong>. Un poste id\u00e9al pour acc\u00e9der aux parkings et lorgner sur les b\u00e9canes durant les interventions. Les investigations, bas\u00e9es principalement sur les \u00e9coutes, n\u2019ont cependant pas permis d\u2019\u00e9tablir avec certitude ce lien. \u00ab\u00a0Il aurait fallu regarder s\u2019ils \u00e9taient intervenus chez les victimes\u00a0\u00bb, s\u2019agace la partie civile.\u00a0<\/p>\n<p class=\" wall-content\">Car pour ces victimes, il ne s\u2019agit pas que de simples larcins. \u00ab\u00a0Pour mon client, ce vol, c\u2019est un r\u00eave de gamin bris\u00e9 en une seule nuit\u00a0\u00bb, d\u00e9clare l\u2019un des avocats des parties civiles. C\u00f4t\u00e9 parquet, on est convaincu de la culpabilit\u00e9 des trois pr\u00e9venus. C\u00f4t\u00e9 tribunal, on l\u2019est moins. Pierre F., alias \u00ab\u00a0Lolo\u00a0\u00bb, est relax\u00e9. Yacouba C., initialement poursuivi pour <strong>association de malfaiteurs<\/strong>, est condamn\u00e9 pour recel \u00e0 <strong>six mois de prison avec sursis<\/strong>. Quant au cerveau pr\u00e9sum\u00e9 de cette affaire, il \u00e9cope de <strong>trois ans de prison ferme<\/strong>. Un mandat d\u2019arr\u00eat a \u00e9t\u00e9 d\u00e9cern\u00e9 \u00e0 son encontre.\u00a0<\/p>\n<p class=\" wall-content\">Personnalisez votre actualit\u00e9 en ajoutant vos villes et m\u00e9dias en favori avec <a href=\"https:\/\/moncompte.actu.fr\" title=\"D\u00e9couvez Mon Actu\" rel=\"nofollow noopener\" data-trk=\"{&quot;cta&quot;:{&quot;action&quot;:&quot;https:\\\/\\\/moncompte.actu.fr&quot;,&quot;category&quot;:&quot;mon compte&quot;,&quot;from&quot;:&quot;article footer&quot;,&quot;name&quot;:&quot;Mon actu&quot;,&quot;type&quot;:&quot;cta&quot;}}\" target=\"_blank\">Mon Actu<\/a>.<\/p>\n","protected":false},"excerpt":{"rendered":"Par Antoine Blanchet Publi\u00e9 le 14 nov. 2025 \u00e0 18h32 Des v\u00e9hicules convoit\u00e9s et toute une liste de&hellip;\n","protected":false},"author":2,"featured_media":534165,"comment_status":"","ping_status":"","sticky":false,"template":"","format":"standard","meta":{"footnotes":""},"categories":[1888],"tags":[11,1777,674,118,1011,27,303,1457,12,626,2694,25],"class_list":{"0":"post-534164","1":"post","2":"type-post","3":"status-publish","4":"format-standard","5":"has-post-thumbnail","7":"category-paris","8":"tag-actualites","9":"tag-eu","10":"tag-europe","11":"tag-faits-divers","12":"tag-fr","13":"tag-france","14":"tag-justice","15":"tag-moto","16":"tag-news","17":"tag-paris","18":"tag-proces","19":"tag-republique-francaise"},"share_on_mastodon":{"url":"https:\/\/pubeurope.com\/@fr\/115549309761479239","error":""},"_links":{"self":[{"href":"https:\/\/www.europesays.com\/fr\/wp-json\/wp\/v2\/posts\/534164","targetHints":{"allow":["GET"]}}],"collection":[{"href":"https:\/\/www.europesays.com\/fr\/wp-json\/wp\/v2\/posts"}],"about":[{"href":"https:\/\/www.europesays.com\/fr\/wp-json\/wp\/v2\/types\/post"}],"author":[{"embeddable":true,"href":"https:\/\/www.europesays.com\/fr\/wp-json\/wp\/v2\/users\/2"}],"replies":[{"embeddable":true,"href":"https:\/\/www.europesays.com\/fr\/wp-json\/wp\/v2\/comments?post=534164"}],"version-history":[{"count":0,"href":"https:\/\/www.europesays.com\/fr\/wp-json\/wp\/v2\/posts\/534164\/revisions"}],"wp:featuredmedia":[{"embeddable":true,"href":"https:\/\/www.europesays.com\/fr\/wp-json\/wp\/v2\/media\/534165"}],"wp:attachment":[{"href":"https:\/\/www.europesays.com\/fr\/wp-json\/wp\/v2\/media?parent=534164"}],"wp:term":[{"taxonomy":"category","embeddable":true,"href":"https:\/\/www.europesays.com\/fr\/wp-json\/wp\/v2\/categories?post=534164"},{"taxonomy":"post_tag","embeddable":true,"href":"https:\/\/www.europesays.com\/fr\/wp-json\/wp\/v2\/tags?post=534164"}],"curies":[{"name":"wp","href":"https:\/\/api.w.org\/{rel}","templated":true}]}}