{"id":534168,"date":"2025-11-14T17:49:19","date_gmt":"2025-11-14T17:49:19","guid":{"rendered":"https:\/\/www.europesays.com\/fr\/534168\/"},"modified":"2025-11-14T17:49:19","modified_gmt":"2025-11-14T17:49:19","slug":"tirs-a-montparnasse-guerre-en-ukraine-allocation-sociale-unique-lactu-de-ce-vendredi-14-novembre-liberation","status":"publish","type":"post","link":"https:\/\/www.europesays.com\/fr\/534168\/","title":{"rendered":"Tirs \u00e0 Montparnasse, guerre en Ukraine, allocation sociale unique&#8230; L\u2019actu de ce vendredi 14 novembre \u2013 Lib\u00e9ration"},"content":{"rendered":"<p class=\"sc-cPiKLX AiZTS text-element\">Chaque soir, la r\u00e9daction de Lib\u00e9 s\u00e9lectionne les actualit\u00e9s du jour qu\u2019il ne fallait pas rater en France et dans le reste du monde.<\/p>\n<p class=\"sc-cPiKLX AiZTS text-element\">Un homme a \u00e9t\u00e9 <a href=\"https:\/\/www.liberation.fr\/societe\/police-justice\/gare-montparnasse-un-homme-neutralise-par-la-police-apres-avoir-exhibe-un-couteau-20251114_TEHVV3R3LFEWJLLF3XCWJGWNQQ\/\" target=\"_blank\" rel=\"noreferrer noopener\" title=\"https:\/\/www.liberation.fr\/societe\/police-justice\/gare-montparnasse-un-homme-neutralise-par-la-police-apres-avoir-exhibe-un-couteau-20251114_TEHVV3R3LFEWJLLF3XCWJGWNQQ\/\">bless\u00e9 par balle par la police en pleine gare Montparnasse \u00e0 Paris<\/a> ce vendredi, a appris Lib\u00e9ration de sources polici\u00e8res. Selon nos informations, l\u2019homme se serait ensuite automutil\u00e9 avec un couteau apr\u00e8s avoir prof\u00e9r\u00e9 des menaces envers son ex-femme et son fils. Son pronostic vital est engag\u00e9, pr\u00e9cise une source polici\u00e8re. Une autre personne, victime collat\u00e9rale, aurait \u00e9t\u00e9 touch\u00e9e par balle au pied.<\/p>\n<p class=\"sc-cPiKLX AiZTS text-element\">\u00abL\u2019objectif \u00e0 tenir\u00bb est de mettre l\u2019A69 en route \u00abd\u2019ici au mois d\u2019octobre 2026\u00bb. Au micro d\u2019Ici Occitanie ce vendredi, le ministre des Transports, Philippe Tabarot, a dit son espoir de voir le dossier de l\u2019autoroute contest\u00e9e \u00abse clarifier d\u00e9finitivement\u00bb. <a href=\"https:\/\/www.liberation.fr\/economie\/transports\/autoroute-a69-le-ministre-des-transports-espere-voir-le-chantier-continuer-sereinement-apres-laudience-du-11-decembre-20251114_HUFFOMKGONB5XBR45QRD3HXPPU\/\" target=\"_blank\" rel=\"noreferrer noopener\" title=\"https:\/\/www.liberation.fr\/economie\/transports\/autoroute-a69-le-ministre-des-transports-espere-voir-le-chantier-continuer-sereinement-apres-laudience-du-11-decembre-20251114_HUFFOMKGONB5XBR45QRD3HXPPU\/\">La cour administrative d\u2019appel de Toulouse examinera, le 11 d\u00e9cembre<\/a>, le dossier de cet axe contest\u00e9 de 53 kilom\u00e8tres entre Castres et Toulouse, dont le chantier a \u00e9t\u00e9 d\u00e9clar\u00e9 ill\u00e9gal en f\u00e9vrier par le tribunal administratif, avant un passage en force du S\u00e9nat en mai pour contourner cette d\u00e9cision, puis une autorisation de reprise provisoire des travaux.<\/p>\n<p class=\"sc-cPiKLX AiZTS text-element\">Une vaste attaque russe ce vendredi contre Kyiv <a href=\"https:\/\/www.liberation.fr\/international\/europe\/guerre-en-ukraine-kyiv-cible-par-une-vaste-attaque-russe-20251114_RF3VRLRCGFEB7KGNIRGW2SOGNU\/\" target=\"_blank\" rel=\"noreferrer noopener\" title=\"https:\/\/www.liberation.fr\/international\/europe\/guerre-en-ukraine-kyiv-cible-par-une-vaste-attaque-russe-20251114_RF3VRLRCGFEB7KGNIRGW2SOGNU\/\">a fait au moins six morts<\/a>, ont annonc\u00e9 les autorit\u00e9s ukrainiennes. Le pr\u00e9sident Zelensky a accus\u00e9 la Russie d\u2019une \u00abattaque calcul\u00e9e pour causer un maximum de dommages \u00e0 la population et de d\u00e9g\u00e2ts aux infrastructures civiles\u00bb. Un march\u00e9 de la ville de Tchornomorsk, proche du port d\u2019Odessa dans le sud de l\u2019Ukraine, a \u00e9galement \u00e9t\u00e9 pris pour cible dans la matin\u00e9e. Au moins deux personnes ont \u00e9t\u00e9 tu\u00e9es et sept bless\u00e9es, dont certaines \u00abdans un \u00e9tat grave\u00bb, a pr\u00e9cis\u00e9 sur Telegram le gouverneur Oleg Kiper, d\u00e9non\u00e7ant une attaque \u00abcynique\u00bb qui a en outre endommag\u00e9 une place, des magasins et des voitures.<\/p>\n<p class=\"sc-cPiKLX AiZTS text-element\">C\u2019est le retour d\u2019une marotte de la droite. S\u00e9bastien Lecornu a annonc\u00e9 ce vendredi que le gouvernement d\u00e9poserait <a href=\"https:\/\/www.liberation.fr\/societe\/allocation-sociale-unique-lecornu-annonce-un-projet-de-loi-pour-regrouper-les-aides-en-decembre-20251114_EPFDA267RZHT7E7MAC44A7KCVY\/\" target=\"_blank\" rel=\"noreferrer noopener\" title=\"https:\/\/www.liberation.fr\/societe\/allocation-sociale-unique-lecornu-annonce-un-projet-de-loi-pour-regrouper-les-aides-en-decembre-20251114_EPFDA267RZHT7E7MAC44A7KCVY\/\">un projet de loi en d\u00e9cembre en faveur d\u2019une \u00aballocation sociale unique\u00bb<\/a>, destin\u00e9e \u00e0 rapprocher plusieurs prestations sociales, comme la prime d\u2019activit\u00e9, le RSA ou certaines aides au logement. Le Premier ministre a fait valoir les \u00ab\u00e9conomies de gestion\u00bb d\u2019une telle mesure. Pour les associations de d\u00e9fense des plus pr\u00e9caires, l\u2019id\u00e9e d\u2019une simplification est une bonne chose en soi, au vu du taux de non-recours aux aides sociales.<\/p>\n<p class=\"sc-cPiKLX AiZTS text-element\">Contrairement au BHV de Paris, les villes de Dijon, Reims, Grenoble, Angers et Limoges n\u2019auront finalement pas le luxe de voir d\u00e9barquer Shein pour l\u2019instant. <a href=\"https:\/\/www.liberation.fr\/economie\/conso\/le-patron-du-bhv-annonce-le-report-de-louverture-des-5-magasins-shein-en-region-sans-nouvelle-date-20251114_K7TJY7CQJBF57OHBNWP7UVJZBQ\/\" target=\"_blank\" rel=\"noreferrer noopener\" title=\"https:\/\/www.liberation.fr\/economie\/conso\/le-patron-du-bhv-annonce-le-report-de-louverture-des-5-magasins-shein-en-region-sans-nouvelle-date-20251114_K7TJY7CQJBF57OHBNWP7UVJZBQ\/\">Les ouvertures, pr\u00e9vues en novembre et d\u00e9cembre, vont \u00eatre d\u00e9cal\u00e9es<\/a> \u00abde quelques jours ou de quelques semaines\u00bb, a annonc\u00e9 ce vendredi Fr\u00e9d\u00e9ric Merlin, patron de la Soci\u00e9t\u00e9 des grands magasins (SGM), qui exploite depuis 2023 le BHV. L\u2019ouverture \u00e0 Paris s\u2019\u00e9tait d\u00e9roul\u00e9e en plein scandale apr\u00e8s la vente en ligne sur la plateforme de Shein de poup\u00e9es sexuelles ressemblant \u00e0 des fillettes, ainsi que des armes de cat\u00e9gorie A.<\/p>\n<p class=\"sc-cPiKLX AiZTS text-element\"><b>La m\u00e9diatrice de l\u2019Union europ\u00e9enne, Teresa Anjinho, au c\u0153ur de soup\u00e7ons de n\u00e9potisme<\/b><\/p>\n<p class=\"sc-cPiKLX AiZTS text-element\">En nommant son chef de cabinet \u00absecr\u00e9taire g\u00e9n\u00e9ral\u00bb de ses services, la plus haute fonction des institutions communautaires, au terme d\u2019une proc\u00e9dure qu\u2019elle a contr\u00f4l\u00e9e de bout en bout, la Portugaise pr\u00eate le flanc aux accusations de conflit d\u2019int\u00e9r\u00eats. <a href=\"https:\/\/www.liberation.fr\/international\/europe\/la-mediatrice-de-lunion-europeenne-teresa-anjinho-au-coeur-de-soupcons-de-nepotisme-20251114_6333EP2AGNC3RLZL6BWIR7PPUU\/\" target=\"_blank\" rel=\"noreferrer noopener\" title=\"https:\/\/www.liberation.fr\/international\/europe\/la-mediatrice-de-lunion-europeenne-teresa-anjinho-au-coeur-de-soupcons-de-nepotisme-20251114_6333EP2AGNC3RLZL6BWIR7PPUU\/\">Une info Lib\u00e9 \u00e0 lire ici<\/a>.<\/p>\n<p class=\"sc-cPiKLX AiZTS text-element\"><b>Les beatmakers, nouvelles stars du rap<\/b><\/p>\n<p class=\"sc-cPiKLX AiZTS text-element\">Longtemps cantonn\u00e9s aux seconds r\u00f4les, les \u00abfaiseurs de sons\u00bb des rappeurs obtiennent d\u00e9sormais une large reconnaissance. Un signe fort de l\u2019immense popularit\u00e9 du genre musical qui focalise aujourd\u2019hui l\u2019attention du public sur toute la cha\u00eene de cr\u00e9ation. <a href=\"https:\/\/www.liberation.fr\/culture\/musique\/les-beatmakers-nouvelles-stars-du-rap-20251114_3A56WU4PVFGJHJVFRKNRVJGG3Q\/\" target=\"_blank\" rel=\"noreferrer noopener\" title=\"https:\/\/www.liberation.fr\/culture\/musique\/les-beatmakers-nouvelles-stars-du-rap-20251114_3A56WU4PVFGJHJVFRKNRVJGG3Q\/\">Notre analyse \u00e0 lire ici<\/a>.<\/p>\n<p class=\"sc-cPiKLX AiZTS text-element\"><b>Pierre Gagnaire, chef multi-\u00e9toil\u00e9 : \u00abLes produits, c\u2019est formidable, mais ce qui m\u2019int\u00e9resse, c\u2019est l\u2019humain\u00bb<\/b><\/p>\n<p class=\"sc-cPiKLX AiZTS text-element\">Pr\u00e9sident d\u2019honneur du festival du livre gourmand de P\u00e9rigueux, le chef multi-\u00e9toil\u00e9 revient sur l\u2019\u00e9volution de la gastronomie, la place de la transmission et sur l\u2019importance des mots dans la cuisine.<b> <\/b><a href=\"https:\/\/www.liberation.fr\/lifestyle\/gastronomie\/pierre-gagnaire-chef-multi-etoile-les-produits-cest-formidable-mais-ce-qui-minteresse-cest-lhumain-20251114_XU2UCKW5RZCOZH4QQZLNMNCN3Y\/\" target=\"_blank\" rel=\"noreferrer noopener\" title=\"https:\/\/www.liberation.fr\/lifestyle\/gastronomie\/pierre-gagnaire-chef-multi-etoile-les-produits-cest-formidable-mais-ce-qui-minteresse-cest-lhumain-20251114_XU2UCKW5RZCOZH4QQZLNMNCN3Y\/\">Notre interview \u00e0 lire ici<\/a>. <\/p>\n","protected":false},"excerpt":{"rendered":"Chaque soir, la r\u00e9daction de Lib\u00e9 s\u00e9lectionne les actualit\u00e9s du jour qu\u2019il ne fallait pas rater en France&hellip;\n","protected":false},"author":2,"featured_media":534169,"comment_status":"","ping_status":"","sticky":false,"template":"","format":"standard","meta":{"footnotes":""},"categories":[1590],"tags":[11,1777,674,12,4702,220],"class_list":{"0":"post-534168","1":"post","2":"type-post","3":"status-publish","4":"format-standard","5":"has-post-thumbnail","7":"category-ukraine","8":"tag-actualites","9":"tag-eu","10":"tag-europe","11":"tag-news","12":"tag-recap-actu","13":"tag-ukraine"},"share_on_mastodon":{"url":"https:\/\/pubeurope.com\/@fr\/115549317866638318","error":""},"_links":{"self":[{"href":"https:\/\/www.europesays.com\/fr\/wp-json\/wp\/v2\/posts\/534168","targetHints":{"allow":["GET"]}}],"collection":[{"href":"https:\/\/www.europesays.com\/fr\/wp-json\/wp\/v2\/posts"}],"about":[{"href":"https:\/\/www.europesays.com\/fr\/wp-json\/wp\/v2\/types\/post"}],"author":[{"embeddable":true,"href":"https:\/\/www.europesays.com\/fr\/wp-json\/wp\/v2\/users\/2"}],"replies":[{"embeddable":true,"href":"https:\/\/www.europesays.com\/fr\/wp-json\/wp\/v2\/comments?post=534168"}],"version-history":[{"count":0,"href":"https:\/\/www.europesays.com\/fr\/wp-json\/wp\/v2\/posts\/534168\/revisions"}],"wp:featuredmedia":[{"embeddable":true,"href":"https:\/\/www.europesays.com\/fr\/wp-json\/wp\/v2\/media\/534169"}],"wp:attachment":[{"href":"https:\/\/www.europesays.com\/fr\/wp-json\/wp\/v2\/media?parent=534168"}],"wp:term":[{"taxonomy":"category","embeddable":true,"href":"https:\/\/www.europesays.com\/fr\/wp-json\/wp\/v2\/categories?post=534168"},{"taxonomy":"post_tag","embeddable":true,"href":"https:\/\/www.europesays.com\/fr\/wp-json\/wp\/v2\/tags?post=534168"}],"curies":[{"name":"wp","href":"https:\/\/api.w.org\/{rel}","templated":true}]}}