{"id":534170,"date":"2025-11-14T17:50:20","date_gmt":"2025-11-14T17:50:20","guid":{"rendered":"https:\/\/www.europesays.com\/fr\/534170\/"},"modified":"2025-11-14T17:50:20","modified_gmt":"2025-11-14T17:50:20","slug":"trump-demande-une-enquete-sur-les-liens-entre-le-financier-et-bill-clinton","status":"publish","type":"post","link":"https:\/\/www.europesays.com\/fr\/534170\/","title":{"rendered":"Trump demande une enqu\u00eate sur les liens entre le financier et Bill Clinton"},"content":{"rendered":"<p><a href=\"https:\/\/www.ledauphine.com\/p\/donald-trump\" target=\"_blank\" rel=\"noopener\">Donald Trump<\/a> a contre-attaqu\u00e9 vendredi en r\u00e9clamant une enqu\u00eate sur la relation entre Jeffrey Epstein et certaines personnalit\u00e9s d\u00e9mocrates dont <a href=\"https:\/\/www.ledauphine.com\/p\/bill-clinton\" target=\"_blank\" rel=\"noopener\">Bill Clinton<\/a>, \u00e0 l&rsquo;heure o\u00f9 ses propres liens avec le d\u00e9linquant sexuel font l&rsquo;objet de nouvelles questions.<\/p>\n<p>Le pr\u00e9sident am\u00e9ricain a annonc\u00e9 sur son r\u00e9seau Truth Social qu&rsquo;il allait demander au minist\u00e8re de la Justice et \u00e0 la police f\u00e9d\u00e9rale (FBI) d&rsquo;enqu\u00eater sur plusieurs personnalit\u00e9s d\u00e9mocrates.\u00a0<\/p>\n<p>\u00ab\u00a0Supercherie Epstein\u00a0\u00bb<\/p>\n<p>Outre l&rsquo;ancien pr\u00e9sident, qui a occup\u00e9 la Maison Blanche de 1993 \u00e0 2001, il cite Larry Summers, qui a \u00e9t\u00e9 ministre des Finances de Bill Clinton, l&rsquo;investisseur et entrepreneur Reid Hoffman, la banque JPMorgan Chase ainsi que \u00ab beaucoup d&rsquo;autres personnes et institutions \u00bb. \u00ab Les dossiers montrent que ces hommes, et de nombreux autres, ont pass\u00e9 beaucoup de temps avec Epstein \u00bb, assure-t-il, sans fournir de preuves.<\/p>\n<p>Trump a de nouveau accus\u00e9 ses opposants d\u00e9mocrates de promouvoir la \u00ab supercherie Epstein \u00bb et critiqu\u00e9 les r\u00e9publicains qui r\u00e9clament plus de transparence, alors que les parlementaires doivent voter la semaine prochaine sur la publication de documents li\u00e9s \u00e0 cette affaire.<\/p>\n<p>Epstein, qui comme le pr\u00e9sident am\u00e9ricain a \u00e9t\u00e9 une figure de la vie mondaine new-yorkaise, \u00ab \u00e9tait un d\u00e9mocrate, il est le probl\u00e8me des d\u00e9mocrates, pas le probl\u00e8me des r\u00e9publicains \u00bb, a affirm\u00e9 le milliardaire de 79 ans, toujours sur Truth Social.<\/p>\n<p>\u00ab Ramollis et idiots \u00bb<\/p>\n<p>\u00ab Quelques r\u00e9publicains faibles sont tomb\u00e9s dans les griffes (des d\u00e9mocrates) parce qu&rsquo;ils sont ramollis et idiots \u00bb, a-t-il attaqu\u00e9. Trump fait r\u00e9f\u00e9rence aux personnalit\u00e9s de son parti qui insistent pour que le minist\u00e8re de la Justice publie les documents en sa possession \u00e0 propos de cette affaire politico-judiciaire tr\u00e8s sensible.<\/p>\n<p>Elle a \u00e9t\u00e9 relanc\u00e9e cette semaine par la <a href=\"https:\/\/www.ledauphine.com\/faits-divers-justice\/2025\/11\/12\/affaire-epstein-donald-trump-savait-a-propos-des-filles-ecrivait-le-financier-dans-un-mail\" target=\"_blank\" rel=\"noopener\">publication de courriers \u00e9lectroniques<\/a> du financier new-yorkais, au carnet d&rsquo;adresses particuli\u00e8rement bien rempli. Trump \u00ab savait \u00e0 propos des filles \u00bb dont abusait le d\u00e9linquant sexuel am\u00e9ricain et a m\u00eame \u00ab pass\u00e9 plusieurs heures \u00bb avec l&rsquo;une d&rsquo;elles, affirment des emails d&rsquo;Epstein, d\u00e9voil\u00e9s par des parlementaires d\u00e9mocrates.<\/p>\n<p>Parmi ces courriers \u00e9lectroniques figurent des \u00e9changes avec Larry Summers, qui a aussi \u00e9t\u00e9 conseiller \u00e9conomique de <a href=\"https:\/\/www.ledauphine.com\/p\/barack-obama\" target=\"_blank\" rel=\"noopener\">Barack Obama<\/a> et pr\u00e9sident de la prestigieuse universit\u00e9 Harvard.\u00a0<\/p>\n<p>\u00ab Comment \u00e7a va la vie fortun\u00e9e et dissolue? \u00bb, \u00e9crit Summers le 27 octobre 2017 \u00e0 Epstein, qui lui r\u00e9pond: \u00ab Quand nous nous verrons, je m&rsquo;efforcerai de vous fasciner avec des histoires folles sur Washington!!! \u00bb. Bill Clinton a pour sa part fr\u00e9quent\u00e9 le financier new-yorkais dans les ann\u00e9es 1990 et 2000.\u00a0<\/p>\n","protected":false},"excerpt":{"rendered":"Donald Trump a contre-attaqu\u00e9 vendredi en r\u00e9clamant une enqu\u00eate sur la relation entre Jeffrey Epstein et certaines personnalit\u00e9s&hellip;\n","protected":false},"author":2,"featured_media":534171,"comment_status":"","ping_status":"","sticky":false,"template":"","format":"standard","meta":{"footnotes":""},"categories":[1589],"tags":[11,271,272,73,1866,274,107,329,12,316,1864,1865,1863,308],"class_list":{"0":"post-534170","1":"post","2":"type-post","3":"status-publish","4":"format-standard","5":"has-post-thumbnail","7":"category-etats-unis","8":"tag-actualites","9":"tag-crime","10":"tag-delit-et-contravention","11":"tag-etats-unis","12":"tag-etats-unis-damerique","13":"tag-faits-divers-justice","14":"tag-fil-info","15":"tag-france-monde","16":"tag-news","17":"tag-politique","18":"tag-united-states","19":"tag-united-states-of-america","20":"tag-us","21":"tag-usa"},"share_on_mastodon":{"url":"https:\/\/pubeurope.com\/@fr\/115549321869140043","error":""},"_links":{"self":[{"href":"https:\/\/www.europesays.com\/fr\/wp-json\/wp\/v2\/posts\/534170","targetHints":{"allow":["GET"]}}],"collection":[{"href":"https:\/\/www.europesays.com\/fr\/wp-json\/wp\/v2\/posts"}],"about":[{"href":"https:\/\/www.europesays.com\/fr\/wp-json\/wp\/v2\/types\/post"}],"author":[{"embeddable":true,"href":"https:\/\/www.europesays.com\/fr\/wp-json\/wp\/v2\/users\/2"}],"replies":[{"embeddable":true,"href":"https:\/\/www.europesays.com\/fr\/wp-json\/wp\/v2\/comments?post=534170"}],"version-history":[{"count":0,"href":"https:\/\/www.europesays.com\/fr\/wp-json\/wp\/v2\/posts\/534170\/revisions"}],"wp:featuredmedia":[{"embeddable":true,"href":"https:\/\/www.europesays.com\/fr\/wp-json\/wp\/v2\/media\/534171"}],"wp:attachment":[{"href":"https:\/\/www.europesays.com\/fr\/wp-json\/wp\/v2\/media?parent=534170"}],"wp:term":[{"taxonomy":"category","embeddable":true,"href":"https:\/\/www.europesays.com\/fr\/wp-json\/wp\/v2\/categories?post=534170"},{"taxonomy":"post_tag","embeddable":true,"href":"https:\/\/www.europesays.com\/fr\/wp-json\/wp\/v2\/tags?post=534170"}],"curies":[{"name":"wp","href":"https:\/\/api.w.org\/{rel}","templated":true}]}}