{"id":534172,"date":"2025-11-14T17:51:25","date_gmt":"2025-11-14T17:51:25","guid":{"rendered":"https:\/\/www.europesays.com\/fr\/534172\/"},"modified":"2025-11-14T17:51:25","modified_gmt":"2025-11-14T17:51:25","slug":"royaume-uni-les-actions-reculent-de-11","status":"publish","type":"post","link":"https:\/\/www.europesays.com\/fr\/534172\/","title":{"rendered":"Royaume-Uni : les actions reculent de 1,1%"},"content":{"rendered":"<td class=\"is__realtime px-5\">\n<tr wp_automatic_readability=\"2\">\n<td colspan=\"3\" class=\"is__realtime-quality js-next-event-quotes\" data-next-event=\"2025-11-14T09:00:00+01:00\">\n<p>                                            March\u00e9 Ferm\u00e9 &#8211;<\/p>\n<p>                                            Switzerland<\/p>\n<p>17:50:00 14\/11\/2025<\/p>\n<\/td>\n<td class=\"txt-align-center is__realtime-quality c-none cm-table\">\n                            Varia. 5j.\n                        <\/td>\n<td class=\"txt-align-center is__realtime-quality\">\n                            Varia. 1 janv.\n                        <\/td>\n<\/tr>\n<tr>\n<td class=\"txt-s7 is__realtime-last txt-align-left\">\n<p>574,81                        PTS\n                                    <\/td>\n<td class=\"txt-s7 is__realtime-var txt-align-left\">\n                                             -1,01\u00a0%\n                                    <\/td>\n<td class=\"table-child--middle c-none cs-table table-child--no-pad\">\n                                                <img loading=\"lazy\" decoding=\"async\" style=\"vertical-align: middle\" width=\"120\" height=\"45\" alt=\"Graphique intraday de STOXX Europe 600 Index (EUR)\" src=\"https:\/\/www.zonebourse.com\/zbcache\/charts\/ObjectChart.aspx?Name=7477&amp;Type=Intraday&amp;Width=120&amp;Height=45&amp;ShowAxis=0&amp;DTstart=2025-11-14&amp;Render=Line&amp;BottomMargin=3&amp;TopMargin=5&amp;Prev=580.67\" onerror=\"this.style.display='none'\"\/>                    <\/td>\n<td class=\"txt-s4 txt-align-center c-none cm-table\">\n                             +1,77\u00a0%\n                        <\/td>\n<td class=\"txt-s4 txt-align-center\">\n                                                             +13,24\u00a0%\n                                                    <\/td>\n<\/tr>\n<p class=\"m-0 txt-s1\">Publi\u00e9 le 14\/11\/2025<br \/>\n                    \u00e0 18:07<\/p>\n<p>\n                                            Dow Jones\n                                                        <\/p>\n<p><img decoding=\"async\" src=\"https:\/\/www.europesays.com\/fr\/wp-content\/uploads\/2025\/09\/2019-12-11T174309Z_1_LYNXMPEFBA1L8_RTROPTP_3_BRITAIN-EU-MARKETS.JPG\" alt=\"Royaume-Uni :  les actions reculent de 1,1%\" class=\"w-100 media--169 \" data-zoomable=\"true\" data-zoomable-url=\"\/images\/reuters\/2019-12-11T174309Z_1_LYNXMPEFBA1L8_RTROPTP_3_BRITAIN-EU-MARKETS.JPG\"\/>]]]]>]]><\/p>\n<p>D\u00e9bloquer l&rsquo;article : INSCRIVEZ-VOUS !<\/p>\n<p><img decoding=\"async\" src=\"https:\/\/www.europesays.com\/fr\/wp-content\/uploads\/2025\/04\/dj-logo-footer.gif\" alt=\"Dow Jones logo\" class=\"c-block ml-auto\"\/><br \/>\n                    \u00a9 Dow Jones &#8211;<br \/>\n                                        2025<\/p>\n<tr class=\" \" wp_automatic_readability=\"0.29268292682927\">\n<td class=\"table-child--centered table-child--top table-child--nowrap table-child--w60 txt-s1\">18:16<\/td>\n<td class=\"w-100\"><a href=\"https:\/\/www.zonebourse.com\/actualite-bourse\/les-marches-europeens-cloturent-en-baisse-la-croissance-du-pib-de-l-ue-atteint-0-3-au-troisieme-ce7d5fd2dc81f624\" class=\"txt- txt-overflow-2 link link--no-underline my-5 my-m-0 \" rel=\"nofollow noopener\" target=\"_blank\"><\/p>\n<p>Les march\u00e9s europ\u00e9ens cl\u00f4turent en baisse ; la croissance du PIB de l&rsquo;UE atteint 0,3\u00a0% au troisi\u00e8me trimestre<\/p>\n<p>                <\/a><\/td>\n<td class=\"table-child--right  table-child--top table-child--w60 c-none cm-table\">\n                                    MT\n                        <\/td>\n<\/tr>\n<tr class=\" \" wp_automatic_readability=\"0.27\">\n<td class=\"table-child--centered table-child--top table-child--nowrap table-child--w60 txt-s1\">18:15<\/td>\n<td class=\"w-100\"><a href=\"https:\/\/www.zonebourse.com\/actualite-bourse\/l-europe-finit-en-nette-baisse-les-craintes-sur-le-budget-penalisent-la-bourse-de-londres-ce7d5fd2dc8efe24\" class=\"txt- txt-overflow-2 link link--no-underline my-5 my-m-0 \" rel=\"nofollow noopener\" target=\"_blank\"><\/p>\n<p>L&rsquo;Europe finit en nette baisse, les craintes sur le budget p\u00e9nalisent la Bourse de Londres<\/p>\n<p>                <\/a><\/td>\n<td class=\"table-child--right  table-child--top table-child--w60 c-none cm-table\">\n                                    RE\n                        <\/td>\n<\/tr>\n<tr class=\" \" wp_automatic_readability=\"0.31304347826087\">\n<td class=\"table-child--centered table-child--top table-child--nowrap table-child--w60 txt-s1\">18:13<\/td>\n<td class=\"w-100\"><a href=\"https:\/\/www.zonebourse.com\/actualite-bourse\/point-marches-l-europe-finit-en-nette-baisse-les-craintes-sur-le-budget-penalisent-la-bourse-de-lon-ce7d5fd2dc8ef126\" class=\"txt- txt-overflow-2 link link--no-underline my-5 my-m-0 \" rel=\"nofollow noopener\" target=\"_blank\"><\/p>\n<p>Point march\u00e9s-L&rsquo;Europe finit en nette baisse, les craintes sur le budget p\u00e9nalisent la Bourse de Londres<\/p>\n<p>                <\/a><\/td>\n<td class=\"table-child--right  table-child--top table-child--w60 c-none cm-table\">\n                                    RE\n                        <\/td>\n<\/tr>\n<tr class=\" \" wp_automatic_readability=\"0.40909090909091\">\n<td class=\"table-child--centered table-child--top table-child--nowrap table-child--w60 txt-s1\">17:59<\/td>\n<td class=\"w-100\"><a href=\"https:\/\/www.zonebourse.com\/actualite-bourse\/les-bourses-europeennes-en-repli-s-interrogent-sur-l-etat-de-l-economie-us-ce7d5fd2dc8ff323\" class=\"txt- txt-overflow-2 link link--no-underline my-5 my-m-0 \" rel=\"nofollow noopener\" target=\"_blank\"><\/p>\n<p>Les Bourses europ\u00e9ennes, en repli, s&rsquo;interrogent sur l&rsquo;\u00e9tat de l&rsquo;\u00e9conomie US<\/p>\n<p>                <\/a><\/td>\n<td class=\"table-child--right  table-child--top table-child--w60 c-none cm-table\">\n                                    AW\n                        <\/td>\n<\/tr>\n<tr class=\" \" wp_automatic_readability=\"0.29032258064516\">\n<td class=\"table-child--centered table-child--top table-child--nowrap table-child--w60 txt-s1\">14:20<\/td>\n<td class=\"w-100\"><a href=\"https:\/\/www.zonebourse.com\/actualite-bourse\/wall-street-vue-dans-le-rouge-avec-les-doutes-sur-la-fed-le-budget-pese-a-londres-ce7d5fd2da8bfe24\" class=\"txt- txt-overflow-2 link link--no-underline my-5 my-m-0 \" rel=\"nofollow noopener\" target=\"_blank\"><\/p>\n<p>Wall Street vue dans le rouge avec les doutes sur la Fed, le budget p\u00e8se \u00e0 Londres<\/p>\n<p>                <\/a><\/td>\n<td class=\"table-child--right  table-child--top table-child--w60 c-none cm-table\">\n                                    RE\n                        <\/td>\n<\/tr>\n<tr class=\" \" wp_automatic_readability=\"0.27692307692308\">\n<td class=\"table-child--centered table-child--top table-child--nowrap table-child--w60 txt-s1\">13:01<\/td>\n<td class=\"w-100\"><a href=\"https:\/\/www.zonebourse.com\/actualite-bourse\/les-bourses-europeennes-reculent-a-la-mi-journee-affectees-par-les-indicateurs-chinois-et-les-incer-ce7d5fd2db89f027\" class=\"txt- txt-overflow-2 link link--no-underline my-5 my-m-0 \" rel=\"nofollow noopener\" target=\"_blank\"><\/p>\n<p>Les bourses europ\u00e9ennes reculent \u00e0 la mi-journ\u00e9e, affect\u00e9es par les indicateurs chinois et les incertitudes de la Fed<\/p>\n<p>                <\/a><\/td>\n<td class=\"table-child--right  table-child--top table-child--w60 c-none cm-table\">\n                                    MT\n                        <\/td>\n<\/tr>\n<tr class=\" \" wp_automatic_readability=\"0.21176470588235\">\n<td class=\"table-child--centered table-child--top table-child--nowrap table-child--w60 txt-s1\">12:54<\/td>\n<td class=\"w-100\"><a href=\"https:\/\/www.zonebourse.com\/actualite-bourse\/la-commission-europeenne-approuve-l-acquisition-de-biogaran-par-bc-partners-ce7d5fd2d880f523\" class=\"txt- txt-overflow-2 link link--no-underline my-5 my-m-0 \" rel=\"nofollow noopener\" target=\"_blank\"><\/p>\n<p>La Commission europ\u00e9enne approuve l&rsquo;acquisition de Biogaran par BC Partners<\/p>\n<p>                <\/a><\/td>\n<td class=\"table-child--right  table-child--top table-child--w60 c-none cm-table\">\n                                    MT\n                        <\/td>\n<\/tr>\n<tr class=\" \" wp_automatic_readability=\"0.38135593220339\">\n<td class=\"table-child--centered table-child--top table-child--nowrap table-child--w60 txt-s1\">11:26<\/td>\n<td class=\"w-100\"><a href=\"https:\/\/www.zonebourse.com\/actualite-bourse\/le-pib-trimestriel-de-la-zone-euro-progresse-de-0-2-au-troisieme-trimestre-selon-la-deuxieme-esti-ce7d5fd2d981f221\" class=\"txt- txt-overflow-2 link link--no-underline my-5 my-m-0 \" rel=\"nofollow noopener\" target=\"_blank\"><\/p>\n<p>Le PIB trimestriel de la zone euro progresse de 0,2\u00a0% au troisi\u00e8me trimestre, selon la deuxi\u00e8me estimation<\/p>\n<p>                <\/a><\/td>\n<td class=\"table-child--right  table-child--top table-child--w60 c-none cm-table\">\n                                    MT\n                        <\/td>\n<\/tr>\n<tr class=\" \" wp_automatic_readability=\"0.36290322580645\">\n<td class=\"table-child--centered table-child--top table-child--nowrap table-child--w60 txt-s1\">11:26<\/td>\n<td class=\"w-100\"><a href=\"https:\/\/www.zonebourse.com\/actualite-bourse\/la-croissance-de-l-emploi-dans-la-zone-euro-reste-stable-a-0-1-au-troisieme-trimestre-selon-l-esti-ce7d5fd2d981f227\" class=\"txt- txt-overflow-2 link link--no-underline my-5 my-m-0 \" rel=\"nofollow noopener\" target=\"_blank\"><\/p>\n<p>La croissance de l&#8217;emploi dans la zone euro reste stable \u00e0 0,1% au troisi\u00e8me trimestre, selon l&rsquo;estimation rapide<\/p>\n<p>                <\/a><\/td>\n<td class=\"table-child--right  table-child--top table-child--w60 c-none cm-table\">\n                                    MT\n                        <\/td>\n<\/tr>\n<tr class=\" \" wp_automatic_readability=\"0.26865671641791\">\n<td class=\"table-child--centered table-child--top table-child--nowrap table-child--w60 txt-s1\">11:26<\/td>\n<td class=\"w-100\"><a href=\"https:\/\/www.zonebourse.com\/actualite-bourse\/l-excedent-commercial-de-la-zone-euro-grimpe-en-septembre-ce7d5fd2d981f32d\" class=\"txt- txt-overflow-2 link link--no-underline my-5 my-m-0 \" rel=\"nofollow noopener\" target=\"_blank\"><\/p>\n<p>L&rsquo;exc\u00e9dent commercial de la zone euro grimpe en septembre<\/p>\n<p>                <\/a><\/td>\n<td class=\"table-child--right  table-child--top table-child--w60 c-none cm-table\">\n                                    MT\n                        <\/td>\n<\/tr>\n<tr class=\" \" wp_automatic_readability=\"0.2\">\n<td class=\"table-child--centered table-child--top table-child--nowrap table-child--w60 txt-s1\">11:26<\/td>\n<td class=\"w-100\"><a href=\"https:\/\/www.zonebourse.com\/actualite-bourse\/paris-corrige-apres-un-debut-de-semaine-euphorique-ce7d5fd2d981f32c\" class=\"txt- txt-overflow-2 link link--no-underline my-5 my-m-0 \" rel=\"nofollow noopener\" target=\"_blank\"><\/p>\n<p>Paris : corrige apr\u00e8s un d\u00e9but de semaine euphorique<\/p>\n<p>                <\/a><\/td>\n<td class=\"table-child--right  table-child--top table-child--w60 c-none cm-table\"><img loading=\"lazy\" decoding=\"async\" src=\"https:\/\/www.europesays.com\/fr\/wp-content\/uploads\/2025\/05\/logo_at.gif\" width=\"14\" height=\"8\" alt=\"Zonebourse\"\/><\/td>\n<\/tr>\n<tr class=\" \" wp_automatic_readability=\"0.29508196721311\">\n<td class=\"table-child--centered table-child--top table-child--nowrap table-child--w60 txt-s1\">10:15<\/td>\n<td class=\"w-100\"><a href=\"https:\/\/www.zonebourse.com\/actualite-bourse\/le-surplus-commercial-italien-progresse-en-septembre-ce7d5fd2d989f62d\" class=\"txt- txt-overflow-2 link link--no-underline my-5 my-m-0 \" rel=\"nofollow noopener\" target=\"_blank\"><\/p>\n<p>Le surplus commercial italien progresse en septembre<\/p>\n<p>                <\/a><\/td>\n<td class=\"table-child--right  table-child--top table-child--w60 c-none cm-table\">\n                                    MT\n                        <\/td>\n<\/tr>\n<tr class=\" \" wp_automatic_readability=\"0.16167664670659\">\n<td class=\"table-child--centered table-child--top table-child--nowrap table-child--w60 txt-s1\">18:25<\/td>\n<td class=\"w-100\"><a href=\"https:\/\/www.zonebourse.com\/actualite-bourse\/les-marches-europeens-reculent-face-a-l-attenuation-des-espoirs-de-baisse-des-taux-americains-ce7d5fddd08df025\" class=\"txt- txt-overflow-2 link link--no-underline my-5 my-m-0 \" rel=\"nofollow noopener\" target=\"_blank\"><\/p>\n<p>Les actions europ\u00e9ennes reculent alors que les espoirs de baisse des taux am\u00e9ricains s&rsquo;estompent ; les inqui\u00e9tudes budg\u00e9taires britanniques refont surface<\/p>\n<p>                <\/a><\/td>\n<td class=\"table-child--right  table-child--top table-child--w60 c-none cm-table\">\n                                    RE\n                        <\/td>\n<\/tr>\n<tr class=\" \" wp_automatic_readability=\"0.25\">\n<td class=\"table-child--centered table-child--top table-child--nowrap table-child--w60 txt-s1\">09:37<\/td>\n<td class=\"w-100\"><a href=\"https:\/\/www.zonebourse.com\/actualite-bourse\/l-europe-ouvre-dans-le-rouge-avec-les-inquietudes-sur-les-taux-ce7d5fddd08aff25\" class=\"txt- txt-overflow-2 link link--no-underline my-5 my-m-0 \" rel=\"nofollow noopener\" target=\"_blank\"><\/p>\n<p>L&rsquo;Europe ouvre dans le rouge avec les inqui\u00e9tudes sur les taux<\/p>\n<p>                <\/a><\/td>\n<td class=\"table-child--right  table-child--top table-child--w60 c-none cm-table\">\n                                    RE\n                        <\/td>\n<\/tr>\n<tr class=\" \" wp_automatic_readability=\"0.35294117647059\">\n<td class=\"table-child--centered table-child--top table-child--nowrap table-child--w60 txt-s1\">09:17<\/td>\n<td class=\"w-100\"><a href=\"https:\/\/www.zonebourse.com\/actualite-bourse\/les-bourses-europeennes-ouvrent-en-baisse-ce7d5fddd08af426\" class=\"txt- txt-overflow-2 link link--no-underline my-5 my-m-0 \" rel=\"nofollow noopener\" target=\"_blank\"><\/p>\n<p>Les Bourses europ\u00e9ennes ouvrent en baisse<\/p>\n<p>                <\/a><\/td>\n<td class=\"table-child--right  table-child--top table-child--w60 c-none cm-table\">\n                                    AW\n                        <\/td>\n<\/tr>\n<tr class=\" \" wp_automatic_readability=\"0.36\">\n<td class=\"table-child--centered table-child--top table-child--nowrap table-child--w60 txt-s1\">09:11<\/td>\n<td class=\"w-100\"><a href=\"https:\/\/www.zonebourse.com\/actualite-bourse\/le-taux-d-inflation-annuel-en-espagne-confirme-a-3-1-en-octobre-ce7d5fddd08bff26\" class=\"txt- txt-overflow-2 link link--no-underline my-5 my-m-0 \" rel=\"nofollow noopener\" target=\"_blank\"><\/p>\n<p>Le taux d&rsquo;inflation annuel en Espagne confirm\u00e9 \u00e0 3,1% en octobre<\/p>\n<p>                <\/a><\/td>\n<td class=\"table-child--right  table-child--top table-child--w60 c-none cm-table\">\n                                    MT\n                        <\/td>\n<\/tr>\n<tr class=\" \" wp_automatic_readability=\"0.35643564356436\">\n<td class=\"table-child--centered table-child--top table-child--nowrap table-child--w60 txt-s1\">08:56<\/td>\n<td class=\"w-100\"><a href=\"https:\/\/www.zonebourse.com\/actualite-bourse\/l-inflation-annuelle-en-france-ralentit-a-0-9-en-octobre-selon-les-donnees-definitives-ce7d5fddd089f22c\" class=\"txt- txt-overflow-2 link link--no-underline my-5 my-m-0 \" rel=\"nofollow noopener\" target=\"_blank\"><\/p>\n<p>L&rsquo;inflation annuelle en France ralentit \u00e0 0,9 % en octobre, selon les donn\u00e9es d\u00e9finitives<\/p>\n<p>                <\/a><\/td>\n<td class=\"table-child--right  table-child--top table-child--w60 c-none cm-table\">\n                                    MT\n                        <\/td>\n<\/tr>\n<tr class=\" \" wp_automatic_readability=\"0.17142857142857\">\n<td class=\"table-child--centered table-child--top table-child--nowrap table-child--w60 txt-s1\">08:38<\/td>\n<td class=\"w-100\"><a href=\"https:\/\/www.zonebourse.com\/actualite-bourse\/cac-40-la-bourse-de-paris-devrait-ouvrir-en-baisse-apres-l-acces-de-faiblesse-de-wall-street-ce7d5fddd181f223\" class=\"txt- txt-overflow-2 link link--no-underline my-5 my-m-0 \" rel=\"nofollow noopener\" target=\"_blank\"><\/p>\n<p>CAC 40 : La Bourse de Paris devrait ouvrir en baisse apr\u00e8s l&rsquo;acc\u00e8s de faiblesse de Wall Street<\/p>\n<p>                <\/a><\/td>\n<td class=\"table-child--right  table-child--top table-child--w60 c-none cm-table\">\n                                    DJ\n                        <\/td>\n<\/tr>\n<tr class=\" \" wp_automatic_readability=\"0.25714285714286\">\n<td class=\"table-child--centered table-child--top table-child--nowrap table-child--w60 txt-s1\">08:36<\/td>\n<td class=\"w-100\"><a href=\"https:\/\/www.zonebourse.com\/actualite-bourse\/cac-40-apres-une-semaine-faste-le-plus-dur-va-etre-de-tenir-ce7d5fddd181f520\" class=\"txt- txt-overflow-2 link link--no-underline my-5 my-m-0 \" rel=\"nofollow noopener\" target=\"_blank\"><\/p>\n<p>CAC 40 : apr\u00e8s une semaine faste, le plus dur va \u00eatre de tenir<\/p>\n<p>                <\/a><\/td>\n<td class=\"table-child--right  table-child--top table-child--w60 c-none cm-table\"><img loading=\"lazy\" decoding=\"async\" src=\"https:\/\/www.europesays.com\/fr\/wp-content\/uploads\/2025\/05\/logo_at.gif\" width=\"14\" height=\"8\" alt=\"Zonebourse\"\/><\/td>\n<\/tr>\n<tr class=\" \" wp_automatic_readability=\"0.31395348837209\">\n<td class=\"table-child--centered table-child--top table-child--nowrap table-child--w60 txt-s1\">08:25<\/td>\n<td class=\"w-100\"><a href=\"https:\/\/www.zonebourse.com\/actualite-bourse\/vallourec-ameliore-sa-rentabilite-au-3e-trimestre-benefice-net-en-hausse-ce7d5fddd18ff022\" class=\"txt- txt-overflow-2 link link--no-underline my-5 my-m-0 \" rel=\"nofollow noopener\" target=\"_blank\"><\/p>\n<p>Vallourec am\u00e9liore sa rentabilit\u00e9 au 3e trimestre, b\u00e9n\u00e9fice net en hausse<\/p>\n<p>                <\/a><\/td>\n<td class=\"table-child--right  table-child--top table-child--w60 c-none cm-table\">\n                                    AW\n                        <\/td>\n<\/tr>\n<tr class=\" \" wp_automatic_readability=\"0.31034482758621\">\n<td class=\"table-child--centered table-child--top table-child--nowrap table-child--w60 txt-s1\">07:51<\/td>\n<td class=\"w-100\"><a href=\"https:\/\/www.zonebourse.com\/actualite-bourse\/l-europe-vue-en-ordre-disperse-prudence-sur-la-fin-du-shutdown-et-les-taux-ce7d5fdddf8ff626\" class=\"txt- txt-overflow-2 link link--no-underline my-5 my-m-0 \" rel=\"nofollow noopener\" target=\"_blank\"><\/p>\n<p>L&rsquo;Europe vue en ordre dispers\u00e9, prudence sur la fin du \u00ab\u00a0shutdown\u00a0\u00bb et les taux<\/p>\n<p>                <\/a><\/td>\n<td class=\"table-child--right  table-child--top table-child--w60 c-none cm-table\">\n                                    RE\n                        <\/td>\n<\/tr>\n<tr class=\" \" wp_automatic_readability=\"0.31304347826087\">\n<td class=\"table-child--centered table-child--top table-child--nowrap table-child--w60 txt-s1\">08:25<\/td>\n<td class=\"w-100\"><a href=\"https:\/\/www.zonebourse.com\/actualite-bourse\/point-marches-l-europe-vue-en-ordre-disperse-prudence-sur-la-fin-du-shutdown-et-les-taux-ce7d5fdddf8cff2c\" class=\"txt- txt-overflow-2 link link--no-underline my-5 my-m-0 \" rel=\"nofollow noopener\" target=\"_blank\"><\/p>\n<p>Point march\u00e9s-L&rsquo;Europe vue en ordre dispers\u00e9, prudence sur la fin du \u00ab\u00a0shutdown\u00a0\u00bb et les taux (actualis\u00e9)<\/p>\n<p>                <\/a><\/td>\n<td class=\"table-child--right  table-child--top table-child--w60 c-none cm-table\">\n                                    RE\n                        <\/td>\n<\/tr>\n<tr class=\" \" wp_automatic_readability=\"0.28421052631579\">\n<td class=\"table-child--centered table-child--top table-child--nowrap table-child--w60 txt-s1\">\n    13\/11<\/td>\n<td class=\"w-100\"><a href=\"https:\/\/www.zonebourse.com\/actualite-bourse\/l-europe-finit-dans-le-rouge-attentisme-a-wall-street-apres-la-levee-du-shutdown-ce7d5fddd88aff24\" class=\"txt- txt-overflow-2 link link--no-underline my-5 my-m-0 \" rel=\"nofollow noopener\" target=\"_blank\"><\/p>\n<p>L&rsquo;Europe finit dans le rouge, attentisme \u00e0 Wall Street apr\u00e8s la lev\u00e9e du \u00ab\u00a0shutdown\u00a0\u00bb<\/p>\n<p>                <\/a><\/td>\n<td class=\"table-child--right  table-child--top table-child--w60 c-none cm-table\">\n                                    RE\n                        <\/td>\n<\/tr>\n<tr class=\" \" wp_automatic_readability=\"0.30681818181818\">\n<td class=\"table-child--centered table-child--top table-child--nowrap table-child--w60 txt-s1\">\n    13\/11<\/td>\n<td class=\"w-100\"><a href=\"https:\/\/www.zonebourse.com\/actualite-bourse\/wall-street-vue-stable-apres-la-fin-du-shutdown-l-europe-en-ordre-disperse-ce7d5fdcd18af12d\" class=\"txt- txt-overflow-2 link link--no-underline my-5 my-m-0 \" rel=\"nofollow noopener\" target=\"_blank\"><\/p>\n<p>Wall Street vue stable apr\u00e8s la fin du \u00ab\u00a0shutdown\u00a0\u00bb, l&rsquo;Europe en ordre dispers\u00e9<\/p>\n<p>                <\/a><\/td>\n<td class=\"table-child--right  table-child--top table-child--w60 c-none cm-table\">\n                                    RE\n                        <\/td>\n<\/tr>\n<tr class=\" \" wp_automatic_readability=\"0.19424460431655\">\n<td class=\"table-child--centered table-child--top table-child--nowrap table-child--w60 txt-s1\">\n    13\/11<\/td>\n<td class=\"w-100\"><a href=\"https:\/\/www.zonebourse.com\/actualite-bourse\/l-ue-ouvre-une-enquete-antitrust-sur-red-bull-pour-abus-potentiel-de-position-dominante-sur-le-march-ce7d5fdcde88f726\" class=\"txt- txt-overflow-2 link link--no-underline my-5 my-m-0 \" rel=\"nofollow noopener\" target=\"_blank\"><\/p>\n<p>L&rsquo;UE ouvre une enqu\u00eate antitrust sur Red Bull pour abus potentiel de position dominante sur le march\u00e9 des boissons \u00e9nergisantes<\/p>\n<p>                <\/a><\/td>\n<td class=\"table-child--right  table-child--top table-child--w60 c-none cm-table\">\n                                    MT\n                        <\/td>\n<\/tr>\n<p>Couleur : Varia.Varia. 5j.Variation 1 moisVariation 3 moisVariation 6 moisVaria. 1anVaria. 3ansVaria. 5ansVaria. 10ansVaria. 1 janv.<\/p>\n<p>Pond\u00e9ration : CapitalisationPond\u00e9rations Equipond\u00e9r\u00e9esPoids<\/p>\n<p>Regroupement : IndustrieSuper SecteursSuper Secteurs et SecteursIndustrie et ActionsSuper Secteurs et ActionsSecteurs et ActionsActions<\/p>\n<p><a class=\"c-block mt-10 link link__more\" href=\"https:\/\/www.zonebourse.com\/cours\/indice\/STOXX-EUROPE-600-INDEX-EU-7477\/heatmap\/\" rel=\"nofollow noopener\" target=\"_blank\"><br \/>\n                    Heatmap d\u00e9taill\u00e9e<br \/>\n                <\/a><br \/>\n    <img decoding=\"async\" src=\"https:\/\/www.europesays.com\/fr\/wp-content\/uploads\/2025\/04\/img_footer_appstore.png\" alt=\"Download from Apple Store\" loading=\"lazy\"\/><\/p>\n<p class=\"m-0\">NOS EXPERTS \u00c0 VOTRE \u00c9COUTE<\/p>\n<p class=\"m-0 txt-bold\">Lundi &#8211; Vendredi 9h-12h \/ 14h-18h<\/p>\n<p><img decoding=\"async\" src=\"https:\/\/www.europesays.com\/fr\/wp-content\/uploads\/2025\/04\/footer_logo_zb.png\" width=\"181\" height=\"24\" alt=\"Zonebourse, bourse en direct\" loading=\"lazy\"\/><br \/>\n                    Mentions l\u00e9gales<br \/>\n                |<br \/>\n                Param\u00e9trer les cookies<br \/>\n            |<br \/>\n                    Blog Zonebourse<br \/>\n                |<a href=\"https:\/\/www.zonebourse.com\/qui-sommes-nous\" class=\"link txt-footer\" rel=\"nofollow noopener\" target=\"_blank\"><br \/>\n                Qui sommes-nous ?<br \/>\n            <\/a>|<br \/>\n                Copyright \u00a9 2025 Surperformance SAS. Tous droits r\u00e9serv\u00e9s.<\/p>\n<p>\n            Les cotations sont fournies par Factset, Morningstar et S&amp;P Capital IQ\n        <\/p>\n<p class=\"pl-10 txt-bold m-0\">S\u00e9lectionnez votre \u00e9dition<\/p>\n<p class=\"txt-s1 txt-muted m-0 pl-10\">Toutes les informations financi\u00e8res adapt\u00e9es au niveau national<\/p>\n<\/td>\n","protected":false},"excerpt":{"rendered":"March\u00e9 Ferm\u00e9 &#8211; Switzerland 17:50:00 14\/11\/2025 Varia. 5j. Varia. 1 janv. 574,81 PTS -1,01\u00a0% +1,77\u00a0% +13,24\u00a0% Publi\u00e9 le&hellip;\n","protected":false},"author":2,"featured_media":111493,"comment_status":"","ping_status":"","sticky":false,"template":"","format":"standard","meta":{"footnotes":""},"categories":[1588],"tags":[11,340,1777,674,12,473,1853,1851,1850,1852],"class_list":{"0":"post-534172","1":"post","2":"type-post","3":"status-publish","4":"format-standard","5":"has-post-thumbnail","7":"category-royaume-uni","8":"tag-actualites","9":"tag-bourse","10":"tag-eu","11":"tag-europe","12":"tag-news","13":"tag-royaume-uni","14":"tag-royaume-uni-de-grande-bretagne-et-dirlande-du-nord","15":"tag-uk","16":"tag-united-kingdom","17":"tag-united-kingdom-of-great-britain-and-northern-ireland"},"share_on_mastodon":{"url":"https:\/\/pubeurope.com\/@fr\/115549327018256950","error":""},"_links":{"self":[{"href":"https:\/\/www.europesays.com\/fr\/wp-json\/wp\/v2\/posts\/534172","targetHints":{"allow":["GET"]}}],"collection":[{"href":"https:\/\/www.europesays.com\/fr\/wp-json\/wp\/v2\/posts"}],"about":[{"href":"https:\/\/www.europesays.com\/fr\/wp-json\/wp\/v2\/types\/post"}],"author":[{"embeddable":true,"href":"https:\/\/www.europesays.com\/fr\/wp-json\/wp\/v2\/users\/2"}],"replies":[{"embeddable":true,"href":"https:\/\/www.europesays.com\/fr\/wp-json\/wp\/v2\/comments?post=534172"}],"version-history":[{"count":0,"href":"https:\/\/www.europesays.com\/fr\/wp-json\/wp\/v2\/posts\/534172\/revisions"}],"wp:featuredmedia":[{"embeddable":true,"href":"https:\/\/www.europesays.com\/fr\/wp-json\/wp\/v2\/media\/111493"}],"wp:attachment":[{"href":"https:\/\/www.europesays.com\/fr\/wp-json\/wp\/v2\/media?parent=534172"}],"wp:term":[{"taxonomy":"category","embeddable":true,"href":"https:\/\/www.europesays.com\/fr\/wp-json\/wp\/v2\/categories?post=534172"},{"taxonomy":"post_tag","embeddable":true,"href":"https:\/\/www.europesays.com\/fr\/wp-json\/wp\/v2\/tags?post=534172"}],"curies":[{"name":"wp","href":"https:\/\/api.w.org\/{rel}","templated":true}]}}