{"id":534173,"date":"2025-11-14T17:52:16","date_gmt":"2025-11-14T17:52:16","guid":{"rendered":"https:\/\/www.europesays.com\/fr\/534173\/"},"modified":"2025-11-14T17:52:16","modified_gmt":"2025-11-14T17:52:16","slug":"lallemagne-condamne-lattaque-perpetree-par-des-colons-israeliens-extremistes-contre-une-mosquee-en-cisjordanie","status":"publish","type":"post","link":"https:\/\/www.europesays.com\/fr\/534173\/","title":{"rendered":"L&rsquo;Allemagne condamne l&rsquo;attaque perp\u00e9tr\u00e9e par des colons isra\u00e9liens extr\u00e9mistes contre une mosqu\u00e9e en Cisjordanie"},"content":{"rendered":"<p style=\"text-align:justify;\">AA \/ Berlin \/ Ayhan Simsek <\/p>\n<p style=\"text-align:justify;\">L\u2019Allemagne a condamn\u00e9 jeudi une attaque men\u00e9e par des colons isra\u00e9liens extr\u00e9mistes contre une mosqu\u00e9e en Cisjordanie, dans un contexte de recrudescence de la violence des colons dans les territoires palestiniens occup\u00e9s.<\/p>\n<p style=\"text-align:justify;\">\u00ab Nous condamnons l\u2019incendie criminel perp\u00e9tr\u00e9 contre une mosqu\u00e9e \u00e0 Deir Istiya, en Cisjordanie \u00bb, a d\u00e9clar\u00e9 le minist\u00e8re allemand des Affaires \u00e9trang\u00e8res dans un communiqu\u00e9 publi\u00e9 sur les r\u00e9seaux sociaux.<\/p>\n<p style=\"text-align:justify;\">\u00ab La r\u00e9cente mont\u00e9e de la violence des colons extr\u00e9mistes est profond\u00e9ment inqui\u00e9tante. Cette violence doit cesser, les incidents doivent \u00eatre examin\u00e9s en profondeur et les responsables tenus pour compte \u00bb, a ajout\u00e9 le minist\u00e8re.<\/p>\n<p style=\"text-align:justify;\">Selon les autorit\u00e9s locales et les m\u00e9dias, des colons isra\u00e9liens ont incendi\u00e9 et profan\u00e9 une mosqu\u00e9e dans un village palestinien du centre de la Cisjordanie dans la nuit de mercredi \u00e0 jeudi.<\/p>\n<p style=\"text-align:justify;\">Depuis le d\u00e9but de la guerre \u00e0 Gaza en octobre 2023, les attaques de l\u2019arm\u00e9e isra\u00e9lienne et des colons ill\u00e9gaux se sont intensifi\u00e9es en Cisjordanie occup\u00e9e. Selon les chiffres palestiniens, plus de 1 070 Palestiniens ont \u00e9t\u00e9 tu\u00e9s et 10 300 autres bless\u00e9s.<\/p>\n<p style=\"text-align:justify;\">Les Nations unies et des organisations de d\u00e9fense des droits humains ont document\u00e9 des centaines d\u2019attaques de colons contre des Palestiniens et leurs biens entre 2024 et 2025, comprenant incendies, vandalisme et agressions physiques. Ces attaques surviennent souvent en pr\u00e9sence des forces isra\u00e9liennes, qui interviennent rarement.<\/p>\n<p style=\"text-align:justify;\">En juillet 2024, la Cour internationale de Justice avait rendu un avis consultatif historique d\u00e9clarant ill\u00e9gale, au regard du droit international, l\u2019occupation isra\u00e9lienne de longue dur\u00e9e de la Cisjordanie, de J\u00e9rusalem-Est et de Gaza. La Cour avait appel\u00e9 \u00e0 l\u2019\u00e9vacuation de toutes les colonies isra\u00e9liennes et \u00e0 la fin des politiques modifiant la composition d\u00e9mographique de ces territoires.<\/p>\n<p style=\"text-align:justify;\">*Traduit de l\u2019anglais par Wafae El Baghouani<\/p>\n<p>                            &#13;<br \/>\n                                <a href=\"https:\/\/www.aa.com.tr\/fr\/p\/abonnement\/1001\" target=\"_blank\" style=\"font-size:12px; color:#444; text-decoration:none;\" rel=\"noopener\">&#13;<br \/>\n                                    Seulement une partie des d\u00e9p\u00eaches, que l&rsquo;Agence Anadolu diffuse \u00e0 ses abonn\u00e9s via le Syst\u00e8me de Diffusion interne (HAS), est diffus\u00e9e sur le site de l&rsquo;AA, de mani\u00e8re r\u00e9sum\u00e9e. <b style=\"color:#1897F7\">Contactez-nous s&rsquo;il vous pla\u00eet pour vous abonner.<\/b>&#13;<br \/>\n                                <\/a>&#13;<\/p>\n","protected":false},"excerpt":{"rendered":"AA \/ Berlin \/ Ayhan Simsek L\u2019Allemagne a condamn\u00e9 jeudi une attaque men\u00e9e par des colons isra\u00e9liens extr\u00e9mistes&hellip;\n","protected":false},"author":2,"featured_media":534174,"comment_status":"","ping_status":"","sticky":false,"template":"","format":"standard","meta":{"footnotes":""},"categories":[1587],"tags":[11,672,1785,1804,2486,1805,1803,1777,674,1801,3442,12,3518,1802],"class_list":{"0":"post-534173","1":"post","2":"type-post","3":"status-publish","4":"format-standard","5":"has-post-thumbnail","7":"category-allemagne","8":"tag-actualites","9":"tag-allemagne","10":"tag-anadolu-ajansi","11":"tag-bundesrepublik-deutschland","12":"tag-cisjordanie","13":"tag-de","14":"tag-deutschland","15":"tag-eu","16":"tag-europe","17":"tag-germany","18":"tag-lallemagne","19":"tag-news","20":"tag-palestine","21":"tag-republique-federale-dallemagne"},"share_on_mastodon":{"url":"https:\/\/pubeurope.com\/@fr\/115549329490739560","error":""},"_links":{"self":[{"href":"https:\/\/www.europesays.com\/fr\/wp-json\/wp\/v2\/posts\/534173","targetHints":{"allow":["GET"]}}],"collection":[{"href":"https:\/\/www.europesays.com\/fr\/wp-json\/wp\/v2\/posts"}],"about":[{"href":"https:\/\/www.europesays.com\/fr\/wp-json\/wp\/v2\/types\/post"}],"author":[{"embeddable":true,"href":"https:\/\/www.europesays.com\/fr\/wp-json\/wp\/v2\/users\/2"}],"replies":[{"embeddable":true,"href":"https:\/\/www.europesays.com\/fr\/wp-json\/wp\/v2\/comments?post=534173"}],"version-history":[{"count":0,"href":"https:\/\/www.europesays.com\/fr\/wp-json\/wp\/v2\/posts\/534173\/revisions"}],"wp:featuredmedia":[{"embeddable":true,"href":"https:\/\/www.europesays.com\/fr\/wp-json\/wp\/v2\/media\/534174"}],"wp:attachment":[{"href":"https:\/\/www.europesays.com\/fr\/wp-json\/wp\/v2\/media?parent=534173"}],"wp:term":[{"taxonomy":"category","embeddable":true,"href":"https:\/\/www.europesays.com\/fr\/wp-json\/wp\/v2\/categories?post=534173"},{"taxonomy":"post_tag","embeddable":true,"href":"https:\/\/www.europesays.com\/fr\/wp-json\/wp\/v2\/tags?post=534173"}],"curies":[{"name":"wp","href":"https:\/\/api.w.org\/{rel}","templated":true}]}}