{"id":534177,"date":"2025-11-14T17:54:15","date_gmt":"2025-11-14T17:54:15","guid":{"rendered":"https:\/\/www.europesays.com\/fr\/534177\/"},"modified":"2025-11-14T17:54:15","modified_gmt":"2025-11-14T17:54:15","slug":"passez-de-la-theorie-a-laction-locale-avec-sparkle","status":"publish","type":"post","link":"https:\/\/www.europesays.com\/fr\/534177\/","title":{"rendered":"Passez de la th\u00e9orie \u00e0 l\u2019action locale avec SPARKLE !"},"content":{"rendered":"<p>Comment renforcer les capacit\u00e9s des territoires pour acc\u00e9l\u00e9rer la transition \u00e9nerg\u00e9tique et climatique ? Le projet europ\u00e9en\u00a0<a href=\"https:\/\/energy-cities.eu\/fr\/projet\/sparkle\/\" class=\"ecl-link ecl-link--icon\" target=\"_blank\" rel=\"noopener\">SPARKLE<\/a> accompagne les collectivit\u00e9s \u00e0 travers une <a href=\"https:\/\/urldefense.com\/v3\/__https:\/localtransitionslearning.eu\/mod\/page\/view.php?id=1264__;!!DOxrgLBm!GEXiL8rzrBepHuNR4oB-SG101FN45OjbOyyU-ugHTwq99uwpN5WlWscfQTtwLa4EVkbY6lVXoQcSU_RrYC8be8dQ-Edv6CcGncTUy33wkQ%24\" class=\"ecl-link ecl-link--icon\" target=\"_blank\" rel=\"noopener\">plateforme d\u2019apprentissage en ligne<\/a> pour se former \u00e0 la planification int\u00e9gr\u00e9e, \u00e0 l\u2019utilisation des donn\u00e9es et \u00e0 la gestion du changement, et\u00a0<a href=\"https:\/\/urldefense.com\/v3\/__https:\/energy-cities.eu\/project\/sparkle-schools\/__;!!DOxrgLBm!GEXiL8rzrBepHuNR4oB-SG101FN45OjbOyyU-ugHTwq99uwpN5WlWscfQTtwLa4EVkbY6lVXoQcSU_RrYC8be8dQ-Edv6CcGncS0MewVsg%24\" class=\"ecl-link ecl-link--icon\" target=\"_blank\" rel=\"noopener\">5 ateliers th\u00e9matiques en 2026<\/a> dans 5 villes diff\u00e9rentes europ\u00e9ennes.<\/p>\n<p>Lors de ce webinaire, d\u00e9couvrez l\u2019ensemble de l\u2019offre SPARKLE et plus particuli\u00e8rement l\u2019atelier d\u2019Albertville de juin 2026, consacr\u00e9 aux syst\u00e8mes alimentaires durables. Pendant deux jours, les participant\u00b7es y exploreront comment produire localement, r\u00e9duire le gaspillage et promouvoir une alimentation plus saine et plus respectueuse du climat.<\/p>\n<p><strong>Date :\u00a0<\/strong>Mercredi 26 novembre 2025, 10h-12h\u00a0<\/p>\n<p><strong>Langue\u00a0:<\/strong> fran\u00e7ais<strong> \u00a0<\/strong><\/p>\n<p><strong>Lien d\u2019inscription\u00a0:<\/strong><a href=\"https:\/\/events.teams.microsoft.com\/event\/a3ebdfe2-61ba-4df2-ba8b-951d762fdd2c@0288dd07-42ba-4867-9cd7-e08708ec577a\" class=\"ecl-link ecl-link--icon\" target=\"_blank\" rel=\"noopener\"> ici<\/a><\/p>\n<p>\u00a0<\/p>\n<p><strong>Contexte\u00a0:<\/strong><\/p>\n<p>SPARKLE vise \u00e0 renforcer les comp\u00e9tences des collectivit\u00e9s locales europ\u00e9ennes pour conduire des transitions durables, sobres et inclusives. Ce programme d\u2019apprentissage d\u00e9veloppera les capacit\u00e9s de plus de 600 autorit\u00e9s locales et r\u00e9gionales en les aidant \u00e0 am\u00e9liorer leurs comp\u00e9tences, en leur offrant des\u00a0possibilit\u00e9s d\u2019apprentissage, des outils, du soutien et de l\u2019inspiration pour d\u00e9velopper et mettre en \u0153uvre avec succ\u00e8s leur transition vers l\u2019\u00e9nergie propre.<\/p>\n<p>Le projet SPARKLE est cofinanc\u00e9 par le programme LIFE de l\u2019Union europ\u00e9enne.<\/p>\n<p><strong>Pour alles plus loin\u00a0:<\/strong>\u00a0<\/p>\n<p><a href=\"https:\/\/energy-cities.eu\/fr\/rejoignez-notre-communaute\/\" class=\"ecl-link ecl-link--icon\" target=\"_blank\" rel=\"noopener\">Rejoignez le r\u00e9seau Energy Cities<\/a><\/p>\n","protected":false},"excerpt":{"rendered":"Comment renforcer les capacit\u00e9s des territoires pour acc\u00e9l\u00e9rer la transition \u00e9nerg\u00e9tique et climatique ? Le projet europ\u00e9en\u00a0SPARKLE accompagne&hellip;\n","protected":false},"author":2,"featured_media":534178,"comment_status":"","ping_status":"","sticky":false,"template":"","format":"standard","meta":{"footnotes":""},"categories":[1586],"tags":[11,39045,1777,674,1779,1011,27,12,25,1778,364],"class_list":{"0":"post-534177","1":"post","2":"type-post","3":"status-publish","4":"format-standard","5":"has-post-thumbnail","7":"category-europe","8":"tag-actualites","9":"tag-collectivite-territoriale","10":"tag-eu","11":"tag-europe","12":"tag-european-union","13":"tag-fr","14":"tag-france","15":"tag-news","16":"tag-republique-francaise","17":"tag-ue","18":"tag-union-europeenne"},"share_on_mastodon":{"url":"https:\/\/pubeurope.com\/@fr\/115549337375148498","error":""},"_links":{"self":[{"href":"https:\/\/www.europesays.com\/fr\/wp-json\/wp\/v2\/posts\/534177","targetHints":{"allow":["GET"]}}],"collection":[{"href":"https:\/\/www.europesays.com\/fr\/wp-json\/wp\/v2\/posts"}],"about":[{"href":"https:\/\/www.europesays.com\/fr\/wp-json\/wp\/v2\/types\/post"}],"author":[{"embeddable":true,"href":"https:\/\/www.europesays.com\/fr\/wp-json\/wp\/v2\/users\/2"}],"replies":[{"embeddable":true,"href":"https:\/\/www.europesays.com\/fr\/wp-json\/wp\/v2\/comments?post=534177"}],"version-history":[{"count":0,"href":"https:\/\/www.europesays.com\/fr\/wp-json\/wp\/v2\/posts\/534177\/revisions"}],"wp:featuredmedia":[{"embeddable":true,"href":"https:\/\/www.europesays.com\/fr\/wp-json\/wp\/v2\/media\/534178"}],"wp:attachment":[{"href":"https:\/\/www.europesays.com\/fr\/wp-json\/wp\/v2\/media?parent=534177"}],"wp:term":[{"taxonomy":"category","embeddable":true,"href":"https:\/\/www.europesays.com\/fr\/wp-json\/wp\/v2\/categories?post=534177"},{"taxonomy":"post_tag","embeddable":true,"href":"https:\/\/www.europesays.com\/fr\/wp-json\/wp\/v2\/tags?post=534177"}],"curies":[{"name":"wp","href":"https:\/\/api.w.org\/{rel}","templated":true}]}}