{"id":534185,"date":"2025-11-14T17:58:17","date_gmt":"2025-11-14T17:58:17","guid":{"rendered":"https:\/\/www.europesays.com\/fr\/534185\/"},"modified":"2025-11-14T17:58:17","modified_gmt":"2025-11-14T17:58:17","slug":"le-premier-tour-du-butterfield-bermuda-championship-suspendu-rozner-provisoirement-68e-lequipe","status":"publish","type":"post","link":"https:\/\/www.europesays.com\/fr\/534185\/","title":{"rendered":"Le premier tour du Butterfield Bermuda Championship suspendu, Rozner provisoirement 68e &#8211; L&#039;\u00c9quipe"},"content":{"rendered":"<ol>\n<li><a href=\"https:\/\/news.google.com\/rss\/articles\/CBMizgFBVV95cUxPWGVVNnZYZUxJRlAtUGI2QTVSTU4xVWw4S21pRXpaTDlNaWhkVnRLbXJBaEtocFZIS3ZyNVd4Q3BFWmFCOGl0S2ladjFaOGpSa28tTFlxclA1RXRPSkExZkRKTEFWMGtfeDZySVRjNWNTSkkyaU1keUw4Q2tSM1RwdUdqemZrclJ2V2xoWlZlLU8tNTNCNE9lZHJPdWI2d0gxckNQdnVNVUwxOGctR2p1WG5xelVhenZLWW9TeENJa3Z2UnFLNF90bzhZTWpvQQ?oc=5\" target=\"_blank\" rel=\"nofollow noopener\">Le premier tour du Butterfield Bermuda Championship suspendu, Rozner provisoirement 68e<\/a>&nbsp;&nbsp;L&rsquo;\u00c9quipe<\/li>\n<li><a href=\"https:\/\/news.google.com\/rss\/articles\/CBMiuAFBVV95cUxPazBONFRfWUxkUEpCaVlkSW9uejA2dUR0eS1YMUZXZi01Ui1PSkxiUW10Tzh4dS0yYUFMNzBBV0lQZEttdlgtVHQ1QkM2UUpfVUF0NjRNaE5KaVo5YVptMS1ER3VZdXZxWUFIOXNidUtzQTM2SF9TN25KUWlWdkRiZTVSZmNjRnpDUVl1VUtnbWNqTkVuenhoR2xfTG9rSFk5SkVzdE1weXBYdVUwaTFBLUt6NXhBcGYt?oc=5\" target=\"_blank\" rel=\"nofollow noopener\">Hadwin en t\u00eate aux Bermudes, des Fran\u00e7ais en souffrance, Couilleau \u00e0 la hauteur<\/a>&nbsp;&nbsp;Golf Plan\u00e8te<\/li>\n<li><a href=\"https:\/\/news.google.com\/rss\/articles\/CBMingFBVV95cUxQRzlRcnY4YlVBTE1lNm1hZWxJdTJ0MXQ3ZDFRWTFTeEJvV1NSMnE3bGt3MUxRRzEtLXhIQUI4anZSM1RoS1ROLVU3SEVydWtLT3ZUczU0X1dBQWVZZ1B6UkFMbks3RElqSC01U3JpS3B1OWF3Ty1ZRG9GRkFfUFNaUkxKRHBrZnJCMy1qZS1oWGFnZHUzYVVPQ3A5ek9yUQ?oc=5\" target=\"_blank\" rel=\"nofollow noopener\">Golf : Adam Hadwin fait un bon 1er pas pour conserver sa carte de la PGA<\/a>&nbsp;&nbsp;RDS<\/li>\n<li><a href=\"https:\/\/news.google.com\/rss\/articles\/CBMifkFVX3lxTE0ya1pEdnV1SXg4c1pkUHY3WlNZNG9CRnpYUkp0T1R0c2E0elZ1QjFrVEN4dE5YTmlkeXAyRzczbDg5NTQxUVJwZnFFNThFRk0xMDlCNjhmRmtpQUVsalMtbXdUZUw5Wm1lZFhZVTVHNkNJVWJydDhVcEpRT1VZdw?oc=5\" target=\"_blank\" rel=\"nofollow noopener\">Golf : Championnat des Bermudes<\/a>&nbsp;&nbsp;T\u00e9l\u00e9pro<\/li>\n<li><a href=\"https:\/\/news.google.com\/rss\/articles\/CBMiywFBVV95cUxQSlkxSzVVTG9pVW5qV3FKU2ZZdkVfY1VtVzZfeXRaYmFwUmlURnVOQm11T1hEaWhBaDF0T0FGcFppRXZSVnZfeFFNWjdDS2pjWXBhekllRGx4RG5UNzFzYjgxbFZscTdaVUNpSEwyZUQwLVlzRU50QUpjQkpWVHFkLURNREdFV0hreFhFX0RHV2JVWmVqLUhIRHc2dTcwMG5zakNBRXF4YUc1dHhmS2pqWjVoTi1jT1M4OUxCSC1CZmYteC1sVW5uRmROWQ?oc=5\" target=\"_blank\" rel=\"nofollow noopener\">Adam Hadwin m\u00e8ne aux Bermudes alors qu&rsquo;il tente de garder sa carte de la PGA<\/a>&nbsp;&nbsp;MSN<\/li>\n<\/ol>\n","protected":false},"excerpt":{"rendered":"Le premier tour du Butterfield Bermuda Championship suspendu, Rozner provisoirement 68e&nbsp;&nbsp;L&rsquo;\u00c9quipe Hadwin en t\u00eate aux Bermudes, des Fran\u00e7ais&hellip;\n","protected":false},"author":2,"featured_media":534186,"comment_status":"","ping_status":"","sticky":false,"template":"","format":"standard","meta":{"footnotes":""},"categories":[1418],"tags":[1011,27,1472,60],"class_list":{"0":"post-534185","1":"post","2":"type-post","3":"status-publish","4":"format-standard","5":"has-post-thumbnail","7":"category-golf","8":"tag-fr","9":"tag-france","10":"tag-golf","11":"tag-sports"},"share_on_mastodon":{"url":"https:\/\/pubeurope.com\/@fr\/115549352925223607","error":""},"_links":{"self":[{"href":"https:\/\/www.europesays.com\/fr\/wp-json\/wp\/v2\/posts\/534185","targetHints":{"allow":["GET"]}}],"collection":[{"href":"https:\/\/www.europesays.com\/fr\/wp-json\/wp\/v2\/posts"}],"about":[{"href":"https:\/\/www.europesays.com\/fr\/wp-json\/wp\/v2\/types\/post"}],"author":[{"embeddable":true,"href":"https:\/\/www.europesays.com\/fr\/wp-json\/wp\/v2\/users\/2"}],"replies":[{"embeddable":true,"href":"https:\/\/www.europesays.com\/fr\/wp-json\/wp\/v2\/comments?post=534185"}],"version-history":[{"count":0,"href":"https:\/\/www.europesays.com\/fr\/wp-json\/wp\/v2\/posts\/534185\/revisions"}],"wp:featuredmedia":[{"embeddable":true,"href":"https:\/\/www.europesays.com\/fr\/wp-json\/wp\/v2\/media\/534186"}],"wp:attachment":[{"href":"https:\/\/www.europesays.com\/fr\/wp-json\/wp\/v2\/media?parent=534185"}],"wp:term":[{"taxonomy":"category","embeddable":true,"href":"https:\/\/www.europesays.com\/fr\/wp-json\/wp\/v2\/categories?post=534185"},{"taxonomy":"post_tag","embeddable":true,"href":"https:\/\/www.europesays.com\/fr\/wp-json\/wp\/v2\/tags?post=534185"}],"curies":[{"name":"wp","href":"https:\/\/api.w.org\/{rel}","templated":true}]}}