{"id":534187,"date":"2025-11-14T18:00:22","date_gmt":"2025-11-14T18:00:22","guid":{"rendered":"https:\/\/www.europesays.com\/fr\/534187\/"},"modified":"2025-11-14T18:00:22","modified_gmt":"2025-11-14T18:00:22","slug":"rugby-un-biais-de-perception-raciale-le-coup-de-colere-de-deux-joueuses-des-bleues-apres-avoir-ete-confondues","status":"publish","type":"post","link":"https:\/\/www.europesays.com\/fr\/534187\/","title":{"rendered":"Rugby\u00a0: \u00ab\u00a0Un biais de perception raciale\u00a0!\u00a0\u00bb Le coup de col\u00e8re de deux joueuses des Bleues apr\u00e8s avoir \u00e9t\u00e9 confondues"},"content":{"rendered":"<p>\n                                                                    l&rsquo;essentiel<br \/>\n                                                                Les deux jeunes femmes se sont exprim\u00e9es sur leurs r\u00e9seaux sociaux, exprimant un certain ras-le-bol et un \u00ab\u00a0manque de consid\u00e9ration\u00a0\u00bb.\n                            <\/p>\n<p>ELle a pris la parole, sur les r\u00e9seaux sociaux, pour d\u00e9noncer une situation qu\u2019elle juge\u00a0d\u00e9sormais insupportable\u00a0: mardi 4\u00a0novembre dernier, Madoussou Fall Raclot, deuxi\u00e8me ligne du Stade Bordelais et du XV de France a d\u00e9plor\u00e9 avoir \u00e9t\u00e9 confondue avec Yllana Brosseau, pili\u00e8re de l\u2019ASM Romagnat.<\/p>\n<p>Dans sa pubication, la joueuse d\u00e9clare sans d\u00e9tour\u00a0: \u00ab\u00a0Ce n\u2019est pas la premi\u00e8re fois. Confondre deux personnes juste parce qu\u2019elles ont la m\u00eame couleur, ce n\u2019est pas une erreur, c\u2019est un manque de consid\u00e9ration\u00a0\u00bb lance-t-elle comme rep\u00e9r\u00e9 par <a href=\"https:\/\/www.rugbyscope.fr\/rugby-feminin-apprenez-a-nous-voir-le-message-fort-de-madoussou-fall-raclot-et-yllana-brosseau\/\" target=\"_blank\" rel=\"nofollow noopener\">Rugby Scope<\/a>.<\/p>\n<p>Sa co\u00e9quipi\u00e8re en s\u00e9lection, Yllana Brosseau, a repris ce point de vue\u00a0: \u00ab\u00a0Ce n\u2019est pas du racisme, mais un biais de perception raciale\u00a0: une confusion li\u00e9e \u00e0 des st\u00e9r\u00e9otypes inconscients.\u00a0\u00bb<\/p>\n<p class=\"std-elt__inline\">\n        <strong>\u00c0 lire aussi :<\/strong><br \/>\n        <a href=\"https:\/\/www.ladepeche.fr\/2025\/10\/05\/entretien-lequipe-a-progresse-depuis-2022-mais-forcement-rentrer-bredouilles-la-joueuse-des-bleues-et-de-blagnac-emilie-boulard-debriefe-le-mondial-12972985.php\" rel=\"nofollow noopener\" target=\"_blank\">ENTRETIEN. \u00ab\u00a0L\u2019\u00e9quipe a progress\u00e9 depuis 2022 mais, forc\u00e9ment, rentrer bredouilles\u2026\u00a0\u00bb La joueuse des Bleues et de Blagnac \u00c9milie Boulard d\u00e9briefe le Mondial f\u00e9minin<\/a>\n    <\/p>\n<p>Pour la joueuse de Clermont, ces confusions r\u00e9currentes, jusque dans certains m\u00e9dias sp\u00e9cialis\u00e9s, illustrent surtout \u00ab\u00a0le fait que le rugby f\u00e9minin n\u2019est pas trait\u00e9 avec la m\u00eame exigence que le rugby masculin\u00a0\u00bb.<\/p>\n<p>\u00ab\u00a0Apprenez \u00e0 nous respecter\u00a0\u00bb<\/p>\n<p>Cette mise au point s\u2019inscrit dans un contexte plus large\u00a0: malgr\u00e9 le succ\u00e8s et la visibilit\u00e9 croissante du XV de France f\u00e9minin, les joueuses d\u00e9noncent des approximations et des erreurs qui peuvent para\u00eetre anodines mais finissent par marquer.<\/p>\n<p>\u00ab\u00a0On ne d\u00e9nonce pas quelqu\u2019un. On d\u00e9nonce le fait que certains articles manquent de pr\u00e9cision, on d\u00e9nonce le fait que le rugby f\u00e9minin n\u2019est pas trait\u00e9 avec la m\u00eame exigence que le rugby masculin\u00a0\u00bb, insiste Brosseau.<\/p>\n<p class=\"std-elt__inline\">\n        <strong>\u00c0 lire aussi :<\/strong><br \/>\n        <a href=\"https:\/\/www.ladepeche.fr\/2025\/10\/03\/rugby-limpression-de-ne-plus-reconnaitre-lequipe-de-france-le-terrible-constat-dune-joueuse-des-bleues-apres-lechec-en-coupe-du-monde-12970329.php\" rel=\"nofollow noopener\" target=\"_blank\">Rugby\u00a0: \u00ab\u00a0L\u2019impression de ne plus reconna\u00eetre l\u2019\u00e9quipe de France\u2026\u00a0\u00bb Le terrible constat d\u2019une joueuse des Bleues apr\u00e8s l\u2019\u00e9chec en Coupe du monde<\/a>\n    <\/p>\n<p>Le message des deux internationales est clair et d\u00e9termin\u00e9\u00a0: elles veulent \u00eatre reconnues pour ce qu\u2019elles sont, et non r\u00e9duites \u00e0 des st\u00e9r\u00e9otypes. Fall Raclot conclut ainsi, avec une force tranquille\u00a0: \u00ab\u00a0Apprenez \u00e0 nous voir. Apprenez \u00e0 nous respecter. Apprenez \u00e0 nous reconna\u00eetre.\u00a0\u00bb<\/p>\n","protected":false},"excerpt":{"rendered":"l&rsquo;essentiel Les deux jeunes femmes se sont exprim\u00e9es sur leurs r\u00e9seaux sociaux, exprimant un certain ras-le-bol et un&hellip;\n","protected":false},"author":2,"featured_media":534188,"comment_status":"","ping_status":"","sticky":false,"template":"","format":"standard","meta":{"footnotes":""},"categories":[1416],"tags":[1011,27,479,1468,60],"class_list":{"0":"post-534187","1":"post","2":"type-post","3":"status-publish","4":"format-standard","5":"has-post-thumbnail","7":"category-rugby","8":"tag-fr","9":"tag-france","10":"tag-rugby","11":"tag-rugby-football","12":"tag-sports"},"share_on_mastodon":{"url":"https:\/\/pubeurope.com\/@fr\/115549360976340502","error":""},"_links":{"self":[{"href":"https:\/\/www.europesays.com\/fr\/wp-json\/wp\/v2\/posts\/534187","targetHints":{"allow":["GET"]}}],"collection":[{"href":"https:\/\/www.europesays.com\/fr\/wp-json\/wp\/v2\/posts"}],"about":[{"href":"https:\/\/www.europesays.com\/fr\/wp-json\/wp\/v2\/types\/post"}],"author":[{"embeddable":true,"href":"https:\/\/www.europesays.com\/fr\/wp-json\/wp\/v2\/users\/2"}],"replies":[{"embeddable":true,"href":"https:\/\/www.europesays.com\/fr\/wp-json\/wp\/v2\/comments?post=534187"}],"version-history":[{"count":0,"href":"https:\/\/www.europesays.com\/fr\/wp-json\/wp\/v2\/posts\/534187\/revisions"}],"wp:featuredmedia":[{"embeddable":true,"href":"https:\/\/www.europesays.com\/fr\/wp-json\/wp\/v2\/media\/534188"}],"wp:attachment":[{"href":"https:\/\/www.europesays.com\/fr\/wp-json\/wp\/v2\/media?parent=534187"}],"wp:term":[{"taxonomy":"category","embeddable":true,"href":"https:\/\/www.europesays.com\/fr\/wp-json\/wp\/v2\/categories?post=534187"},{"taxonomy":"post_tag","embeddable":true,"href":"https:\/\/www.europesays.com\/fr\/wp-json\/wp\/v2\/tags?post=534187"}],"curies":[{"name":"wp","href":"https:\/\/api.w.org\/{rel}","templated":true}]}}