{"id":534195,"date":"2025-11-14T18:07:14","date_gmt":"2025-11-14T18:07:14","guid":{"rendered":"https:\/\/www.europesays.com\/fr\/534195\/"},"modified":"2025-11-14T18:07:14","modified_gmt":"2025-11-14T18:07:14","slug":"karim-benzema-repond-au-militant-dextreme-droite-damien-rieu-qui-denonce-la-presence-de-sa-femme-lyna-khoudri-a-lhommage-au-13-novembre","status":"publish","type":"post","link":"https:\/\/www.europesays.com\/fr\/534195\/","title":{"rendered":"Karim Benzema r\u00e9pond au militant d\u2019extr\u00eame droite Damien Rieu qui d\u00e9nonce la pr\u00e9sence de sa femme Lyna Khoudri \u00e0 l&rsquo;hommage au 13-Novembre"},"content":{"rendered":"<p class=\"article-p mdl\">Ce jeudi 13 novembre au soir, l&rsquo;actrice Lyna Khoudri, compagne de Karim Benzema depuis juillet dernier, a particip\u00e9 \u00e0\u00a0<a class=\"link\" href=\"https:\/\/www.rtl.fr\/actu\/debats-societe\/stade-de-france-terrasses-bataclan-jardin-du-souvenir-les-images-des-commemorations-du-13-novembre-7900566294\" title=\"Stade de France, terrasses, Bataclan, Jardin du souvenir : les images des comm\u00e9morations du 13-Novembre\" target=\"_blank\" rel=\"noopener\">la comm\u00e9moration des attentats du 13-Novembre<\/a>, lisant la Pri\u00e8re aux vivants pour leur pardonner d\u2019\u00eatre vivants\u00a0de Charlotte Delbo lors de la c\u00e9r\u00e9monie au Jardin du souvenir, \u00e0 Paris.\u00a0<\/p>\n<p class=\"article-p mdl\">Ce choix a suscit\u00e9 l\u2019hostilit\u00e9 du militant d&rsquo;extr\u00eame droite Damien Rieu. Sur X, il s\u2019est indign\u00e9 de la pr\u00e9sence de l\u2019actrice de 33 ans, \u00e0 l&rsquo;affiche des films 13 jours 13 nuits, Les Aigles de la R\u00e9publique et Le Gang des Amazones sortis cette ann\u00e9e et\u00a0r\u00e9compens\u00e9e du C\u00e9sar du meilleur espoir f\u00e9minin en 2019 pour son r\u00f4le dans le film Papicha, insinuant qu\u2019elle ne devrait pas participer \u00e0 un hommage national. Un reproche auquel le compagnon de l&rsquo;actrice, Karim Benzema s&rsquo;est empress\u00e9 de r\u00e9pliquer sur X.<\/p>\n<p class=\"article-p mdl\">\u00ab\u00a0Pour honorer les victimes du 13 Novembre, ils n\u2019ont trouv\u00e9 personne d\u2019autre que\u00a0<a class=\"link\" href=\"https:\/\/www.rtl.fr\/culture\/musique\/les-3-mousquetaires-decouvrez-en-exclusivite-le-casting-exceptionnel-du-film-7900001184\" target=\"_blank\" rel=\"noopener\">Lyna Khoudri<\/a>, compagne de Karim Benzema, qui a lik\u00e9 une publication justifiant la d\u00e9capitation de Samuel Paty (et qui a perdu son proc\u00e8s contre moi quand je l\u2019ai d\u00e9nonc\u00e9)\u00a0\u00bb a exprim\u00e9 le militant d\u2019extr\u00eame droite sur X, publiant des captures d\u2019\u00e9cran du joueur d\u2019Al-Ittihad c\u00e9l\u00e9brant l\u2019A\u00efd et une autre sur laquelle \u00ab\u00a0KB9\u00a0\u00bb likait une publication du combattant de MMA Khabib Nurmagomedov.\u00a0<\/p>\n<blockquote class=\"twitter-tweet\">\n<p lang=\"fr\" dir=\"ltr\">Pour honorer les victimes du 13 novembre, ils n\u2019ont trouv\u00e9 personne d\u2019autre que Lyna Khoudri, compagne de <a href=\"https:\/\/twitter.com\/Benzema?ref_src=twsrc%5Etfw\" target=\"_blank\" rel=\"noopener\">@Benzema<\/a>, qui a lik\u00e9 une publication justifiant la d\u00e9capitation de Samuel Paty (et qui a perdu son proc\u00e8s contre moi quand je l\u2019ai d\u00e9nonc\u00e9). <a href=\"https:\/\/t.co\/xX9ypEZyaz\">pic.twitter.com\/xX9ypEZyaz<\/a><\/p>\n<p>\u2014 Damien Rieu (@DamienRieu) <a href=\"https:\/\/twitter.com\/DamienRieu\/status\/1989032066751557836?ref_src=twsrc%5Etfw\" target=\"_blank\" rel=\"noopener\">November 13, 2025<\/a><\/p><\/blockquote>\n<p class=\"article-p mdl\">Face \u00e0 ces attaques, Karim Benzema a fini par r\u00e9pondre s\u00e8chement sur X. \u00ab\u00a0Il y a ceux qui se recueillent, et ceux qui s\u2019exposent\u2026 Faut \u00eatre sacr\u00e9ment vide pour confondre hommage et mise en sc\u00e8ne Damien. T\u2019es juste un figurant dans notre monde\u00a0\u00bb, \u00e9crit-il \u00e0 l\u2019adresse de Damien Rieu. Ce dernier a r\u00e9torqu\u00e9 dans la foul\u00e9e : \u00ab\u00a0Quelqu\u2019un a compris ce qu\u2019il baragouine ?\u00a0\u00bb.<\/p>\n<blockquote class=\"twitter-tweet\">\n<p lang=\"fr\" dir=\"ltr\">Il y a ceux qui se recueillent, et ceux qui s\u2019exposent..<br \/>Faut \u00eatre sacr\u00e9ment vide pour confondre hommage et mise en sc\u00e8ne Damien. T\u2019es juste un figurant dans notre monde\u261d\ud83c\udffc <a href=\"https:\/\/t.co\/uamf49EK5Q\">https:\/\/t.co\/uamf49EK5Q<\/a><\/p>\n<p>\u2014 Karim Benzema (@Benzema) <a href=\"https:\/\/twitter.com\/Benzema\/status\/1989098869842735272?ref_src=twsrc%5Etfw\" target=\"_blank\" rel=\"noopener\">November 13, 2025<\/a><\/p><\/blockquote>\n<p class=\"article-p mdl\">Ce n&rsquo;est pas la premi\u00e8re fois que les deux hommes s&rsquo;affrontent.\u00a0En mai 2022, le Ballon d\u2019or 2022 avait port\u00e9 plainte pour diffamation contre le cofondateur de \u00ab\u00a0G\u00e9n\u00e9ration identitaire\u00a0\u00bb, groupuscule dissout en 2021.\u00a0Dans cette affaire, Damien Rieu avait associ\u00e9 l\u2019ex-attaquant du Real Madrid avec des combattants islamistes arm\u00e9s dans un montage, mais il avait \u00e9t\u00e9 relax\u00e9.<\/p>\n<p>    La r\u00e9daction vous recommande<\/p>\n<p class=\"s-newsletter__title\">\n                L\u2019actualit\u00e9 par la r\u00e9daction de RTL dans votre bo\u00eete mail.\n            <\/p>\n<p class=\"s-newsletter__subtitle\">\n                Gr\u00e2ce \u00e0 votre compte RTL abonnez-vous \u00e0 la newsletter RTL info pour suivre toute l&rsquo;actualit\u00e9 au quotidien\n            <\/p>\n<p>\n                                    Lire la suite\n                                <\/p>\n<p>                            <script async src=\"https:\/\/platform.twitter.com\/widgets.js\" charset=\"utf-8\"><\/script><\/p>\n","protected":false},"excerpt":{"rendered":"Ce jeudi 13 novembre au soir, l&rsquo;actrice Lyna Khoudri, compagne de Karim Benzema depuis juillet dernier, a particip\u00e9&hellip;\n","protected":false},"author":2,"featured_media":534196,"comment_status":"","ping_status":"","sticky":false,"template":"","format":"standard","meta":{"footnotes":""},"categories":[1359],"tags":[64188,1111,58,59,107,1011,27,24748,973,938],"class_list":{"0":"post-534195","1":"post","2":"type-post","3":"status-publish","4":"format-standard","5":"has-post-thumbnail","7":"category-people","8":"tag-13-novembre","9":"tag-actu","10":"tag-divertissement","11":"tag-entertainment","12":"tag-fil-info","13":"tag-fr","14":"tag-france","15":"tag-karim-benzema","16":"tag-people","17":"tag-reseaux-sociaux"},"share_on_mastodon":{"url":"https:\/\/pubeurope.com\/@fr\/115549388944291178","error":""},"_links":{"self":[{"href":"https:\/\/www.europesays.com\/fr\/wp-json\/wp\/v2\/posts\/534195","targetHints":{"allow":["GET"]}}],"collection":[{"href":"https:\/\/www.europesays.com\/fr\/wp-json\/wp\/v2\/posts"}],"about":[{"href":"https:\/\/www.europesays.com\/fr\/wp-json\/wp\/v2\/types\/post"}],"author":[{"embeddable":true,"href":"https:\/\/www.europesays.com\/fr\/wp-json\/wp\/v2\/users\/2"}],"replies":[{"embeddable":true,"href":"https:\/\/www.europesays.com\/fr\/wp-json\/wp\/v2\/comments?post=534195"}],"version-history":[{"count":0,"href":"https:\/\/www.europesays.com\/fr\/wp-json\/wp\/v2\/posts\/534195\/revisions"}],"wp:featuredmedia":[{"embeddable":true,"href":"https:\/\/www.europesays.com\/fr\/wp-json\/wp\/v2\/media\/534196"}],"wp:attachment":[{"href":"https:\/\/www.europesays.com\/fr\/wp-json\/wp\/v2\/media?parent=534195"}],"wp:term":[{"taxonomy":"category","embeddable":true,"href":"https:\/\/www.europesays.com\/fr\/wp-json\/wp\/v2\/categories?post=534195"},{"taxonomy":"post_tag","embeddable":true,"href":"https:\/\/www.europesays.com\/fr\/wp-json\/wp\/v2\/tags?post=534195"}],"curies":[{"name":"wp","href":"https:\/\/api.w.org\/{rel}","templated":true}]}}