{"id":534203,"date":"2025-11-14T18:12:20","date_gmt":"2025-11-14T18:12:20","guid":{"rendered":"https:\/\/www.europesays.com\/fr\/534203\/"},"modified":"2025-11-14T18:12:20","modified_gmt":"2025-11-14T18:12:20","slug":"qui-est-michael-burry-lhomme-qui-parie-sur-leclatement-de-la-bulle-de-lia","status":"publish","type":"post","link":"https:\/\/www.europesays.com\/fr\/534203\/","title":{"rendered":"qui est Michael Burry, l\u2019homme qui parie sur l\u2019\u00e9clatement de la bulle de l\u2019IA ?"},"content":{"rendered":"<p>\n    <strong>PORTRAIT<\/strong> &#8211; Les faits et gestes de cet investisseur am\u00e9ricain de 54 ans sont particuli\u00e8rement scrut\u00e9s depuis qu\u2019il a fait fortune en pr\u00e9voyant l\u2019effondrement des \u00absubprimes\u00bb en 2007. Il pr\u00e9dit le m\u00eame destin aux valorisations \u00abexcessives\u00bb des g\u00e9ants de l\u2019intelligence artificielle.<\/p>\n<p class=\"fig-paragraph\">Sur les r\u00e9seaux sociaux, il se fait appeler Cassandre. C\u2019est\u00a0<a href=\"http:\/\/www.lefigaro.fr\/societes\/warren-buffett-va-rester-l-actionnaire-le-plus-influent-de-berkshire-hathaway-malgre-son-depart-20251111\" data-fig-type=\"NewsFlash\" data-gtm-custom-categorie=\"navigation\" data-gtm-custom-action=\"crossclick\" data-gtm-custom-label=\"Contextuel\" data-gtm-event=\"customEventSPE\" data-fig-domain=\"LEFIGARO\" rel=\"nofollow noopener\" target=\"_blank\">Warren Buffett<\/a>, le l\u00e9gendaire investisseur am\u00e9ricain, qui lui a donn\u00e9 ce surnom il y a une quinzaine d\u2019ann\u00e9es. Michael Burry venait de r\u00e9aliser le \u00abcasse du si\u00e8cle\u00bb, tel que d\u00e9crit dans un roman de Michael Lewis paru en 2010, The Big Short, adapt\u00e9 par Hollywood au cin\u00e9ma en 2015\u00a0: faire fortune en pariant sur l\u2019effondrement du march\u00e9 immobilier am\u00e9ricain caus\u00e9 par les \u00absubprimes\u00bb, \u00e0 l\u2019origine de la crise financi\u00e8re mondiale en 2007 et 2008. Personne n\u2019avait daign\u00e9 l\u2019\u00e9couter au d\u00e9part. D\u2019o\u00f9 son surnom\u00a0: Cassandre est cette figure de la mythologie grecque condamn\u00e9e par Apollon \u00e0 pr\u00e9dire l\u2019avenir sans jamais \u00eatre crue.<\/p>\n<p class=\"fig-paragraph\">Le croira-t-on, cette fois\u00a0? Apr\u00e8s deux ans de silence, Michael Burry\u00a0<a href=\"http:\/\/www.lefigaro.fr\/secteur\/high-tech\/l-investisseur-qui-avait-predit-la-crise-des-subprimes-parie-sur-l-eclatement-de-la-bulle-de-l-ia-20251107\" data-fig-type=\"NewsFlash\" data-gtm-custom-categorie=\"navigation\" data-gtm-custom-action=\"crossclick\" data-gtm-custom-label=\"Contextuel\" data-gtm-event=\"customEventSPE\" data-fig-domain=\"LEFIGARO\" rel=\"nofollow noopener\" target=\"_blank\">vient de refaire surface<\/a>\u00a0avec une nouvelle proph\u00e9tie\u00a0: selon lui, il y a bel et bien une bulle de l\u2019intelligence artificielle. L\u2019Am\u00e9ricain de 54 ans est formel, les valorisations des entreprises de l\u2019IA sont excessives et finiront\u2026<\/p>\n<p class=\"fig-premium-paywall__infos\">\n        Cet article est r\u00e9serv\u00e9 aux abonn\u00e9s.        Il vous reste 84% \u00e0 d\u00e9couvrir.\n    <\/p>\n<p>                <img  data- alt=\"Le Figaro\" class=\"fig-img--complete fig-img\"\/><\/p>\n<p class=\"fig-premium-paywall__title\">Black Friday<\/p>\n<p class=\"fig-premium-paywall__subtitle\">-70% sur l&rsquo;abonnement num\u00e9rique<\/p>\n<p class=\"fig-premium-paywall__connect\">\n                D\u00e9j\u00e0 abonn\u00e9\u00a0?                <a class=\"fig-premium-paywall__connect-link\" href=\"https:\/\/connect.lefigaro.fr\/login?client=horizon_web&amp;type=main&amp;redirect_uri=https%3A%2F%2Fwww.lefigaro.fr%2Fsecteur%2Fhigh-tech%2Fil-a-ete-sacralise-par-le-film-the-big-short-qui-est-michael-burry-l-homme-qui-parie-sur-l-eclatement-de-la-bulle-de-l-ia-20251114\" data-js-gtm=\"{&quot;customCategorie&quot;: &quot;conversion&quot;, &quot;customAction&quot;: &quot;before_Landing_Connexion_paywall_auto&quot;, &quot;customLabel&quot;: &quot;bGVmaWdhcm8uZnJfXzFmMGMwOTYzLWZmZDAtNjFkYy1iOTAwLTQ3NTUxY2YxN2E0M19fQXJ0aWNsZQ==_\u00abIl a \u00e9t\u00e9 sacralis\u00e9 par le film &lt;i&gt;The Big Short&lt;\/i&gt;\u00bb\u00a0: qui est Michael Burry, l\u2019homme qui parie sur l\u2019\u00e9clatement de la bulle de l\u2019IA\u00a0?_306&quot;, &quot;customIDSPE&quot;: &quot;bGVmaWdhcm8uZnJfXzFmMGMwOTYzLWZmZDAtNjFkYy1iOTAwLTQ3NTUxY2YxN2E0M19fQXJ0aWNsZQ==&quot;, &quot;event&quot;: &quot;customEventSPE&quot;}\" rel=\"nofollow noopener\" target=\"_blank\"><br \/>\n                    Connectez-vous<br \/>\n                <\/a>\n            <\/p>\n","protected":false},"excerpt":{"rendered":"PORTRAIT &#8211; Les faits et gestes de cet investisseur am\u00e9ricain de 54 ans sont particuli\u00e8rement scrut\u00e9s depuis qu\u2019il&hellip;\n","protected":false},"author":2,"featured_media":534204,"comment_status":"","ping_status":"","sticky":false,"template":"","format":"standard","meta":{"footnotes":""},"categories":[1354],"tags":[8014,58,59,1346,1011,27,223,399,1360],"class_list":{"0":"post-534203","1":"post","2":"type-post","3":"status-publish","4":"format-standard","5":"has-post-thumbnail","7":"category-films","8":"tag-crise-financiere","9":"tag-divertissement","10":"tag-entertainment","11":"tag-films","12":"tag-fr","13":"tag-france","14":"tag-intelligence-artificielle","15":"tag-investissement","16":"tag-movies"},"share_on_mastodon":{"url":"https:\/\/pubeurope.com\/@fr\/115549408400582342","error":""},"_links":{"self":[{"href":"https:\/\/www.europesays.com\/fr\/wp-json\/wp\/v2\/posts\/534203","targetHints":{"allow":["GET"]}}],"collection":[{"href":"https:\/\/www.europesays.com\/fr\/wp-json\/wp\/v2\/posts"}],"about":[{"href":"https:\/\/www.europesays.com\/fr\/wp-json\/wp\/v2\/types\/post"}],"author":[{"embeddable":true,"href":"https:\/\/www.europesays.com\/fr\/wp-json\/wp\/v2\/users\/2"}],"replies":[{"embeddable":true,"href":"https:\/\/www.europesays.com\/fr\/wp-json\/wp\/v2\/comments?post=534203"}],"version-history":[{"count":0,"href":"https:\/\/www.europesays.com\/fr\/wp-json\/wp\/v2\/posts\/534203\/revisions"}],"wp:featuredmedia":[{"embeddable":true,"href":"https:\/\/www.europesays.com\/fr\/wp-json\/wp\/v2\/media\/534204"}],"wp:attachment":[{"href":"https:\/\/www.europesays.com\/fr\/wp-json\/wp\/v2\/media?parent=534203"}],"wp:term":[{"taxonomy":"category","embeddable":true,"href":"https:\/\/www.europesays.com\/fr\/wp-json\/wp\/v2\/categories?post=534203"},{"taxonomy":"post_tag","embeddable":true,"href":"https:\/\/www.europesays.com\/fr\/wp-json\/wp\/v2\/tags?post=534203"}],"curies":[{"name":"wp","href":"https:\/\/api.w.org\/{rel}","templated":true}]}}