{"id":534224,"date":"2025-11-14T18:23:13","date_gmt":"2025-11-14T18:23:13","guid":{"rendered":"https:\/\/www.europesays.com\/fr\/534224\/"},"modified":"2025-11-14T18:23:13","modified_gmt":"2025-11-14T18:23:13","slug":"nancy-la-nanceienne-axelle-fescia-remporte-le-titre-de-miss-tattoo-model-france-2025","status":"publish","type":"post","link":"https:\/\/www.europesays.com\/fr\/534224\/","title":{"rendered":"Nancy. La Nanc\u00e9ienne Axelle Fescia remporte le titre de Miss Tattoo Model France 2025"},"content":{"rendered":"<p>Pourtant, Axelle Fescia avait dit que les parties visibles seraient \u00e9pargn\u00e9es\u2026 \u00ab\u00a0Et le visage et les mains, \u00e7a restera un interdit absolu\u00a0!\u00a0\u00bb En revanche le cou, laiss\u00e9 vierge jusqu\u2019\u00e0 pr\u00e9sent, va finalement lui aussi s\u2019offrir \u00e0 l\u2019aiguille. Et \u00e0 l\u2019encre. Et s\u2019y d\u00e9ploieront bient\u00f4t \u00ab\u00a0deux plantes carnivores en sym\u00e9trie\u00a0\u00bb.<\/p>\n<p>Une nouvelle \u0153uvre ajout\u00e9e \u00e0 la collection qui vient enrichir son petit mus\u00e9e \u00e9pidermique. Et conforter son titre national fra\u00eechement d\u00e9croch\u00e9\u00a0: Axelle Fescia est Miss Tattoo Model France.<\/p>\n<p>D\u00e9j\u00e0, <a href=\"https:\/\/www.estrepublicain.fr\/culture-loisirs\/2025\/08\/21\/candidate-a-miss-tattoo-axelle-fescia-raconte-son-histoire-a-travers-ses-tatouages\" target=\"_blank\" rel=\"noopener\"> la jeune Nanc\u00e9ienne de 27 ans s\u2019\u00e9tait arrog\u00e9 la 3e place apr\u00e8s le vote du public<\/a> qui devait ne retenir que 20 candidats (10 femmes et 10 hommes) sur les 117 pr\u00e9sent\u00e9s sur le site.<\/p>\n<p>Ce contenu est bloqu\u00e9 car vous n&rsquo;avez pas accept\u00e9 les cookies et autres traceurs.<\/p>\n<p>En cliquant sur \u00ab J\u2019accepte \u00bb, les cookies et autres traceurs seront d\u00e9pos\u00e9s et vous pourrez visualiser les contenus  (<a href=\"\" class=\"consentModule_policy\" target=\"_blank\" title=\"Consulter la politique de protection des donn\u00e9es du fournisseur\">plus d&rsquo;informations<\/a>).<\/p>\n<p>En cliquant sur \u00ab J\u2019accepte tous les cookies \u00bb, vous autorisez des d\u00e9p\u00f4ts de cookies et autres traceurs pour le stockage de vos donn\u00e9es sur nos sites et applications \u00e0 des fins de personnalisation et de ciblage publicitaire.<\/p>\n<p class=\"consentModule_secondaryText\">Vous gardez la possibilit\u00e9 de retirer votre consentement \u00e0 tout moment en consultant notre <a href=\"https:\/\/www.estrepublicain.fr\/protection-des-donnees\" target=\"_blank\" title=\"Consulter notre politique de protection des donn\u00e9es\" rel=\"noopener\">politique de protection des donn\u00e9es<\/a>. <br \/>&#13;<br \/>\n            <a href=\"https:\/\/www.estrepublicain.fr\/insolite\/2025\/11\/15\/javascript:Didomi.notice.show()\" class=\"consentModule_cmp\" target=\"_blank\" rel=\"noopener\">G\u00e9rer mes choix<\/a>&#13;\n        <\/p>\n<p>&#13;<br \/>\n                        J&rsquo;accepte&#13;<br \/>\n            J&rsquo;accepte tous les cookies&#13;\n        <\/p>\n<p>\u00c0 la suite de quoi, cette passionn\u00e9e de tatouage est pass\u00e9e cet automne devant un jury, dans le d\u00e9cor du Grand Magic H\u00f4tel \u00e0 Disneyland Paris.<\/p>\n<p>Des tatoueurs, perceurs, artistes de cabaret burlesque, devant qui elle s\u2019est pr\u00e9sent\u00e9e successivement en robe de soir\u00e9e puis en maillot de bain, avant de faire \u00e9tat de sa relation au tattoo. De \u00ab\u00a0patch\u00a0\u00bb en \u00ab\u00a0patch\u00a0\u00bb, elle en a recouvert tout le corps, comme autant de rep\u00e8res jalonnant son existence.<\/p>\n<p><a href=\"https:\/\/www.estrepublicain.fr\/culture-loisirs\/2025\/08\/06\/tatouage-ce-qu-il-faut-savoir\" target=\"_blank\" rel=\"noopener\">Les motifs encr\u00e9s dans la peau<\/a> \u00e9voquent en effet autant ses enthousiasmes graphiques (pour le Pays des Merveilles fa\u00e7on Lewis Carroll notamment) que les \u00e9preuves travers\u00e9es. Ou ses pr\u00e9d\u00e9cesseurs dans l\u2019arbre g\u00e9n\u00e9alogique, \u00e0 l\u2019image de ce cr\u00e2ne de chat au plastron, en hommage \u00e0 sa grand-m\u00e8re \u00ab\u00a0un peu sorci\u00e8re\u00a0\u00bb. Ou ce tigre, animal totem de son p\u00e8re d\u00e9c\u00e9d\u00e9 lorsqu\u2019elle avait 7 ans.<\/p>\n<p>  Cadeaux, shooting, voyage, d\u00e9fil\u00e9<\/p>\n<p>L\u2019histoire autant que le tableau g\u00e9n\u00e9ral a plu. Si bien que l\u2019ancienne militaire, aujourd\u2019hui secr\u00e9taire m\u00e9dicale \u00e0 Strasbourg et mannequin \u00e0 ses heures, a remport\u00e9 l\u2019\u00e9dition 2025 du concours.<\/p>\n<p>A la clef, divers cadeaux (en joaillerie, v\u00eatements, cosm\u00e9tiques), ainsi qu\u2019un voyage d\u2019une semaine \u00e0 Miami, assorti de shooting avec des photographes sur place. Ce qui n\u2019est pas anecdotique. \u00ab\u00a0Il se pourrait que \u00e7a booste en effet mon activit\u00e9 dans le modeling, esp\u00e8re Axelle Fescia \u00e0 voix haute. J\u2019ai d\u2019ailleurs d\u00e9j\u00e0 pu participer au d\u00e9fil\u00e9 Serge Comtesse, associ\u00e9 \u00e0 L\u2019Or\u00e9al. Et on m\u2019y a choisie pr\u00e9cis\u00e9ment pour mon c\u00f4t\u00e9 tr\u00e8s tatou\u00e9. Ce qui est assez novateur dans le milieu. On sent que \u00e7a commence \u00e0 bouger.\u00a0\u00bb<\/p>\n<p>Ce contenu est bloqu\u00e9 car vous n&rsquo;avez pas accept\u00e9 les cookies et autres traceurs.<\/p>\n<p>En cliquant sur \u00ab J\u2019accepte \u00bb, les cookies et autres traceurs seront d\u00e9pos\u00e9s et vous pourrez visualiser les contenus  (<a href=\"\" class=\"consentModule_policy\" target=\"_blank\" title=\"Consulter la politique de protection des donn\u00e9es du fournisseur\">plus d&rsquo;informations<\/a>).<\/p>\n<p>En cliquant sur \u00ab J\u2019accepte tous les cookies \u00bb, vous autorisez des d\u00e9p\u00f4ts de cookies et autres traceurs pour le stockage de vos donn\u00e9es sur nos sites et applications \u00e0 des fins de personnalisation et de ciblage publicitaire.<\/p>\n<p class=\"consentModule_secondaryText\">Vous gardez la possibilit\u00e9 de retirer votre consentement \u00e0 tout moment en consultant notre <a href=\"https:\/\/www.estrepublicain.fr\/protection-des-donnees\" target=\"_blank\" title=\"Consulter notre politique de protection des donn\u00e9es\" rel=\"noopener\">politique de protection des donn\u00e9es<\/a>. <br \/>&#13;<br \/>\n            <a href=\"https:\/\/www.estrepublicain.fr\/insolite\/2025\/11\/15\/javascript:Didomi.notice.show()\" class=\"consentModule_cmp\" target=\"_blank\" rel=\"noopener\">G\u00e9rer mes choix<\/a>&#13;\n        <\/p>\n<p>&#13;<br \/>\n                        J&rsquo;accepte&#13;<br \/>\n            J&rsquo;accepte tous les cookies&#13;\n        <\/p>\n<p>  Tatouages \u00e0 venir<\/p>\n<p>Ce qui a chang\u00e9 aussi, c\u2019est que s\u2019est d\u00e9j\u00e0 ajout\u00e9 <a href=\"https:\/\/www.estrepublicain.fr\/culture-loisirs\/2025\/11\/13\/la-convention-tattoo-s-installe-au-parc-de-londres\" target=\"_blank\" rel=\"noopener\">un nouveau tatouage \u00e0 la \u00ab\u00a0galerie\u00a0\u00bb corporelle de la jeune femme.<\/a> Une reproduction de Jack Skellington sur la jambe, personnage tir\u00e9 d\u2019un po\u00e8me de Tim Burton que prise cette amatrice de litt\u00e9rature. Star aussi de son film L\u2019\u00c9trange No\u00ebl de Monsieur Jack.<\/p>\n<p>Apr\u00e8s quoi, il ne restera plus gu\u00e8re de place que pour \u00ab\u00a0un gros projet dans le dos\u00a0\u00bb. Elle ne s\u2019en cache pas, la soif d\u2019encre de la jeune femme semble parfois friser l\u2019addiction. \u00ab\u00a0Mais par d\u00e9finition, il y aura des limites. Et il faudra bien que je me calme.\u00a0\u00bb<\/p>\n<p>Surtout si elle ne veut toucher ni aux mains, ni au visage\u2026<\/p>\n","protected":false},"excerpt":{"rendered":"Pourtant, Axelle Fescia avait dit que les parties visibles seraient \u00e9pargn\u00e9es\u2026 \u00ab\u00a0Et le visage et les mains, \u00e7a&hellip;\n","protected":false},"author":2,"featured_media":534225,"comment_status":"","ping_status":"","sticky":false,"template":"","format":"standard","meta":{"footnotes":""},"categories":[9635],"tags":[1111,11,1707,1704,1705,1777,674,1011,27,775,1757,3034,1702,1703,12,25,104],"class_list":{"0":"post-534224","1":"post","2":"type-post","3":"status-publish","4":"format-standard","5":"has-post-thumbnail","7":"category-nancy","8":"tag-actu","9":"tag-actualites","10":"tag-edition-luneville","11":"tag-edition-nancy-et-agglomeration","12":"tag-edition-toul","13":"tag-eu","14":"tag-europe","15":"tag-fr","16":"tag-france","17":"tag-grand-est","18":"tag-insolite","19":"tag-miss-france","20":"tag-nancy","21":"tag-nancy-ville-54b","22":"tag-news","23":"tag-republique-francaise","24":"tag-societe"},"share_on_mastodon":{"url":"https:\/\/pubeurope.com\/@fr\/115549451402215141","error":""},"_links":{"self":[{"href":"https:\/\/www.europesays.com\/fr\/wp-json\/wp\/v2\/posts\/534224","targetHints":{"allow":["GET"]}}],"collection":[{"href":"https:\/\/www.europesays.com\/fr\/wp-json\/wp\/v2\/posts"}],"about":[{"href":"https:\/\/www.europesays.com\/fr\/wp-json\/wp\/v2\/types\/post"}],"author":[{"embeddable":true,"href":"https:\/\/www.europesays.com\/fr\/wp-json\/wp\/v2\/users\/2"}],"replies":[{"embeddable":true,"href":"https:\/\/www.europesays.com\/fr\/wp-json\/wp\/v2\/comments?post=534224"}],"version-history":[{"count":0,"href":"https:\/\/www.europesays.com\/fr\/wp-json\/wp\/v2\/posts\/534224\/revisions"}],"wp:featuredmedia":[{"embeddable":true,"href":"https:\/\/www.europesays.com\/fr\/wp-json\/wp\/v2\/media\/534225"}],"wp:attachment":[{"href":"https:\/\/www.europesays.com\/fr\/wp-json\/wp\/v2\/media?parent=534224"}],"wp:term":[{"taxonomy":"category","embeddable":true,"href":"https:\/\/www.europesays.com\/fr\/wp-json\/wp\/v2\/categories?post=534224"},{"taxonomy":"post_tag","embeddable":true,"href":"https:\/\/www.europesays.com\/fr\/wp-json\/wp\/v2\/tags?post=534224"}],"curies":[{"name":"wp","href":"https:\/\/api.w.org\/{rel}","templated":true}]}}