{"id":534234,"date":"2025-11-14T18:28:10","date_gmt":"2025-11-14T18:28:10","guid":{"rendered":"https:\/\/www.europesays.com\/fr\/534234\/"},"modified":"2025-11-14T18:28:10","modified_gmt":"2025-11-14T18:28:10","slug":"video-art-montpellier-cest-jusqua-dimanche","status":"publish","type":"post","link":"https:\/\/www.europesays.com\/fr\/534234\/","title":{"rendered":"Vid\u00e9o. Art Montpellier : c&rsquo;est jusqu&rsquo;\u00e0 dimanche\u00a0!"},"content":{"rendered":"<p>                    Par<br \/>\n        <strong><br \/>\n            <a href=\"https:\/\/actu.fr\/auteur\/metropoop\" title=\"Consulter tous les articles de R\u00e9daction M\u00e9tropolitain\" target=\"_blank\" rel=\"noopener\">R\u00e9daction M\u00e9tropolitain<\/a><br \/>\n                    <\/strong><\/p>\n<p>        Publi\u00e9 le<\/p>\n<p>            14 nov. 2025 \u00e0 19h14        <\/p>\n<p>Au <strong>Parc des Expositions<\/strong>,<a href=\"https:\/\/www.art-montpellier.com\/\" target=\"_blank\" rel=\"noopener\"><strong> Art Montpellier<\/strong><\/a> signe une <strong>9\u1d49 \u00e9dition<\/strong> haute en couleurs. Rendez-vous incontournable des amateurs d\u2019art contemporain, la foire offre au public un panorama riche et vari\u00e9. V\u00e9ritable lieu d\u2019\u00e9change entre professionnels et passionn\u00e9s, l\u2019\u00e9v\u00e9nement s\u00e9duit par la diversit\u00e9 des \u0153uvres pr\u00e9sent\u00e9es et par la qualit\u00e9 des artistes qui exposent tableaux, sculptures et cr\u00e9ations en tous genres. Pour profiter de ce mus\u00e9e \u00e9ph\u00e9m\u00e8re, il ne vous reste que jusqu\u2019\u00e0 dimanche.<\/p>\n<p class=\" wall-content\"><strong>En attendant, retrouvez notre vid\u00e9o du salon, o\u00f9 l\u2019art et la passion se m\u00ealent :\u00a0<\/strong><\/p>\n<p class=\" wall-content\">\n<p class=\" wall-content\">Voici une version corrig\u00e9e et fluidifi\u00e9e :<\/p>\n<p class=\" wall-content\">En tout, plus de <strong>70 galeries et artistes<\/strong> seront pr\u00e9sents pour offrir au public de v\u00e9ritables moments d\u2019\u00e9changes artistiques. Ce week-end, plusieurs conf\u00e9rences viendront \u00e9galement rythmer la foire :<\/p>\n<ul class=\" wall-content\">\n<li>Samedi \u2013 15h : La mer sa beaut\u00e9, la mer sabot\u00e9e \u2013<strong> Andy Le Sauce<\/strong><\/li>\n<li>Dimanche \u2013 11h : L\u2019art, vecteur d\u2019impact \u2013 <strong>Cl\u00e9ment Lesaffre<\/strong><\/li>\n<li>Dimanche \u2013 15h : Loin du ciel et parfois pr\u00e8s d\u2019ici \u2013 <strong>Laurent Ballesta<\/strong><\/li>\n<\/ul>\n<p><strong>&gt; Pratique :<\/strong> la billetterie de l\u2019\u00e9v\u00e9nement est \u00e0 retrouver <a href=\"https:\/\/www.ticketmaster.fr\/fr\/liste\/art-montpellier-2025-billet\/idlist\/5427\/idtier\/22215611\" target=\"_blank\" rel=\"noopener\">ICI<\/a>.<\/p>\n<p class=\" wall-content\">Personnalisez votre actualit\u00e9 en ajoutant vos villes et m\u00e9dias en favori avec <a href=\"https:\/\/moncompte.actu.fr\" title=\"D\u00e9couvez Mon Actu\" rel=\"nofollow noopener\" data-trk=\"{&quot;cta&quot;:{&quot;action&quot;:&quot;https:\\\/\\\/moncompte.actu.fr&quot;,&quot;category&quot;:&quot;mon compte&quot;,&quot;from&quot;:&quot;article footer&quot;,&quot;name&quot;:&quot;Mon actu&quot;,&quot;type&quot;:&quot;cta&quot;}}\" target=\"_blank\">Mon Actu<\/a>.<\/p>\n","protected":false},"excerpt":{"rendered":"Par R\u00e9daction M\u00e9tropolitain Publi\u00e9 le 14 nov. 2025 \u00e0 19h14 Au Parc des Expositions, Art Montpellier signe une&hellip;\n","protected":false},"author":2,"featured_media":534235,"comment_status":"","ping_status":"","sticky":false,"template":"","format":"standard","meta":{"footnotes":""},"categories":[9599],"tags":[1111,11,1777,674,1011,27,1652,2208,12,2680,25],"class_list":{"0":"post-534234","1":"post","2":"type-post","3":"status-publish","4":"format-standard","5":"has-post-thumbnail","7":"category-montpellier","8":"tag-actu","9":"tag-actualites","10":"tag-eu","11":"tag-europe","12":"tag-fr","13":"tag-france","14":"tag-loisirs-culture","15":"tag-montpellier","16":"tag-news","17":"tag-occitanie","18":"tag-republique-francaise"},"share_on_mastodon":{"url":"https:\/\/pubeurope.com\/@fr\/115549471080891858","error":""},"_links":{"self":[{"href":"https:\/\/www.europesays.com\/fr\/wp-json\/wp\/v2\/posts\/534234","targetHints":{"allow":["GET"]}}],"collection":[{"href":"https:\/\/www.europesays.com\/fr\/wp-json\/wp\/v2\/posts"}],"about":[{"href":"https:\/\/www.europesays.com\/fr\/wp-json\/wp\/v2\/types\/post"}],"author":[{"embeddable":true,"href":"https:\/\/www.europesays.com\/fr\/wp-json\/wp\/v2\/users\/2"}],"replies":[{"embeddable":true,"href":"https:\/\/www.europesays.com\/fr\/wp-json\/wp\/v2\/comments?post=534234"}],"version-history":[{"count":0,"href":"https:\/\/www.europesays.com\/fr\/wp-json\/wp\/v2\/posts\/534234\/revisions"}],"wp:featuredmedia":[{"embeddable":true,"href":"https:\/\/www.europesays.com\/fr\/wp-json\/wp\/v2\/media\/534235"}],"wp:attachment":[{"href":"https:\/\/www.europesays.com\/fr\/wp-json\/wp\/v2\/media?parent=534234"}],"wp:term":[{"taxonomy":"category","embeddable":true,"href":"https:\/\/www.europesays.com\/fr\/wp-json\/wp\/v2\/categories?post=534234"},{"taxonomy":"post_tag","embeddable":true,"href":"https:\/\/www.europesays.com\/fr\/wp-json\/wp\/v2\/tags?post=534234"}],"curies":[{"name":"wp","href":"https:\/\/api.w.org\/{rel}","templated":true}]}}