{"id":534236,"date":"2025-11-14T18:29:10","date_gmt":"2025-11-14T18:29:10","guid":{"rendered":"https:\/\/www.europesays.com\/fr\/534236\/"},"modified":"2025-11-14T18:29:10","modified_gmt":"2025-11-14T18:29:10","slug":"bourses-aux-jouets-foires-a-tout-brocantes-ou-peut-on-chiner-ce-week-end-en-seine-maritime","status":"publish","type":"post","link":"https:\/\/www.europesays.com\/fr\/534236\/","title":{"rendered":"Bourses aux jouets, foires \u00e0 tout, brocantes&#8230; O\u00f9 peut-on chiner ce week-end en Seine-Maritime\u00a0?"},"content":{"rendered":"<p>                    Par<br \/>\n        <strong><br \/>\n            <a href=\"https:\/\/actu.fr\/auteur\/louise-boutard\" title=\"Consulter tous les articles de Louise Boutard\" target=\"_blank\" rel=\"noopener\">Louise Boutard<\/a><br \/>\n                    <\/strong><\/p>\n<p>        Publi\u00e9 le<\/p>\n<p>            14 nov. 2025 \u00e0 18h39        <\/p>\n<p>La saison des foires \u00e0 tout et brocantes se poursuit et commence \u00e0 laisser place aux march\u00e9s de No\u00ebl et aux bourses aux jouets. Il y aura en tout cas des bonnes affaires pour les amateurs, en <a href=\"https:\/\/actu.fr\/76actu\/\" target=\"_blank\" rel=\"noopener\">Seine-Maritime<\/a> ce samedi\u00a015 et ce dimanche 16\u00a0novembre 2025.<\/p>\n<p>Samedi 15\u00a0novembre<\/p>\n<p class=\" wall-content\"><strong>Cl\u00e8res<\/strong>\u2009: march\u00e9 de No\u00ebl et gourmandises, sur l\u2019espace Clara de 9\u2009h \u00e0 17\u2009h. Restauration sur place.<\/p>\n<p class=\" wall-content\"><strong>Dieppe<\/strong>\u2009: Vide-grenier et foire aux harengs, rue de la rade, de 6\u2009h \u00e0 18\u2009h. Restauration sur place.<\/p>\n<p class=\" wall-content\"><strong>Fontaine-la-Mallet<\/strong>\u2009: Bourse aux v\u00eatements, jouets, livres, pu\u00e9riculture dans l\u2019\u00e9cole \u00e9l\u00e9mentaire, 14 avenue Jean-Jaur\u00e8s, de 9\u2009h \u00e0 14\u2009h.<\/p>\n<p class=\" wall-content\"><strong>Gonneville-la-Mallet<\/strong>\u2009: braderie du secours catholique, dans la halle au bl\u00e9, de 9\u2009h \u00e0 16\u2009h.<\/p>\n<p class=\" wall-content\"><strong>Gruchet-le-Valasse<\/strong>\u2009: f\u00eate du jeu dans l\u2019espace Moza\u00efk, 5 rue Dr-Gernez, de 10\u2009h \u00e0 18\u2009h. Restauration sur place.<\/p>\n<p>Vid\u00e9os : en ce moment sur Actu<\/p>\n<p class=\" wall-content\"><strong>La Londe<\/strong>\u2009: foire \u00e0 la pu\u00e9riculture dans la salle des f\u00eates, 62 rue Alfred-Berrier, de 9\u2009h \u00e0 18\u2009h. Restauration sur place.<\/p>\n<p class=\" wall-content\"><strong>Le Hanouard\u2009:<\/strong> march\u00e9 de No\u00ebl dans la salle des f\u00eates et la salle Jean-Marie Bapaume, 14 rue du Teillage, de 10\u2009h \u00e0 18\u2009h. Restauration sur place.<\/p>\n<p>Votre r\u00e9gion, votre actu !<\/p>\n<p>Recevez chaque jour les infos qui comptent pour vous.<\/p>\n<p>\t<a href=\"https:\/\/actu.fr\/newsletter\" class=\"ac-btn ac-btn--corner ac-btn--medium ac-btn--blue800\" target=\"_blank\" rel=\"noopener\">S&rsquo;incrire<\/a><\/p>\n<p class=\" wall-content\"><strong>Manneville-la-Goupil\u2009:<\/strong> bourse aux jouets et livres de l\u2019association Ribambelle dans la salle de la plaine, de 10\u2009h \u00e0 18\u2009h. Entr\u00e9e 1\u00a0\u20ac.<\/p>\n<p class=\" wall-content\"><strong>Saint-Gilles-de-la-Neuville\u2009:<\/strong> march\u00e9 de no\u00ebl dans la salle polyvalente de 10\u2009h \u00e0 18\u2009h.<\/p>\n<p class=\" wall-content\"><strong>Sainte-Marie-des-Champs<\/strong>\u2009: vide-grenier dans la salle des f\u00eates, 41 rue de l\u2019Industrie, de 9\u2009h\u200930 \u00e0 17\u2009h. Restauration sur place.<\/p>\n<p>Dimanche 16\u00a0novembre<\/p>\n<p class=\" wall-content\"><strong>Bois-Guilbert<\/strong>\u2009: foire \u00e0 tout et march\u00e9 artisanal dans la salle des f\u00eates, de 9\u2009h \u00e0 16\u2009h\u200930.\u00a0Restauration sur place.<\/p>\n<p class=\" wall-content\"><strong>Bois-Guillaume<\/strong>\u2009: foire aux jouets, pu\u00e9riculture, v\u00eatements enfants, salle Schuman et \u00e9cole maternelle des Bocquets, 328 rue du G\u00e9n\u00e9ral-de-Gaulle, de 9\u2009h \u00e0 17\u2009h. Par l\u2019association des parents d\u2019\u00e9l\u00e8ves de l\u2019\u00e9cole Les Bocquets. Restauration sur place.<\/p>\n<p class=\" wall-content\"><strong>Bonsecours<\/strong>\u2009: march\u00e9 de No\u00ebl dans la salle du Casino, de 10\u2009h \u00e0 18\u2009h. Restauration sur place.<\/p>\n<p class=\" wall-content\"><strong>Buchy<\/strong>\u2009: bocante de jardin avec des arbres autres v\u00e9g\u00e9taux, artisanat, rue des Halles, \u00e0 partir de 10\u2009h.<\/p>\n<p class=\" wall-content\"><strong>Cl\u00e8res<\/strong>\u2009: march\u00e9 de No\u00ebl et gourmandises, sur l\u2019espace Clara de 9\u2009h \u00e0 17\u2009h. Restauration sur place.<\/p>\n<p class=\" wall-content\"><strong>Croisy-sur-Andelle<\/strong>\u2009: salon du jouet ancien et collections, dans le gymnase Henri-Auvray, 3 rue de l\u2019Abreuvoir, de 9\u2009h \u00e0 16\u2009h. Exposition de jouets sur le th\u00e8me du cin\u00e9ma. Entr\u00e9e 1\u00a0\u20ac. Restauration sur place. Les b\u00e9n\u00e9fices seront revers\u00e9s au centre Henri-Becquerel de Rouen au profit de la lutte contre le cancer.<\/p>\n<p class=\" wall-content\"><strong>Cuy-Saint-Fiacre\u2009:<\/strong> bourse aux jouets et pu\u00e9riculture dans la salle des f\u00eates de 9\u2009h \u00e0 17\u2009h. Restauration sur place. Les b\u00e9n\u00e9fices seront revers\u00e9s au groupement scolaire de Cuy-Saint-Fiacre, Br\u00e9montier-Merval, Elbeuf-en-Bray.<\/p>\n<p class=\" wall-content\"><strong>Dieppe<\/strong>\u2009: Vide-grenier et foire aux harengs, rue de la rade, de 6\u2009h \u00e0 18\u2009h. Restauration sur place.<\/p>\n<p class=\" wall-content\"><strong>Eslettes<\/strong>\u2009: bourse aux jouets et pu\u00e9riculture au Milcolor, 1 rue des Iris, de 10\u2009h \u00e0 17\u2009h\u200930.<\/p>\n<p class=\" wall-content\"><strong>\u00c9talondes<\/strong>\u2009: brocante au profit du T\u00e9l\u00e9thon, dans la salle des f\u00eates, de 7\u2009h \u00e0 18\u2009h. Restauration sur place. Organis\u00e9 par l\u2019association Partage S\u00e9n\u00e9gal.<\/p>\n<p class=\" wall-content\"><strong>Froberville<\/strong>\u2009: vide-grenier, gymnase de Froberville, 690 rue d\u2019\u00c9tretat de 8\u2009h \u00e0 17\u2009h. Entr\u00e9e 1\u00a0\u20ac.<\/p>\n<p class=\" wall-content\"><strong>Gonfreville-Caillot\u2009:<\/strong> bourse aux jouets et pu\u00e9riculture dans la salle des f\u00eates, de 10\u2009h \u00e0 18\u2009h. Entr\u00e9e 1\u00a0\u20ac.<\/p>\n<p class=\" wall-content\"><strong>Gruchet-le-Valasse\u2009:<\/strong> f\u00eate du jeu dans l\u2019espace Moza\u00efk, 5 rue Dr-Gernez, de 10\u2009h \u00e0 18\u2009h. Restauration sur place.<\/p>\n<p class=\" wall-content\"><strong>La Londe<\/strong>\u2009: foire \u00e0 la pu\u00e9riculture dans la salle des f\u00eates, 62 rue Alfred-Berrier, de 9\u2009h \u00e0 18\u2009h. Restauration sur place.<\/p>\n<p class=\" wall-content\"><strong>Le Grand-Quevilly<\/strong>\u2009: bourse aux jouets et pu\u00e9riculture au gymnase, rue Maryse-Basti\u00e9, de 9\u2009h \u00e0 17\u2009h. Restauration sur place.<\/p>\n<p class=\" wall-content\"><strong>Le Hanouard<\/strong>\u2009: march\u00e9 de No\u00ebl dans la salle des f\u00eates et la salle Jean-Marie Bapaume, 14 rue du Teillage, de 10\u2009h \u00e0 18\u2009h. Restauration sur place.<\/p>\n<p class=\" wall-content\"><strong>Le\u00a0Havre<\/strong>\u2009: vide-grenier du Lions club, dans la salle des f\u00eates de Bl\u00e9ville, 16 rue Pierre-Farcis, de 8\u2009h\u200930 \u00e0 17\u2009h. Entr\u00e9e 1\u00a0\u20ac.<\/p>\n<p class=\" wall-content\"><strong>Le Houlme<\/strong>\u2009: foire aux jouets et pu\u00e9riculture dans le foyer communal, place des Canadiens, de 7\u2009h\u200930 \u00e0 18\u2009h\u200930. Restauration sur place.<\/p>\n<p class=\" wall-content\"><strong>Le\u00a0Tr\u00e9port<\/strong>\u2009: brocante de no\u00ebl dans le gymnase L\u00e9o-Lagrange, de 8\u2009h \u00e0 17\u2009h. Restauration sur place.<\/p>\n<p class=\" wall-content\"><strong>Lillebonne<\/strong>\u2009: vide-grenier de la MJC dans les locaux de la MJC, carr\u00e9 de l\u2019Europe, de 8\u2009h\u200930 \u00e0 18\u2009h. Entr\u00e9e 1\u00a0\u20ac.<\/p>\n<p class=\" wall-content\"><strong>Montivilliers<\/strong>\u2009: 41e salon de toutes collections, gymnase Gand, rue Henri-Matisse, de 9\u2009h \u00e0 18\u2009h. Restauration sur place.<\/p>\n<p class=\" wall-content\"><strong>Morienne<\/strong>\u2009: bourse aux jouets et v\u00eatements enfants, salle des f\u00eates, place de la mairie, de 9\u2009h \u00e0 17\u2009h.<\/p>\n<p class=\" wall-content\"><strong>Petit-Caux<\/strong>\u2009: 4e puces artisanales de no\u00ebl dans le gymnase, de 8\u2009h\u200930 \u00e0 18\u2009h. Restauration sur place. Organis\u00e9 au profit du karat\u00e9 club de Penly.<\/p>\n<p class=\" wall-content\"><strong>Pissy-Poville<\/strong>\u2009: bourse aux jouets et pu\u00e9riculture, dans la salle des f\u00eates, de 8\u2009h\u200930 \u00e0 17\u2009h. Restauration sur place. Organis\u00e9e au profit de la coop\u00e9rative scolaire.<\/p>\n<p class=\" wall-content\"><strong>Raffetot<\/strong>\u2009: bourse aux livres, salle du ch\u00eane, accol\u00e9e \u00e0 la mairie, de 9\u2009h \u00e0 17\u2009h. Entr\u00e9e 1\u00a0\u20ac au profit du T\u00e9l\u00e9thon.<\/p>\n<p class=\" wall-content\"><strong>Pr\u00e9aux<\/strong>\u2009: Vide ta chambre, dans la salle de la Clef des Champs, 504 rue des Ecoles, de 9\u2009h \u00e0 17\u2009h. Restauration sur place. Organis\u00e9 par les parents d\u2019\u00e9l\u00e8ves de CM1 et CM\u20092 de l\u2019\u00e9cole Jacques-Pr\u00e9vert de Pr\u00e9aux, en partenariat avec l\u2019association r\u00e9cr\u00e9-actions au profit d\u2019un voyage scolaire.<\/p>\n<p class=\" wall-content\"><strong>Roumare<\/strong>\u2009: foire aux jouets dans la salle polyvalente, place de la libert\u00e9, de 9\u2009h \u00e0 18\u2009h. Restauration sur place.<\/p>\n<p class=\" wall-content\"><strong>Saint-Aubin-sur-Scie<\/strong>\u2009: bourse aux jouets, dans la salle des f\u00eates, de 8\u2009h \u00e0 17\u2009h. Restauration sur place. Organis\u00e9 par l\u2019APPSA.<\/p>\n<p class=\" wall-content\">Saint-Gilles-de-la-Neuville\u2009: march\u00e9 de no\u00ebl dans la salle polyvalente de 10\u2009h \u00e0 18\u2009h.<\/p>\n<p class=\" wall-content\"><strong>Saint-Jean-du-Chardonnay<\/strong>\u2009: foire aux jouets et \u00e0 la pu\u00e9riculture, au foyer rural, rue de la Mairie, de 9\u2009h \u00e0 17\u2009h. Restauration sur place. Organis\u00e9 par l\u2019association familiale.<\/p>\n<p class=\" wall-content\"><strong>Saint-Nicolas-d\u2019Aliermont<\/strong>\u2009: foire aux jouets, salle des 4 vents, Restauration sur place.<\/p>\n<p class=\" wall-content\"><strong>Saint-Sa\u00ebns<\/strong>\u2009: foire aux jouets et pu\u00e9riculture, dans la salle du Vivier, de 9\u2009h \u00e0 17\u2009h\u200930. Restauration sur place.<\/p>\n<p class=\" wall-content\"><strong>Sainte-Marie-des-Champs<\/strong>\u2009: march\u00e9 de No\u00ebl, salle des quatre saisons, 41 rue de l\u2019Industrie, de 9\u2009h\u200930 \u00e0 18\u2009h. Restauration sur place.<\/p>\n<p class=\" wall-content\"><strong>Vittefleur<\/strong>\u2009: vide-grenier, salle Paul-Lecordier, 2 rue de Saint-Riquier, de 8\u2009h \u00e0 18\u2009h. Entr\u00e9e 1\u00a0\u20ac. Restauration sur place.<\/p>\n<p class=\" wall-content\"><strong>Yainville<\/strong>\u2009: bourse aux jouets et pu\u00e9riculture dans le foyer municipal Jean-Louis Claudet, rue de la R\u00e9publique, de 8\u2009h \u00e0 18\u2009h. Restauration sur place.<\/p>\n<p>Vous souhaitez annoncer un \u00e9v\u00e9nement festif ou associatif, une initiative locale\u2009? Rendez-vous sur notre plateforme<a href=\"https:\/\/www.infolocale.fr\/decouvrir\/actu\/\" target=\"_blank\" rel=\"noopener\"> Infolocale.<\/a><\/p>\n<p class=\" wall-content\">Personnalisez votre actualit\u00e9 en ajoutant vos villes et m\u00e9dias en favori avec <a href=\"https:\/\/moncompte.actu.fr\" title=\"D\u00e9couvez Mon Actu\" rel=\"nofollow noopener\" data-trk=\"{&quot;cta&quot;:{&quot;action&quot;:&quot;https:\\\/\\\/moncompte.actu.fr&quot;,&quot;category&quot;:&quot;mon compte&quot;,&quot;from&quot;:&quot;article footer&quot;,&quot;name&quot;:&quot;Mon actu&quot;,&quot;type&quot;:&quot;cta&quot;}}\" target=\"_blank\">Mon Actu<\/a>.<\/p>\n","protected":false},"excerpt":{"rendered":"Par Louise Boutard Publi\u00e9 le 14 nov. 2025 \u00e0 18h39 La saison des foires \u00e0 tout et brocantes&hellip;\n","protected":false},"author":2,"featured_media":534237,"comment_status":"","ping_status":"","sticky":false,"template":"","format":"standard","meta":{"footnotes":""},"categories":[9587],"tags":[1111,11,6961,1777,674,10087,1011,27,12,5161,25,9590,104,3365],"class_list":{"0":"post-534236","1":"post","2":"type-post","3":"status-publish","4":"format-standard","5":"has-post-thumbnail","7":"category-rouen","8":"tag-actu","9":"tag-actualites","10":"tag-brocante","11":"tag-eu","12":"tag-europe","13":"tag-foires-a-tout","14":"tag-fr","15":"tag-france","16":"tag-news","17":"tag-normandie","18":"tag-republique-francaise","19":"tag-rouen","20":"tag-societe","21":"tag-vide-greniers"},"share_on_mastodon":{"url":"https:\/\/pubeurope.com\/@fr\/115549475112535161","error":""},"_links":{"self":[{"href":"https:\/\/www.europesays.com\/fr\/wp-json\/wp\/v2\/posts\/534236","targetHints":{"allow":["GET"]}}],"collection":[{"href":"https:\/\/www.europesays.com\/fr\/wp-json\/wp\/v2\/posts"}],"about":[{"href":"https:\/\/www.europesays.com\/fr\/wp-json\/wp\/v2\/types\/post"}],"author":[{"embeddable":true,"href":"https:\/\/www.europesays.com\/fr\/wp-json\/wp\/v2\/users\/2"}],"replies":[{"embeddable":true,"href":"https:\/\/www.europesays.com\/fr\/wp-json\/wp\/v2\/comments?post=534236"}],"version-history":[{"count":0,"href":"https:\/\/www.europesays.com\/fr\/wp-json\/wp\/v2\/posts\/534236\/revisions"}],"wp:featuredmedia":[{"embeddable":true,"href":"https:\/\/www.europesays.com\/fr\/wp-json\/wp\/v2\/media\/534237"}],"wp:attachment":[{"href":"https:\/\/www.europesays.com\/fr\/wp-json\/wp\/v2\/media?parent=534236"}],"wp:term":[{"taxonomy":"category","embeddable":true,"href":"https:\/\/www.europesays.com\/fr\/wp-json\/wp\/v2\/categories?post=534236"},{"taxonomy":"post_tag","embeddable":true,"href":"https:\/\/www.europesays.com\/fr\/wp-json\/wp\/v2\/tags?post=534236"}],"curies":[{"name":"wp","href":"https:\/\/api.w.org\/{rel}","templated":true}]}}