{"id":534238,"date":"2025-11-14T18:30:26","date_gmt":"2025-11-14T18:30:26","guid":{"rendered":"https:\/\/www.europesays.com\/fr\/534238\/"},"modified":"2025-11-14T18:30:26","modified_gmt":"2025-11-14T18:30:26","slug":"a-rouen-un-magasin-de-materiel-artistique-vient-douvrir","status":"publish","type":"post","link":"https:\/\/www.europesays.com\/fr\/534238\/","title":{"rendered":"\u00e0 Rouen, un magasin de mat\u00e9riel artistique vient d&rsquo;ouvrir"},"content":{"rendered":"<p>                    Par<br \/>\n        <strong><br \/>\n            <a href=\"https:\/\/actu.fr\/auteur\/yann-rivallan\" title=\"Consulter tous les articles de Yann Rivallan\" rel=\"nofollow noopener\" target=\"_blank\">Yann Rivallan<\/a><br \/>\n                    <\/strong><\/p>\n<p>        Publi\u00e9 le<\/p>\n<p>            14 nov. 2025 \u00e0 18h18        <\/p>\n<p>Depuis la disparition du magasin Artmania il y a quelques ann\u00e9es, il \u00e9tait devenu difficile de se procurer <strong>du mat\u00e9riel artistique professionnel<\/strong> \u00e0 <a href=\"https:\/\/actu.fr\/normandie\/rouen_76540\" rel=\"nofollow noopener\" target=\"_blank\">Rouen<\/a>. \u00ab\u2009Il y avait un gros manque\u2009\u00bb, assure Ludivine. Elle est aujourd\u2019hui, responsable d\u2019un nouveau magasin ouvert le 3 novembre 2025 dans la rue Lecanuet\u2009: <strong>le G\u00e9ant des Beaux-Arts<\/strong>. Une enseigne sp\u00e9cialis\u00e9e \u2014 comme son nom l\u2019indique \u2014 dans les produits destin\u00e9s aux artistes.<\/p>\n<p>De grandes marques pour les pros et les amateurs<\/p>\n<p class=\" wall-content\">Il s\u2019agit du <strong>21e magasin<\/strong> de cette entreprise fran\u00e7aise fond\u00e9e \u00e0 Strasbourg. Et contrairement \u00e0 certains de ses concurrents, plut\u00f4t sp\u00e9cialis\u00e9s dans \u00ab\u2009les loisirs cr\u00e9atifs\u2009\u00bb, fait remarquer la responsable, le G\u00e9ant des Beaux-Arts propose une vari\u00e9t\u00e9 de <strong>grandes marques<\/strong> \u00e0 destination des artistes professionnels et amateurs.<\/p>\n<p class=\" wall-content\">Peinture, ch\u00e2ssis, papiers, pastels, feutres, crayons, pinceaux, sculpture\u2026 Il y en a pour tous les go\u00fbts et toutes les formes d\u2019arts. L\u2019objectif de l\u2019enseigne est clair\u2009: \u00ab\u2009On veut rendre accessible de grosses marques au plus grand nombre.\u2009\u00bb<\/p>\n<p>24\u2009000 r\u00e9f\u00e9rences en magasin<\/p>\n<p class=\" wall-content\">Avant cette ouverture, \u00ab\u2009nos clients <strong>commandaient en ligne<\/strong> ou devaient se rendre dans l\u2019un de nos magasins \u00e0 Paris\u2009\u00bb, explique Ludivine. Mais un point physique, comme celui qui vient d\u2019ouvrir au 42-44 de la rue Jean-Lecanuet, devenait indispensable \u00e0 Rouen, selon elle.<\/p>\n<blockquote class=\"ac-article-quote wall-content\">\n<p>Dans le milieu artistique, on a besoin de contact avec les produits. Il y a tellement de nuances de couleurs que venir en magasin est souvent plus simple que de commander en ligne.<\/p>\n<p>    <strong>Ludivine<\/strong><br \/>\n        Responsable du G\u00e9ant des Beaux-Arts de Rouen    <\/p><\/blockquote>\n<p>Vid\u00e9os : en ce moment sur Actu<\/p>\n<p class=\" wall-content\">Et puis, en venant au magasin \u00ab\u2009on a les produits tout de suite\u2009\u00bb, poursuit la responsable. Avec pr\u00e8s de <strong>24\u2009000 r\u00e9f\u00e9rences<\/strong> en boutique, sur un catalogue de <strong>75\u2009000 r\u00e9f\u00e9rences<\/strong> au total, on peut ais\u00e9ment trouver son bonheur.<\/p>\n<p class=\" wall-content\">\u00ab\u2009Mais on sait pertinemment qu\u2019on finira toujours par ne pas avoir le produit pr\u00e9cis que recherche un client, convient Ludivine. Dans ce cas, on peut commander par le biais du magasin.\u2009\u00bb<\/p>\n<p>Votre r\u00e9gion, votre actu !<\/p>\n<p>Recevez chaque jour les infos qui comptent pour vous.<\/p>\n<p>\t<a href=\"https:\/\/actu.fr\/newsletter\" class=\"ac-btn ac-btn--corner ac-btn--medium ac-btn--blue800\" rel=\"nofollow noopener\" target=\"_blank\">S&rsquo;incrire<\/a><\/p>\n<p class=\" wall-content\">Surtout, le gros point fort du G\u00e9ant, \u00ab\u2009c\u2019est le conseil client\u2009\u00bb, insiste la responsable du magasin. \u00ab\u2009On conna\u00eet nos clients, on sait les conseiller et on a toujours le sourire\u2009!\u2009\u00bb<\/p>\n<p><strong>Infos pratiques<\/strong><br \/>Le G\u00e9ant des Beaux-Arts, 42-44 rue Jean-Lecanuet \u00e0 Rouen. Ouverture du lundi au samedi de 9h30 \u00e0 19h, sans interruption.<\/p>\n<p>Suivez l\u2019actualit\u00e9 de Rouen sur <a href=\"https:\/\/www.whatsapp.com\/channel\/0029VaKfnf99hXF2ddApFB1D\" rel=\"nofollow noopener\" target=\"_blank\">notre cha\u00eene WhatsApp<\/a> et sur <a href=\"https:\/\/www.tiktok.com\/@76actu.fr?lang=fr\" rel=\"nofollow noopener\" target=\"_blank\">notre compte TikTok<\/a><\/p>\n<p class=\" wall-content\">Personnalisez votre actualit\u00e9 en ajoutant vos villes et m\u00e9dias en favori avec <a href=\"https:\/\/moncompte.actu.fr\" title=\"D\u00e9couvez Mon Actu\" rel=\"nofollow noopener\" data-trk=\"{&quot;cta&quot;:{&quot;action&quot;:&quot;https:\\\/\\\/moncompte.actu.fr&quot;,&quot;category&quot;:&quot;mon compte&quot;,&quot;from&quot;:&quot;article footer&quot;,&quot;name&quot;:&quot;Mon actu&quot;,&quot;type&quot;:&quot;cta&quot;}}\" target=\"_blank\">Mon Actu<\/a>.<\/p>\n<p>                    <script async src=\"\/\/www.tiktok.com\/embed.js\"><\/script><\/p>\n","protected":false},"excerpt":{"rendered":"Par Yann Rivallan Publi\u00e9 le 14 nov. 2025 \u00e0 18h18 Depuis la disparition du magasin Artmania il y&hellip;\n","protected":false},"author":2,"featured_media":534239,"comment_status":"","ping_status":"","sticky":false,"template":"","format":"standard","meta":{"footnotes":""},"categories":[9587],"tags":[1111,11,215,1777,674,1011,27,1652,12,5161,3147,25,9590],"class_list":{"0":"post-534238","1":"post","2":"type-post","3":"status-publish","4":"format-standard","5":"has-post-thumbnail","7":"category-rouen","8":"tag-actu","9":"tag-actualites","10":"tag-commerce","11":"tag-eu","12":"tag-europe","13":"tag-fr","14":"tag-france","15":"tag-loisirs-culture","16":"tag-news","17":"tag-normandie","18":"tag-nouveaux-commerces","19":"tag-republique-francaise","20":"tag-rouen"},"share_on_mastodon":{"url":"https:\/\/pubeurope.com\/@fr\/115549478963674963","error":""},"_links":{"self":[{"href":"https:\/\/www.europesays.com\/fr\/wp-json\/wp\/v2\/posts\/534238","targetHints":{"allow":["GET"]}}],"collection":[{"href":"https:\/\/www.europesays.com\/fr\/wp-json\/wp\/v2\/posts"}],"about":[{"href":"https:\/\/www.europesays.com\/fr\/wp-json\/wp\/v2\/types\/post"}],"author":[{"embeddable":true,"href":"https:\/\/www.europesays.com\/fr\/wp-json\/wp\/v2\/users\/2"}],"replies":[{"embeddable":true,"href":"https:\/\/www.europesays.com\/fr\/wp-json\/wp\/v2\/comments?post=534238"}],"version-history":[{"count":0,"href":"https:\/\/www.europesays.com\/fr\/wp-json\/wp\/v2\/posts\/534238\/revisions"}],"wp:featuredmedia":[{"embeddable":true,"href":"https:\/\/www.europesays.com\/fr\/wp-json\/wp\/v2\/media\/534239"}],"wp:attachment":[{"href":"https:\/\/www.europesays.com\/fr\/wp-json\/wp\/v2\/media?parent=534238"}],"wp:term":[{"taxonomy":"category","embeddable":true,"href":"https:\/\/www.europesays.com\/fr\/wp-json\/wp\/v2\/categories?post=534238"},{"taxonomy":"post_tag","embeddable":true,"href":"https:\/\/www.europesays.com\/fr\/wp-json\/wp\/v2\/tags?post=534238"}],"curies":[{"name":"wp","href":"https:\/\/api.w.org\/{rel}","templated":true}]}}