{"id":534242,"date":"2025-11-14T18:32:13","date_gmt":"2025-11-14T18:32:13","guid":{"rendered":"https:\/\/www.europesays.com\/fr\/534242\/"},"modified":"2025-11-14T18:32:13","modified_gmt":"2025-11-14T18:32:13","slug":"municipales-a-grenoble-le-ps-se-rallie-a-la-liste-ecologiste-actualites","status":"publish","type":"post","link":"https:\/\/www.europesays.com\/fr\/534242\/","title":{"rendered":"Municipales \u00e0 Grenoble: le PS se rallie \u00e0 la liste Ecologiste : Actualit\u00e9s"},"content":{"rendered":"<p class=\"lead \">Le Parti socialiste \u00e0 Grenoble va se rallier \u00e0 la campagne des Ecologistes pour les \u00e9lections municipales de 2026, ont annonc\u00e9 vendredi leurs dirigeantes lors d&rsquo;un point presse.<\/p>\n<p class=\"lead \">Le PS va rejoindre les sept autres partis de gauche composant la liste men\u00e9e par la cheffe d&rsquo;entreprise Laurence Ruffin, en lice pour succ\u00e9der \u00e0 l&rsquo;actuel \u00e9dile \u00e9cologiste Eric Piolle. Celui-ci a indiqu\u00e9 de longue date qu&rsquo;il ne se repr\u00e9senterait pas dans la capitale des Alpes apr\u00e8s deux mandats.<\/p>\n<p class=\"lead \">Ce rapprochement \u00ab\u00a0historique et important pour Grenoble\u00a0\u00bb est le fruit d&rsquo;un \u00ab\u00a0cheminement\u00a0\u00bb et de nombreuses discussions entre les deux mouvements depuis son \u00e9lection \u00e0 la t\u00eate du mouvement en septembre dernier, a d\u00e9clar\u00e9 Mme Ruffin.<\/p>\n<p class=\"lead \">\u00ab\u00a0Aujourd&rsquo;hui on arrive avec beaucoup d&rsquo;envie de fabriquer un projet\u00a0\u00bb visant \u00e0 \u00ab\u00a0am\u00e9liore(r) le quotidien des Grenoblois et Grenobloises. Et en cela je pense que c&rsquo;est ce qu&rsquo;on a envie de porter ensemble\u00a0\u00bb, a-t-elle ajout\u00e9.<\/p>\n<p class=\"lead \">\u00ab\u00a0Ce n&rsquo;\u00e9tait pas forc\u00e9ment quelque chose de naturel, on est quand m\u00eame ce soir dans un moment qui est assez historique\u00a0\u00bb, a rench\u00e9ri la cheffe de file socialiste Amandine Germain, rappelant les vives divisions qui ont \u00e9maill\u00e9 ces vingt derni\u00e8res ann\u00e9es les relations entre socialistes et \u00e9cologistes \u00e0 Grenoble.<\/p>\n<p class=\"lead \">Mais \u00ab\u00a0il y avait quand m\u00eame beaucoup de similitudes dans ce qu&rsquo;on avait commenc\u00e9 \u00e0 travailler les uns et les autres, chacun dans notre coin jusqu&rsquo;\u00e0 maintenant\u00a0\u00bb, a-t-elle soulign\u00e9, exprimant sa \u00ab\u00a0confiance\u00a0\u00bb envers Laurence Ruffin et la d\u00e9crivant comme \u00ab\u00a0quelqu&rsquo;un de solide pour demain \u00eatre la future maire de Grenoble\u00a0\u00bb.<\/p>\n<p class=\"lead \">Interrog\u00e9e sur les relations avec les partis LFI et Place Publique, qui m\u00e8nent leurs campagnes municipales s\u00e9par\u00e9ment, ils ont \u00ab\u00a0fait leur propre choix\u00a0\u00bb, a soulign\u00e9 Mme Ruffin. <\/p>\n<p class=\"lead \">\u00ab\u00a0Moi, ce que je porte, c&rsquo;est l&rsquo;union de la gauche. Il y a des partis qui ont d\u00e9cid\u00e9 de partir seuls. C&rsquo;est leur responsabilit\u00e9\u00a0\u00bb, a soulign\u00e9 l&rsquo;Ami\u00e9noise d&rsquo;origine, install\u00e9e depuis 2003 \u00e0 Grenoble et s\u0153ur du d\u00e9put\u00e9 Fran\u00e7ois Ruffin (ex-Insoumis).<\/p>\n<p class=\"small font-weight-bold text-gray3 \"> publi\u00e9 le 14 novembre \u00e0 19h24, AFP<\/p>\n<p>                             Partager<\/p>\n","protected":false},"excerpt":{"rendered":"Le Parti socialiste \u00e0 Grenoble va se rallier \u00e0 la campagne des Ecologistes pour les \u00e9lections municipales de&hellip;\n","protected":false},"author":2,"featured_media":534243,"comment_status":"","ping_status":"","sticky":false,"template":"","format":"standard","meta":{"footnotes":""},"categories":[9566],"tags":[11910,1111,11,2430,1777,674,1011,27,2731,12,3848,316,25],"class_list":{"0":"post-534242","1":"post","2":"type-post","3":"status-publish","4":"format-standard","5":"has-post-thumbnail","7":"category-grenoble","8":"tag-lections","9":"tag-actu","10":"tag-actualites","11":"tag-auvergne-rhone-alpes","12":"tag-eu","13":"tag-europe","14":"tag-fr","15":"tag-france","16":"tag-grenoble","17":"tag-news","18":"tag-partis","19":"tag-politique","20":"tag-republique-francaise"},"share_on_mastodon":{"url":"https:\/\/pubeurope.com\/@fr\/115549486708252591","error":""},"_links":{"self":[{"href":"https:\/\/www.europesays.com\/fr\/wp-json\/wp\/v2\/posts\/534242","targetHints":{"allow":["GET"]}}],"collection":[{"href":"https:\/\/www.europesays.com\/fr\/wp-json\/wp\/v2\/posts"}],"about":[{"href":"https:\/\/www.europesays.com\/fr\/wp-json\/wp\/v2\/types\/post"}],"author":[{"embeddable":true,"href":"https:\/\/www.europesays.com\/fr\/wp-json\/wp\/v2\/users\/2"}],"replies":[{"embeddable":true,"href":"https:\/\/www.europesays.com\/fr\/wp-json\/wp\/v2\/comments?post=534242"}],"version-history":[{"count":0,"href":"https:\/\/www.europesays.com\/fr\/wp-json\/wp\/v2\/posts\/534242\/revisions"}],"wp:featuredmedia":[{"embeddable":true,"href":"https:\/\/www.europesays.com\/fr\/wp-json\/wp\/v2\/media\/534243"}],"wp:attachment":[{"href":"https:\/\/www.europesays.com\/fr\/wp-json\/wp\/v2\/media?parent=534242"}],"wp:term":[{"taxonomy":"category","embeddable":true,"href":"https:\/\/www.europesays.com\/fr\/wp-json\/wp\/v2\/categories?post=534242"},{"taxonomy":"post_tag","embeddable":true,"href":"https:\/\/www.europesays.com\/fr\/wp-json\/wp\/v2\/tags?post=534242"}],"curies":[{"name":"wp","href":"https:\/\/api.w.org\/{rel}","templated":true}]}}