{"id":534244,"date":"2025-11-14T18:33:21","date_gmt":"2025-11-14T18:33:21","guid":{"rendered":"https:\/\/www.europesays.com\/fr\/534244\/"},"modified":"2025-11-14T18:33:21","modified_gmt":"2025-11-14T18:33:21","slug":"un-car-scolaire-se-renverse-en-ille-et-vilaine-avec-douze-enfants-et-deux-adultes-a-bord","status":"publish","type":"post","link":"https:\/\/www.europesays.com\/fr\/534244\/","title":{"rendered":"Un car scolaire se renverse en Ille-et-Vilaine, avec douze enfants et deux adultes \u00e0 bord"},"content":{"rendered":"<p>Un accident de la route impliquant un bus de transport scolaire s\u2019est produit ce vendredi 14\u00a0novembre 2025, vers 17\u00a0h, dans la commune de Miniac-sous-B\u00e9cherel, au nord-ouest de Rennes.<\/p>\n<p>Selon les premi\u00e8res informations, le car se serait couch\u00e9 et renvers\u00e9 dans le foss\u00e9 sur la route d\u00e9partementale (RD220) avec, \u00e0 son bord, douze enfants de 3 \u00e0 8 ans, un accompagnateur et un chauffeur.<\/p>\n<p>Les \u00e9l\u00e8ves regroup\u00e9s dans un champ<\/p>\n<p>Tout le monde a r\u00e9ussi \u00e0 s\u2019extirper du v\u00e9hicule en brisant les fen\u00eatres. Il a aucun de bless\u00e9.<\/p>\n<p><strong>\u00ab\u00a0Les \u00e9l\u00e8ves ont \u00e9t\u00e9 regroup\u00e9s dans un champ en attendant l\u2019arriv\u00e9e des secours\u00a0\u00bb<\/strong>, pr\u00e9cise les services du D\u00e9partement d\u2019Ille-et-Vilaine.<\/p>\n<p>D\u2019importants effectifs de pompiers ont \u00e9t\u00e9 envoy\u00e9s sur place.<\/p>\n<p>\u00a0<\/p>\n","protected":false},"excerpt":{"rendered":"Un accident de la route impliquant un bus de transport scolaire s\u2019est produit ce vendredi 14\u00a0novembre 2025, vers&hellip;\n","protected":false},"author":2,"featured_media":534245,"comment_status":"","ping_status":"","sticky":false,"template":"","format":"standard","meta":{"footnotes":""},"categories":[2821],"tags":[1111,11,43105,3944,829,1719,1777,674,1011,27,848,12,584,23717,25,7423],"class_list":{"0":"post-534244","1":"post","2":"type-post","3":"status-publish","4":"format-standard","5":"has-post-thumbnail","7":"category-rennes","8":"tag-actu","9":"tag-actualites","10":"tag-adultes","11":"tag-bord","12":"tag-bretagne","13":"tag-enfants","14":"tag-eu","15":"tag-europe","16":"tag-fr","17":"tag-france","18":"tag-ille-et-vilaine","19":"tag-news","20":"tag-rennes","21":"tag-renverse","22":"tag-republique-francaise","23":"tag-scolaire"},"share_on_mastodon":{"url":"https:\/\/pubeurope.com\/@fr\/115549490749423671","error":""},"_links":{"self":[{"href":"https:\/\/www.europesays.com\/fr\/wp-json\/wp\/v2\/posts\/534244","targetHints":{"allow":["GET"]}}],"collection":[{"href":"https:\/\/www.europesays.com\/fr\/wp-json\/wp\/v2\/posts"}],"about":[{"href":"https:\/\/www.europesays.com\/fr\/wp-json\/wp\/v2\/types\/post"}],"author":[{"embeddable":true,"href":"https:\/\/www.europesays.com\/fr\/wp-json\/wp\/v2\/users\/2"}],"replies":[{"embeddable":true,"href":"https:\/\/www.europesays.com\/fr\/wp-json\/wp\/v2\/comments?post=534244"}],"version-history":[{"count":0,"href":"https:\/\/www.europesays.com\/fr\/wp-json\/wp\/v2\/posts\/534244\/revisions"}],"wp:featuredmedia":[{"embeddable":true,"href":"https:\/\/www.europesays.com\/fr\/wp-json\/wp\/v2\/media\/534245"}],"wp:attachment":[{"href":"https:\/\/www.europesays.com\/fr\/wp-json\/wp\/v2\/media?parent=534244"}],"wp:term":[{"taxonomy":"category","embeddable":true,"href":"https:\/\/www.europesays.com\/fr\/wp-json\/wp\/v2\/categories?post=534244"},{"taxonomy":"post_tag","embeddable":true,"href":"https:\/\/www.europesays.com\/fr\/wp-json\/wp\/v2\/tags?post=534244"}],"curies":[{"name":"wp","href":"https:\/\/api.w.org\/{rel}","templated":true}]}}