{"id":534248,"date":"2025-11-14T18:35:13","date_gmt":"2025-11-14T18:35:13","guid":{"rendered":"https:\/\/www.europesays.com\/fr\/534248\/"},"modified":"2025-11-14T18:35:13","modified_gmt":"2025-11-14T18:35:13","slug":"fegersheim-madeleine-giffey-centenaire-comme-sa-maman","status":"publish","type":"post","link":"https:\/\/www.europesays.com\/fr\/534248\/","title":{"rendered":"Fegersheim. Madeleine Giffey, centenaire comme sa maman"},"content":{"rendered":"<p>N\u00e9e le 14\u00a0novembre 1925 \u00e0 Wissembourg, Madeleine Giffey a grandi entour\u00e9e de l\u2019affection de ses parents, L\u00e9onie et Charles Moell, vitrier d\u2019art. En 1937, la famille s\u2019installe \u00e0 Strasbourg, d\u2019abord \u00e0 Koenigshoffen, puis \u00e0 la Montagne-Verte. Lorsque la guerre \u00e9clate, Madeleine et sa m\u00e8re sont \u00e9vacu\u00e9es \u00e0 Kientzheim, chez des viticulteurs de la famille. De retour \u00e0 Strasbourg,&#8230;<\/p>\n","protected":false},"excerpt":{"rendered":"N\u00e9e le 14\u00a0novembre 1925 \u00e0 Wissembourg, Madeleine Giffey a grandi entour\u00e9e de l\u2019affection de ses parents, L\u00e9onie et&hellip;\n","protected":false},"author":2,"featured_media":534249,"comment_status":"","ping_status":"","sticky":false,"template":"","format":"standard","meta":{"footnotes":""},"categories":[2820],"tags":[1111,11,7476,2880,1777,674,10594,1011,27,775,12,25,104,640,3089],"class_list":{"0":"post-534248","1":"post","2":"type-post","3":"status-publish","4":"format-standard","5":"has-post-thumbnail","7":"category-strasbourg","8":"tag-actu","9":"tag-actualites","10":"tag-anniversaires","11":"tag-edition-strasbourg","12":"tag-eu","13":"tag-europe","14":"tag-fegersheim","15":"tag-fr","16":"tag-france","17":"tag-grand-est","18":"tag-news","19":"tag-republique-francaise","20":"tag-societe","21":"tag-strasbourg","22":"tag-strasbourg-sud"},"share_on_mastodon":{"url":"https:\/\/pubeurope.com\/@fr\/115549498648768177","error":""},"_links":{"self":[{"href":"https:\/\/www.europesays.com\/fr\/wp-json\/wp\/v2\/posts\/534248","targetHints":{"allow":["GET"]}}],"collection":[{"href":"https:\/\/www.europesays.com\/fr\/wp-json\/wp\/v2\/posts"}],"about":[{"href":"https:\/\/www.europesays.com\/fr\/wp-json\/wp\/v2\/types\/post"}],"author":[{"embeddable":true,"href":"https:\/\/www.europesays.com\/fr\/wp-json\/wp\/v2\/users\/2"}],"replies":[{"embeddable":true,"href":"https:\/\/www.europesays.com\/fr\/wp-json\/wp\/v2\/comments?post=534248"}],"version-history":[{"count":0,"href":"https:\/\/www.europesays.com\/fr\/wp-json\/wp\/v2\/posts\/534248\/revisions"}],"wp:featuredmedia":[{"embeddable":true,"href":"https:\/\/www.europesays.com\/fr\/wp-json\/wp\/v2\/media\/534249"}],"wp:attachment":[{"href":"https:\/\/www.europesays.com\/fr\/wp-json\/wp\/v2\/media?parent=534248"}],"wp:term":[{"taxonomy":"category","embeddable":true,"href":"https:\/\/www.europesays.com\/fr\/wp-json\/wp\/v2\/categories?post=534248"},{"taxonomy":"post_tag","embeddable":true,"href":"https:\/\/www.europesays.com\/fr\/wp-json\/wp\/v2\/tags?post=534248"}],"curies":[{"name":"wp","href":"https:\/\/api.w.org\/{rel}","templated":true}]}}