{"id":53425,"date":"2025-04-26T03:52:08","date_gmt":"2025-04-26T03:52:08","guid":{"rendered":"https:\/\/www.europesays.com\/fr\/53425\/"},"modified":"2025-04-26T03:52:08","modified_gmt":"2025-04-26T03:52:08","slug":"grenoble-se-fait-peur-nice-signe-un-immense-exploit-dax-sincline-dans-le-derby","status":"publish","type":"post","link":"https:\/\/www.europesays.com\/fr\/53425\/","title":{"rendered":"Grenoble se fait peur, Nice signe un immense exploit, Dax s\u2019incline dans le derby"},"content":{"rendered":"<p>Ce vendredi soir, Grenoble a difficilement battu Oyonnax (26-26) alors que Nice, d\u00e9j\u00e0 rel\u00e9gu\u00e9, s\u2019est offert le scalp de Provence Rugby (13-12).<\/p>\n<p class=\"fig-paragraph\">Le leader Grenoble a assur\u00e9 vendredi en battant Oyonnax 26-23 en 28e journ\u00e9e de Pro D2 vendredi, Soyaux Angoul\u00eame s&#8217;emparant de la 5e place gr\u00e2ce \u00e0 sa victoire \u00e0 Agen 23-12 combin\u00e9e \u00e0 la d\u00e9faite \u00e0 domicile de Montauban face \u00e0 Colomiers 31-17.<\/p>\n<p class=\"fig-paragraph\">B\u00e9ziers, qui avait perdu jeudi face \u00e0 Biarritz 33-17, se retrouve 6e, derni\u00e8re place qualificative pour la phase finale, avec un point d&rsquo;avance sur Montauban, qui sort pour l&rsquo;instant du club des \u00e9lus de la phase finale \u00e0 deux journ\u00e9es de la fin de la saison r\u00e9guli\u00e8re. A noter que l\u2019US Dax a \u00e9t\u00e9 battue dans le derby face \u00e0 Mont-de-Marsan.<\/p>\n<p class=\"fig-paragraph\">Le 2e du classement, Brive, est all\u00e9 gagner \u00e0 Aurillac 39-23, empochant le bonus offensif au passage. Les Corr\u00e9ziens reviennent \u00e0 cinq points de Grenoble. A noter aussi la courte d\u00e9faite de Provence Rugby, 4e, face au Stade Ni\u00e7ois (13-12), le dernier du classement d\u00e9j\u00e0 condamn\u00e9 \u00e0 la rel\u00e9gation.<\/p>\n","protected":false},"excerpt":{"rendered":"Ce vendredi soir, Grenoble a difficilement battu Oyonnax (26-26) alors que Nice, d\u00e9j\u00e0 rel\u00e9gu\u00e9, s\u2019est offert le scalp&hellip;\n","protected":false},"author":2,"featured_media":53426,"comment_status":"","ping_status":"","sticky":false,"template":"","format":"standard","meta":{"footnotes":""},"categories":[9566],"tags":[2306,1111,11,2430,525,2309,1981,2313,1089,451,814,1777,674,1011,27,2731,955,12,2308,2311,25,1980,479,2259,2307,478,2310,2312,513],"class_list":{"0":"post-53425","1":"post","2":"type-post","3":"status-publish","4":"format-standard","5":"has-post-thumbnail","7":"category-grenoble","8":"tag-6-nations","9":"tag-actu","10":"tag-actualites","11":"tag-auvergne-rhone-alpes","12":"tag-calendrier","13":"tag-challenge-europeen","14":"tag-classement","15":"tag-clermont","16":"tag-coupe-deurope","17":"tag-coupe-du-monde","18":"tag-direct","19":"tag-eu","20":"tag-europe","21":"tag-fr","22":"tag-france","23":"tag-grenoble","24":"tag-match","25":"tag-news","26":"tag-pro-d2","27":"tag-racing","28":"tag-republique-francaise","29":"tag-resultats","30":"tag-rugby","31":"tag-score","32":"tag-six-nations","33":"tag-top-14","34":"tag-toulon","35":"tag-toulouse","36":"tag-xv-de-france"},"share_on_mastodon":{"url":"https:\/\/pubeurope.com\/@fr\/114402239683266773","error":""},"_links":{"self":[{"href":"https:\/\/www.europesays.com\/fr\/wp-json\/wp\/v2\/posts\/53425","targetHints":{"allow":["GET"]}}],"collection":[{"href":"https:\/\/www.europesays.com\/fr\/wp-json\/wp\/v2\/posts"}],"about":[{"href":"https:\/\/www.europesays.com\/fr\/wp-json\/wp\/v2\/types\/post"}],"author":[{"embeddable":true,"href":"https:\/\/www.europesays.com\/fr\/wp-json\/wp\/v2\/users\/2"}],"replies":[{"embeddable":true,"href":"https:\/\/www.europesays.com\/fr\/wp-json\/wp\/v2\/comments?post=53425"}],"version-history":[{"count":0,"href":"https:\/\/www.europesays.com\/fr\/wp-json\/wp\/v2\/posts\/53425\/revisions"}],"wp:featuredmedia":[{"embeddable":true,"href":"https:\/\/www.europesays.com\/fr\/wp-json\/wp\/v2\/media\/53426"}],"wp:attachment":[{"href":"https:\/\/www.europesays.com\/fr\/wp-json\/wp\/v2\/media?parent=53425"}],"wp:term":[{"taxonomy":"category","embeddable":true,"href":"https:\/\/www.europesays.com\/fr\/wp-json\/wp\/v2\/categories?post=53425"},{"taxonomy":"post_tag","embeddable":true,"href":"https:\/\/www.europesays.com\/fr\/wp-json\/wp\/v2\/tags?post=53425"}],"curies":[{"name":"wp","href":"https:\/\/api.w.org\/{rel}","templated":true}]}}