{"id":534250,"date":"2025-11-14T18:36:15","date_gmt":"2025-11-14T18:36:15","guid":{"rendered":"https:\/\/www.europesays.com\/fr\/534250\/"},"modified":"2025-11-14T18:36:15","modified_gmt":"2025-11-14T18:36:15","slug":"la-mairie-prend-un-arrete-de-fermeture-de-letablissement","status":"publish","type":"post","link":"https:\/\/www.europesays.com\/fr\/534250\/","title":{"rendered":"la mairie prend un arr\u00eat\u00e9 de fermeture de l\u2019\u00e9tablissement"},"content":{"rendered":"<p>Apr\u00e8s des probl\u00e8mes de harc\u00e8lement sur les r\u00e9seaux sociaux de la part de l\u2019exploitant du Wagon Souk envers d\u2019autres parties prenantes de ce tiers-lieu culturel et solidaire, les amendes \u00e0 hauteur de 5\u00a0000\u00a0euros <a href=\"https:\/\/www.dna.fr\/faits-divers-justice\/2025\/11\/13\/le-wagon-souk-a-l-amende-pour-defauts-de-securite\" target=\"_blank\" rel=\"noopener\">prononc\u00e9es ce jeudi 13\u00a0novembre<\/a> par le tribunal de police de Strasbourg en raison de probl\u00e8mes de s\u00e9curit\u00e9 constat\u00e9s dans l\u2019\u00e9tablissement auguraient de grandes difficult\u00e9s pour cette structure \u00e0 surmonter cette crise. D\u2019autant que la pr\u00e9fecture avait d\u00e9cid\u00e9, fin ao\u00fbt dernier, d\u2019une fermeture administrative de 4 mois, principalement pour les faits de vente d\u2019alcool sans licence IV.<\/p>\n<p>La pr\u00e9fecture a pr\u00e9cis\u00e9 ce vendredi 14 novembre qu\u2019une commission de s\u00e9curit\u00e9 incendie s\u2019est tenue sur le site il y a quelques semaines et a maintenu son avis d\u00e9favorable \u00e0 l\u2019exploitation. \u00ab\u00a0En cons\u00e9quence, la mairie a pris un arr\u00eat\u00e9 de fermeture\u00a0\u00bb de la structure.<\/p>\n","protected":false},"excerpt":{"rendered":"Apr\u00e8s des probl\u00e8mes de harc\u00e8lement sur les r\u00e9seaux sociaux de la part de l\u2019exploitant du Wagon Souk envers&hellip;\n","protected":false},"author":2,"featured_media":534251,"comment_status":"","ping_status":"","sticky":false,"template":"","format":"standard","meta":{"footnotes":""},"categories":[2820],"tags":[1111,11,271,1687,272,2880,1777,674,274,107,1011,27,775,12,25,640,2879],"class_list":{"0":"post-534250","1":"post","2":"type-post","3":"status-publish","4":"format-standard","5":"has-post-thumbnail","7":"category-strasbourg","8":"tag-actu","9":"tag-actualites","10":"tag-crime","11":"tag-culture-loisirs","12":"tag-delit-et-contravention","13":"tag-edition-strasbourg","14":"tag-eu","15":"tag-europe","16":"tag-faits-divers-justice","17":"tag-fil-info","18":"tag-fr","19":"tag-france","20":"tag-grand-est","21":"tag-news","22":"tag-republique-francaise","23":"tag-strasbourg","24":"tag-strasbourg-ville"},"share_on_mastodon":{"url":"https:\/\/pubeurope.com\/@fr\/115549502514640122","error":""},"_links":{"self":[{"href":"https:\/\/www.europesays.com\/fr\/wp-json\/wp\/v2\/posts\/534250","targetHints":{"allow":["GET"]}}],"collection":[{"href":"https:\/\/www.europesays.com\/fr\/wp-json\/wp\/v2\/posts"}],"about":[{"href":"https:\/\/www.europesays.com\/fr\/wp-json\/wp\/v2\/types\/post"}],"author":[{"embeddable":true,"href":"https:\/\/www.europesays.com\/fr\/wp-json\/wp\/v2\/users\/2"}],"replies":[{"embeddable":true,"href":"https:\/\/www.europesays.com\/fr\/wp-json\/wp\/v2\/comments?post=534250"}],"version-history":[{"count":0,"href":"https:\/\/www.europesays.com\/fr\/wp-json\/wp\/v2\/posts\/534250\/revisions"}],"wp:featuredmedia":[{"embeddable":true,"href":"https:\/\/www.europesays.com\/fr\/wp-json\/wp\/v2\/media\/534251"}],"wp:attachment":[{"href":"https:\/\/www.europesays.com\/fr\/wp-json\/wp\/v2\/media?parent=534250"}],"wp:term":[{"taxonomy":"category","embeddable":true,"href":"https:\/\/www.europesays.com\/fr\/wp-json\/wp\/v2\/categories?post=534250"},{"taxonomy":"post_tag","embeddable":true,"href":"https:\/\/www.europesays.com\/fr\/wp-json\/wp\/v2\/tags?post=534250"}],"curies":[{"name":"wp","href":"https:\/\/api.w.org\/{rel}","templated":true}]}}