{"id":534266,"date":"2025-11-14T18:45:34","date_gmt":"2025-11-14T18:45:34","guid":{"rendered":"https:\/\/www.europesays.com\/fr\/534266\/"},"modified":"2025-11-14T18:45:34","modified_gmt":"2025-11-14T18:45:34","slug":"voici-nos-10-idees-de-sorties-a-lille-et-dans-ses-alentours-pour-ce-samedi-15-novembre","status":"publish","type":"post","link":"https:\/\/www.europesays.com\/fr\/534266\/","title":{"rendered":"Voici nos 10 id\u00e9es de sorties \u00e0 Lille et dans ses alentours pour ce samedi 15 novembre"},"content":{"rendered":"<p>                    Par<br \/>\n        <strong><br \/>\n            <a href=\"https:\/\/actu.fr\/auteur\/nicolas-demollien\" title=\"Consulter tous les articles de Nicolas Demollien\" target=\"_blank\" rel=\"noopener\">Nicolas Demollien<\/a><br \/>\n                    <\/strong><\/p>\n<p>        Publi\u00e9 le<\/p>\n<p>            14 nov. 2025 \u00e0 16h44        <\/p>\n<p>Comment <b>d\u00e9buter le week-end de la meilleure fa\u00e7on<\/b> ? On peut vous y aider gr\u00e2ce \u00e0 notre s\u00e9lection de <b>10 id\u00e9es de sorties<\/b> \u00e0 <a href=\"https:\/\/actu.fr\/hauts-de-france\/lille_59350\" target=\"_blank\" rel=\"noopener\">Lille<\/a> (Nord) ou dans ses alentours pour <b>passer une belle journ\u00e9e<\/b>. Et ce que vous soyez seul, en famille ou entre amis. Il ne vous reste qu\u2019\u00e0 choisir !<\/p>\n<p>Que faire \u00e0 Lille samedi 15 novembre ? 10 id\u00e9es de sorties<\/p>\n<ul class=\" wall-content\">\n<li><a href=\"https:\/\/actu.fr\/loisirs-culture\/nord-voici-les-brocantes-vide-greniers-et-bourses-aux-jouets-organises-samedi-15-et-dimanche-16-novembre_63425004.html\" target=\"_blank\" rel=\"noopener\">Nord : voici les brocantes, vide-greniers et bourses aux jouets organis\u00e9s samedi 15 et dimanche 16 novembre<\/a><\/li>\n<\/ul>\n<p class=\" wall-content\">Avis aux amateurs de chine et de bonnes affaires\u2009! Samedi\u00a015 et dimanche 16\u00a0novembre 2025, plusieurs brocantes et autres bourses aux jouets sont organis\u00e9es dans le Nord. D\u00e9tails.<\/p>\n<ul class=\" wall-content\">\n<li><a href=\"https:\/\/actu.fr\/hauts-de-france\/villeneuve-d-ascq_59009\/le-chti-bazar-debarque-a-villeneuve-dascq-tout-le-week-end-de-quoi-sagit-il_63416798.html\" target=\"_blank\" rel=\"noopener\">Le Ch\u2019ti Bazar d\u00e9barque \u00e0 Villeneuve-d\u2019Ascq tout le week-end : de quoi s\u2019agit-il ?<\/a><\/li>\n<\/ul>\n<p class=\" wall-content\">Ev\u00e9nement \u00e0 Villeneuve-d\u2019Ascq (Nord) ces samedi 15 et dimanche 16 novembre 2025 avec le Ch\u2019ti Bazar. Un march\u00e9 et une v\u00e9ritable c\u00e9l\u00e9bration des arts textiles ! D\u00e9tails.<\/p>\n<ul class=\" wall-content\">\n<li><a href=\"https:\/\/actu.fr\/hauts-de-france\/lezennes_59346\/bon-plan-a-deux-pas-de-lille-kiabi-lance-son-festival-de-la-seconde-main-avec-de-tout-petits-prix_63417048.html\" target=\"_blank\" rel=\"noopener\">Bon plan \u00e0 deux pas de Lille : Kiabi lance son festival de la seconde main avec de tout petits prix<\/a><\/li>\n<\/ul>\n<p class=\" wall-content\">Alerte bon plan \u00e0 Lezennes, tout pr\u00e8s de Lille (Nord). Vendredi 14 et samedi 15 novembre 2025, Kiabi Village lance son festival de la seconde main avec de tout petits prix.<\/p>\n<p>Votre r\u00e9gion, votre actu !<\/p>\n<p>Recevez chaque jour les infos qui comptent pour vous.<\/p>\n<p>\t<a href=\"https:\/\/actu.fr\/newsletter\" class=\"ac-btn ac-btn--corner ac-btn--medium ac-btn--blue800\" target=\"_blank\" rel=\"noopener\">S&rsquo;incrire<\/a><\/p>\n<ul class=\" wall-content\">\n<li><a href=\"https:\/\/actu.fr\/hauts-de-france\/douai_59178\/musee-de-la-chartreuse-de-douai-des-ermites-dautrefois-aux-esthetes-daujourdhui_63413336.html\" target=\"_blank\" rel=\"noopener\">Mus\u00e9e de la Chartreuse de Douai : des ermites d\u2019autrefois aux esth\u00e8tes d\u2019aujourd\u2019hui<\/a><\/li>\n<\/ul>\n<p class=\" wall-content\">Comment un h\u00f4tel particulier du XVIe est-il devenu un r\u00e9servoir moderne d\u2019\u00e9merveillement ? Le Mus\u00e9e de la Chartreuse \u00e0 Douai accueille environ 30 000 visiteurs par an.<\/p>\n<ul class=\" wall-content\">\n<li><a href=\"https:\/\/actu.fr\/hauts-de-france\/roubaix_59512\/roubaix-la-styliste-du-graffiti-expose-a-la-piscine-ou-quand-le-vetement-dialogue-avec-lart-de-rue_63364384.html\" target=\"_blank\" rel=\"noopener\">Roubaix. La styliste du graffiti expose \u00e0 La Piscine, ou quand le v\u00eatement dialogue avec l\u2019art de rue<\/a><\/li>\n<\/ul>\n<p class=\" wall-content\">Quel est le point commun entre les graffitis, une robe et un mus\u00e9e\u2009? C\u2019est ce que vous d\u00e9couvrirez \u00e0 la Piscine de Roubaix jusqu\u2019au 11\u00a0janvier 2026.<\/p>\n<ul class=\" wall-content\">\n<li><a href=\"https:\/\/actu.fr\/hauts-de-france\/villeneuve-d-ascq_59009\/villeneuve-dascq-limpressionnant-planetarium-du-forum-des-sciences-rouvre-ses-portes-ce-samedi_63315604.html\" target=\"_blank\" rel=\"noopener\">Villeneuve-d\u2019Ascq : l\u2019impressionnant plan\u00e9tarium du Forum des sciences a rouvert ses portes<\/a><\/li>\n<\/ul>\n<p class=\" wall-content\">Vous allez litt\u00e9ralement en prendre plein les yeux ! Ce samedi 18 octobre 2025, le plan\u00e9tarium du Forum des sciences de Villeneuve-d\u2019Ascq (Nord) rouvre ses portes. D\u00e9tails.<\/p>\n<ul class=\" wall-content\">\n<li><a href=\"https:\/\/actu.fr\/hauts-de-france\/saint-andre-lez-lille_59527\/pres-de-lille-la-friche-gourmande-se-transforme-en-station-de-ski-avec-telecabines-et-fromage-fondu_63360813.html\" target=\"_blank\" rel=\"noopener\">Pr\u00e8s de Lille, La Friche Gourmande se transforme en station de ski avec t\u00e9l\u00e9cabines et fromage fondu<\/a><\/li>\n<\/ul>\n<p class=\" wall-content\">\u00c0 Saint-Andr\u00e9-lez-Lille (Nord), la Friche Gourmande se transforme, du 29\u00a0octobre au 30\u00a0mars, en station de ski urbaine avec curling, raclette et soir\u00e9es enneig\u00e9es au programme.<\/p>\n<ul class=\" wall-content\">\n<li><a href=\"https:\/\/actu.fr\/hauts-de-france\/lens_62498\/cinq-raisons-daller-decouvrir-gothiques-la-nouvelle-expo-inedite-et-fascinante-du-louvre-lens_63204910.html\" target=\"_blank\" rel=\"noopener\">Cinq raisons d\u2019aller d\u00e9couvrir \u00a0\u00bb Gothiques \u00ab\u00a0, la nouvelle expo in\u00e9dite et fascinante du Louvre-Lens<\/a><\/li>\n<\/ul>\n<p class=\" wall-content\">\u00c0 partir de ce mercredi 24\u00a0septembre, une nouvelle exposition temporaire intitul\u00e9e \u00ab\u00a0\u2009Gothiques\u2009\u00a0\u00bb sera \u00e0 d\u00e9couvrir au Louvre-Lens. La directrice, Annabelle T\u00e9n\u00e8ze, nous la pr\u00e9sente.<\/p>\n<ul class=\" wall-content\">\n<li><a href=\"https:\/\/actu.fr\/loisirs-culture\/a-moins-de-deux-heures-de-lille-cette-ville-de-belgique-a-la-frontiere-la-plus-bizarre-du-monde_63348924.html\" target=\"_blank\" rel=\"noopener\">\u00c0 moins de deux heures de Lille, cette ville de Belgique a la fronti\u00e8re la plus \u00a0\u00bb bizarre \u00a0\u00bb du monde<\/a><\/li>\n<\/ul>\n<p class=\" wall-content\">Elle peut se targuer d\u2019avoir la fronti\u00e8re internationale la plus \u00e9trange du monde\u2009! \u00c0 moins de deux heures de Lille (Nord), cette ville de Belgique vaut vraiment le coup d\u2019\u0153il.<\/p>\n<ul class=\" wall-content\">\n<li><a href=\"https:\/\/actu.fr\/hauts-de-france\/lille_59350\/bon-plan-ces-huit-restaurants-de-lille-proposent-des-plats-a-moitie-prix-durant-plusieurs-semaines_63319001.html\" target=\"_blank\" rel=\"noopener\">Bon plan : ces huit restaurants de Lille proposent des plats \u00e0 moiti\u00e9 prix durant plusieurs semaines<\/a><\/li>\n<\/ul>\n<p class=\" wall-content\">Alerte bon plan ! A Lille (Nord), huit restaurants annoncent leur participation au festival The Fork avec des plats propos\u00e9s \u00e0 moiti\u00e9 prix. Un moment sympa pour se faire plaisir.<\/p>\n<p class=\" wall-content\">Personnalisez votre actualit\u00e9 en ajoutant vos villes et m\u00e9dias en favori avec <a href=\"https:\/\/moncompte.actu.fr\" title=\"D\u00e9couvez Mon Actu\" rel=\"nofollow noopener\" data-trk=\"{&quot;cta&quot;:{&quot;action&quot;:&quot;https:\\\/\\\/moncompte.actu.fr&quot;,&quot;category&quot;:&quot;mon compte&quot;,&quot;from&quot;:&quot;article footer&quot;,&quot;name&quot;:&quot;Mon actu&quot;,&quot;type&quot;:&quot;cta&quot;}}\" target=\"_blank\">Mon Actu<\/a>.<\/p>\n","protected":false},"excerpt":{"rendered":"Par Nicolas Demollien Publi\u00e9 le 14 nov. 2025 \u00e0 16h44 Comment d\u00e9buter le week-end de la meilleure fa\u00e7on&hellip;\n","protected":false},"author":2,"featured_media":534267,"comment_status":"","ping_status":"","sticky":false,"template":"","format":"standard","meta":{"footnotes":""},"categories":[2815],"tags":[1111,11,1777,674,1011,27,811,1307,1652,12,25],"class_list":{"0":"post-534266","1":"post","2":"type-post","3":"status-publish","4":"format-standard","5":"has-post-thumbnail","7":"category-lille","8":"tag-actu","9":"tag-actualites","10":"tag-eu","11":"tag-europe","12":"tag-fr","13":"tag-france","14":"tag-hauts-de-france","15":"tag-lille","16":"tag-loisirs-culture","17":"tag-news","18":"tag-republique-francaise"},"share_on_mastodon":{"url":"https:\/\/pubeurope.com\/@fr\/115549537934064333","error":""},"_links":{"self":[{"href":"https:\/\/www.europesays.com\/fr\/wp-json\/wp\/v2\/posts\/534266","targetHints":{"allow":["GET"]}}],"collection":[{"href":"https:\/\/www.europesays.com\/fr\/wp-json\/wp\/v2\/posts"}],"about":[{"href":"https:\/\/www.europesays.com\/fr\/wp-json\/wp\/v2\/types\/post"}],"author":[{"embeddable":true,"href":"https:\/\/www.europesays.com\/fr\/wp-json\/wp\/v2\/users\/2"}],"replies":[{"embeddable":true,"href":"https:\/\/www.europesays.com\/fr\/wp-json\/wp\/v2\/comments?post=534266"}],"version-history":[{"count":0,"href":"https:\/\/www.europesays.com\/fr\/wp-json\/wp\/v2\/posts\/534266\/revisions"}],"wp:featuredmedia":[{"embeddable":true,"href":"https:\/\/www.europesays.com\/fr\/wp-json\/wp\/v2\/media\/534267"}],"wp:attachment":[{"href":"https:\/\/www.europesays.com\/fr\/wp-json\/wp\/v2\/media?parent=534266"}],"wp:term":[{"taxonomy":"category","embeddable":true,"href":"https:\/\/www.europesays.com\/fr\/wp-json\/wp\/v2\/categories?post=534266"},{"taxonomy":"post_tag","embeddable":true,"href":"https:\/\/www.europesays.com\/fr\/wp-json\/wp\/v2\/tags?post=534266"}],"curies":[{"name":"wp","href":"https:\/\/api.w.org\/{rel}","templated":true}]}}