{"id":53427,"date":"2025-04-26T03:53:13","date_gmt":"2025-04-26T03:53:13","guid":{"rendered":"https:\/\/www.europesays.com\/fr\/53427\/"},"modified":"2025-04-26T03:53:13","modified_gmt":"2025-04-26T03:53:13","slug":"pres-de-rennes-lassociation-talendi-lance-un-plan-de-sauvegarde","status":"publish","type":"post","link":"https:\/\/www.europesays.com\/fr\/53427\/","title":{"rendered":"pr\u00e8s de Rennes, l&rsquo;association Talendi lance un plan de sauvegarde"},"content":{"rendered":"<p>            Par<br \/>\n        <strong><br \/>\n            <a href=\"https:\/\/actu.fr\/auteur\/laurene-fertin\" title=\"Consulter tous les articles de Laur\u00e8ne Fertin\" rel=\"nofollow noopener\" target=\"_blank\">Laur\u00e8ne Fertin<\/a><br \/>\n        <\/strong><\/p>\n<p>        Publi\u00e9 le<\/p>\n<p>            25 avr. 2025 \u00e0 11h26        <\/p>\n<p>Elle emploie actuellement <strong>498 salari\u00e9s<\/strong>. L\u2019association Talendi, fournisseur de services industriels et num\u00e9riques \u0153uvrant \u00e0 l\u2019inclusion des personnes handicap\u00e9es depuis 1975, traverse <strong>\u00ab\u00a0une crise majeure\u00a0\u00bb<\/strong>, souligne le syndicat CFDT CFDT M\u00e9tallurgie C\u0153ur Bretagne, dans un communiqu\u00e9 de presse.<\/p>\n<p class=\" wall-content\">Jeudi 24 avril 2025, la <strong>direction<\/strong> a en effet annonc\u00e9 la mise en place <strong>d\u2019un plan de sauvegarde<\/strong>, \u00ab\u00a0cons\u00e9quence d\u2019une situation \u00e9conomique gravement d\u00e9grad\u00e9e\u00a0\u00bb.<\/p>\n<blockquote class=\"ac-article-quote wall-content\">\n<p>Ce plan pr\u00e9voit essentiellement une r\u00e9duction des effectifs et des surfaces d\u2019exploitation, avec un impact social important pour les salari\u00e9s et les usagers.<\/p>\n<p>    <strong>CFDT M\u00e9tallurgie C\u0153ur Bretagne<\/strong>\n            <\/p><\/blockquote>\n<p>Des facteurs pluriels<\/p>\n<p class=\" wall-content\">\u00ab\u00a0Depuis 2020, une accumulation de crises externes \u2013 pand\u00e9mie, flamb\u00e9e des prix de l\u2019\u00e9nergie, p\u00e9nurie de composants, instabilit\u00e9s g\u00e9opolitiques \u2013 a fragilis\u00e9 l\u2019entreprise\u00a0\u00bb, poursuit la CFDT.<\/p>\n<blockquote class=\"ac-article-quote wall-content\">\n<p>Malgr\u00e9 une strat\u00e9gie de diversification engag\u00e9e pour r\u00e9duire la d\u00e9pendance au secteur automobile, la baisse brutale de l\u2019activit\u00e9 dans tous les secteurs, coupl\u00e9e \u00e0 une conjoncture incertaine, a conduit \u00e0 un d\u00e9s\u00e9quilibre d\u2019exploitation durable.<\/p>\n<p>    <strong>CFDT M\u00e9tallurgie C\u0153ur Bretagne<\/strong>\n            <\/p><\/blockquote>\n<p>Vid\u00e9os : en ce moment sur Actu<\/p>\n<p class=\" wall-content\">Les \u00e9lus CFDT s\u2019engagent alors \u00e0 se mobiliser \u00ab\u00a0pleinement\u00a0\u00bb et \u00ab\u00a0\u00e0 <strong>n\u00e9gocier<\/strong> avec responsabilit\u00e9 les mesures du plan dans l\u2019int\u00e9r\u00eat des salari\u00e9s et des usagers\u00a0\u00bb.<\/p>\n<p class=\" wall-content\">Selon <strong>Laurent Valy, secr\u00e9taire g\u00e9n\u00e9ral,<\/strong> \u00ab\u00a0la solidarit\u00e9 doit primer (\u2026) La CFDT appellera les collectivit\u00e9s territoriales et l\u2019\u00c9tat \u00e0 prendre leurs responsabilit\u00e9s pour garantir un soutien sans faille\u00a0\u00bb.<\/p>\n<p class=\" wall-content\">Suivez toute l\u2019actualit\u00e9 de vos villes et m\u00e9dias favoris en vous inscrivant \u00e0 <a href=\"https:\/\/moncompte.actu.fr\" title=\"D\u00e9couvez Mon Actu\" rel=\"nofollow noopener\" data-trk=\"{&quot;cta&quot;:{&quot;action&quot;:&quot;https:\\\/\\\/moncompte.actu.fr&quot;,&quot;category&quot;:&quot;mon compte&quot;,&quot;from&quot;:&quot;article footer&quot;,&quot;name&quot;:&quot;Mon actu&quot;,&quot;type&quot;:&quot;cta&quot;}}\" target=\"_blank\">Mon Actu<\/a>.<\/p>\n","protected":false},"excerpt":{"rendered":"Par Laur\u00e8ne Fertin Publi\u00e9 le 25 avr. 2025 \u00e0 11h26 Elle emploie actuellement 498 salari\u00e9s. L\u2019association Talendi, fournisseur&hellip;\n","protected":false},"author":2,"featured_media":53428,"comment_status":"","ping_status":"","sticky":false,"template":"","format":"standard","meta":{"footnotes":""},"categories":[2821],"tags":[1111,11,829,33,341,1777,674,1011,27,12,584,25],"class_list":{"0":"post-53427","1":"post","2":"type-post","3":"status-publish","4":"format-standard","5":"has-post-thumbnail","7":"category-rennes","8":"tag-actu","9":"tag-actualites","10":"tag-bretagne","11":"tag-economie","12":"tag-emploi","13":"tag-eu","14":"tag-europe","15":"tag-fr","16":"tag-france","17":"tag-news","18":"tag-rennes","19":"tag-republique-francaise"},"share_on_mastodon":{"url":"https:\/\/pubeurope.com\/@fr\/114402243741932048","error":""},"_links":{"self":[{"href":"https:\/\/www.europesays.com\/fr\/wp-json\/wp\/v2\/posts\/53427","targetHints":{"allow":["GET"]}}],"collection":[{"href":"https:\/\/www.europesays.com\/fr\/wp-json\/wp\/v2\/posts"}],"about":[{"href":"https:\/\/www.europesays.com\/fr\/wp-json\/wp\/v2\/types\/post"}],"author":[{"embeddable":true,"href":"https:\/\/www.europesays.com\/fr\/wp-json\/wp\/v2\/users\/2"}],"replies":[{"embeddable":true,"href":"https:\/\/www.europesays.com\/fr\/wp-json\/wp\/v2\/comments?post=53427"}],"version-history":[{"count":0,"href":"https:\/\/www.europesays.com\/fr\/wp-json\/wp\/v2\/posts\/53427\/revisions"}],"wp:featuredmedia":[{"embeddable":true,"href":"https:\/\/www.europesays.com\/fr\/wp-json\/wp\/v2\/media\/53428"}],"wp:attachment":[{"href":"https:\/\/www.europesays.com\/fr\/wp-json\/wp\/v2\/media?parent=53427"}],"wp:term":[{"taxonomy":"category","embeddable":true,"href":"https:\/\/www.europesays.com\/fr\/wp-json\/wp\/v2\/categories?post=53427"},{"taxonomy":"post_tag","embeddable":true,"href":"https:\/\/www.europesays.com\/fr\/wp-json\/wp\/v2\/tags?post=53427"}],"curies":[{"name":"wp","href":"https:\/\/api.w.org\/{rel}","templated":true}]}}