{"id":534272,"date":"2025-11-14T18:48:38","date_gmt":"2025-11-14T18:48:38","guid":{"rendered":"https:\/\/www.europesays.com\/fr\/534272\/"},"modified":"2025-11-14T18:48:38","modified_gmt":"2025-11-14T18:48:38","slug":"un-quinquagenaire-trouve-mort-au-fond-dun-autocar-en-gare-routiere","status":"publish","type":"post","link":"https:\/\/www.europesays.com\/fr\/534272\/","title":{"rendered":"Un quinquag\u00e9naire trouv\u00e9 mort au fond d\u2019un autocar en gare routi\u00e8re"},"content":{"rendered":"<p>Triste d\u00e9couverte ce vendredi matin pour un chauffeur d\u2019autocar de <a href=\"https:\/\/www.20minutes.fr\/marseille\/\" class=\"c-link c-link--is-underlined\" target=\"_blank\" rel=\"noopener\">Marseille<\/a>. Il \u00e9tait aux alentours de 10 heures lorsque ce chauffeur, une fois parvenu \u00e0 son terminus de la gare routi\u00e8re de Saint-Charles, a observ\u00e9 qu\u2019un homme d\u2019une cinquantaine d\u2019ann\u00e9es restait assis \u00e0 l\u2019arri\u00e8re de son autocar, rapporte <a href=\"https:\/\/www.laprovence.com\/article\/faits-divers-justice\/1776126124789414\/un-passager-retrouve-mort-au-fond-d-un-bus-a-la-gare-routiere-de-saint-charles-a-marseille\" target=\"_blank\" class=\"c-link c-link--is-underlined\" rel=\"noopener\">La Provence<\/a>.<\/p>\n<p>Pensant tout d\u2019abord le quinquag\u00e9naire endormi, l\u2019effroi s\u2019est r\u00e9v\u00e9l\u00e9 lorsque le chauffeur s\u2019est rendu compte que l\u2019homme ne respirait plus. D\u00e9p\u00each\u00e9s sur place, les secours n\u2019ont pu que constater le <a href=\"https:\/\/www.20minutes.fr\/dossier\/deces\" class=\"c-link c-link--is-underlined\" target=\"_blank\" rel=\"noopener\">d\u00e9c\u00e8s <\/a>de la personne.<\/p>\n<\/p>\n<p>Si l\u2019hypoth\u00e8se d\u2019un infarctus ou d\u2019un malaise para\u00eet la plus \u00e9vidente, le m\u00e9decin qui a constat\u00e9 le d\u00e9c\u00e8s a signal\u00e9 celui-ci \u00e0 l\u2019autorit\u00e9 judiciaire afin que davantage d\u2019investigations soient faites, conduisant \u00e0 l\u2019ouverture d\u2019une enqu\u00eate par la police, compl\u00e8te le quotidien proven\u00e7al.<\/p>\n","protected":false},"excerpt":{"rendered":"Triste d\u00e9couverte ce vendredi matin pour un chauffeur d\u2019autocar de Marseille. Il \u00e9tait aux alentours de 10 heures&hellip;\n","protected":false},"author":2,"featured_media":534273,"comment_status":"","ping_status":"","sticky":false,"template":"","format":"standard","meta":{"footnotes":""},"categories":[2814],"tags":[1111,47,11,885,3983,1067,1777,674,118,7505,1011,27,7533,884,12,883,882,25],"class_list":{"0":"post-534272","1":"post","2":"type-post","3":"status-publish","4":"format-standard","5":"has-post-thumbnail","7":"category-marseille","8":"tag-actu","9":"tag-actualite","10":"tag-actualites","11":"tag-bouches-du-rhone","12":"tag-deces","13":"tag-enquete","14":"tag-eu","15":"tag-europe","16":"tag-faits-divers","17":"tag-faits-divers-marseille","18":"tag-fr","19":"tag-france","20":"tag-gare","21":"tag-marseille","22":"tag-news","23":"tag-paca","24":"tag-provence-alpes-cote-dazur","25":"tag-republique-francaise"},"share_on_mastodon":{"url":"https:\/\/pubeurope.com\/@fr\/115549549627972792","error":""},"_links":{"self":[{"href":"https:\/\/www.europesays.com\/fr\/wp-json\/wp\/v2\/posts\/534272","targetHints":{"allow":["GET"]}}],"collection":[{"href":"https:\/\/www.europesays.com\/fr\/wp-json\/wp\/v2\/posts"}],"about":[{"href":"https:\/\/www.europesays.com\/fr\/wp-json\/wp\/v2\/types\/post"}],"author":[{"embeddable":true,"href":"https:\/\/www.europesays.com\/fr\/wp-json\/wp\/v2\/users\/2"}],"replies":[{"embeddable":true,"href":"https:\/\/www.europesays.com\/fr\/wp-json\/wp\/v2\/comments?post=534272"}],"version-history":[{"count":0,"href":"https:\/\/www.europesays.com\/fr\/wp-json\/wp\/v2\/posts\/534272\/revisions"}],"wp:featuredmedia":[{"embeddable":true,"href":"https:\/\/www.europesays.com\/fr\/wp-json\/wp\/v2\/media\/534273"}],"wp:attachment":[{"href":"https:\/\/www.europesays.com\/fr\/wp-json\/wp\/v2\/media?parent=534272"}],"wp:term":[{"taxonomy":"category","embeddable":true,"href":"https:\/\/www.europesays.com\/fr\/wp-json\/wp\/v2\/categories?post=534272"},{"taxonomy":"post_tag","embeddable":true,"href":"https:\/\/www.europesays.com\/fr\/wp-json\/wp\/v2\/tags?post=534272"}],"curies":[{"name":"wp","href":"https:\/\/api.w.org\/{rel}","templated":true}]}}