{"id":534274,"date":"2025-11-14T18:49:12","date_gmt":"2025-11-14T18:49:12","guid":{"rendered":"https:\/\/www.europesays.com\/fr\/534274\/"},"modified":"2025-11-14T18:49:12","modified_gmt":"2025-11-14T18:49:12","slug":"pres-de-lyon-appel-a-temoins-apres-la-disparition-inquietante-dune-femme","status":"publish","type":"post","link":"https:\/\/www.europesays.com\/fr\/534274\/","title":{"rendered":"Pr\u00e8s de Lyon : appel \u00e0 t\u00e9moins apr\u00e8s la disparition inqui\u00e9tante d&rsquo;une femme\u00a0"},"content":{"rendered":"<p>Une femme est port\u00e9e disparue depuis la nuit du 13 au 14 novembre, \u00e0 Francheville, pr\u00e8s de Lyon.<\/p>\n<p>La Gendarmerie du Rh\u00f4ne a lanc\u00e9 un appel \u00e0 t\u00e9moins ce vendredi 14 novembre, apr\u00e8s la disparition d&rsquo;une habitante de <b>Francheville<\/b>.\u00a0<\/p>\n<p>Sylvie Delabre, 56 ans, aurait quitt\u00e9 son domicile dans la nuit de jeudi \u00e0 vendredi.\u00a0<\/p>\n<p>Si vous avez des informations, vous pouvez contacter le <b>04.78.59.40.40<\/b>.\u00a0<\/p>\n<p><\/p>\n","protected":false},"excerpt":{"rendered":"Une femme est port\u00e9e disparue depuis la nuit du 13 au 14 novembre, \u00e0 Francheville, pr\u00e8s de Lyon.&hellip;\n","protected":false},"author":2,"featured_media":534275,"comment_status":"","ping_status":"","sticky":false,"template":"","format":"standard","meta":{"footnotes":""},"categories":[1889],"tags":[1111,11,2430,2715,1777,674,1011,27,25241,65392,2428,12,25],"class_list":{"0":"post-534274","1":"post","2":"type-post","3":"status-publish","4":"format-standard","5":"has-post-thumbnail","7":"category-lyon","8":"tag-actu","9":"tag-actualites","10":"tag-auvergne-rhone-alpes","11":"tag-disparition","12":"tag-eu","13":"tag-europe","14":"tag-fr","15":"tag-france","16":"tag-francheville","17":"tag-inquitante","18":"tag-lyon","19":"tag-news","20":"tag-republique-francaise"},"share_on_mastodon":{"url":"https:\/\/pubeurope.com\/@fr\/115549553561149869","error":""},"_links":{"self":[{"href":"https:\/\/www.europesays.com\/fr\/wp-json\/wp\/v2\/posts\/534274","targetHints":{"allow":["GET"]}}],"collection":[{"href":"https:\/\/www.europesays.com\/fr\/wp-json\/wp\/v2\/posts"}],"about":[{"href":"https:\/\/www.europesays.com\/fr\/wp-json\/wp\/v2\/types\/post"}],"author":[{"embeddable":true,"href":"https:\/\/www.europesays.com\/fr\/wp-json\/wp\/v2\/users\/2"}],"replies":[{"embeddable":true,"href":"https:\/\/www.europesays.com\/fr\/wp-json\/wp\/v2\/comments?post=534274"}],"version-history":[{"count":0,"href":"https:\/\/www.europesays.com\/fr\/wp-json\/wp\/v2\/posts\/534274\/revisions"}],"wp:featuredmedia":[{"embeddable":true,"href":"https:\/\/www.europesays.com\/fr\/wp-json\/wp\/v2\/media\/534275"}],"wp:attachment":[{"href":"https:\/\/www.europesays.com\/fr\/wp-json\/wp\/v2\/media?parent=534274"}],"wp:term":[{"taxonomy":"category","embeddable":true,"href":"https:\/\/www.europesays.com\/fr\/wp-json\/wp\/v2\/categories?post=534274"},{"taxonomy":"post_tag","embeddable":true,"href":"https:\/\/www.europesays.com\/fr\/wp-json\/wp\/v2\/tags?post=534274"}],"curies":[{"name":"wp","href":"https:\/\/api.w.org\/{rel}","templated":true}]}}