{"id":534276,"date":"2025-11-14T18:50:13","date_gmt":"2025-11-14T18:50:13","guid":{"rendered":"https:\/\/www.europesays.com\/fr\/534276\/"},"modified":"2025-11-14T18:50:13","modified_gmt":"2025-11-14T18:50:13","slug":"cagnotte-cameras-et-chiens-lincroyable-mobilisation-qui-a-permis-de-retrouver-le-corps-de-flynn-disparu-a-lyon","status":"publish","type":"post","link":"https:\/\/www.europesays.com\/fr\/534276\/","title":{"rendered":"Cagnotte, cam\u00e9ras et chiens\u2026 l\u2019incroyable mobilisation qui a permis de retrouver le corps de Flynn, disparu \u00e0 Lyon"},"content":{"rendered":"<p class=\"paragraph text_align_left lp-f-body-02\">Il s\u2019appelait <a href=\"https:\/\/www.leparisien.fr\/faits-divers\/le-corps-de-flynn-ganneval-letudiant-porte-disparu-en-marge-dune-soiree-dhalloween-a-lyon-repeche-dans-le-rhone-13-11-2025-7YIDBE6BDFA7BMD4JDCRVERVFU.php\" target=\"_blank\" rel=\"noreferrer nofollow noopener\">Flynn Ganneval.<\/a> \u00c9tudiant \u00e0 l\u2019\u00e9cole de commerce EM Lyon, 1,75 m, petite moustache, yeux marron, physique sportif, de nationalit\u00e9 autrichienne. Disparu dans la nuit du 30 octobre alors qu\u2019il se trouvait sur les quais de Sa\u00f4ne dans le quartier de la Confluence \u00e0 Lyon (Rh\u00f4ne), le jeune homme de 19 ans \u00e9tait depuis activement recherch\u00e9.<\/p>\n<p class=\"paragraph text_align_left lp-f-body-02\">Ce jeudi 13 novembre dans l\u2019apr\u00e8s-midi, sous un amas de feuilles, dans un canal qui d\u00e9bouche sur le Rh\u00f4ne \u00e0 Oullins-Pierre-B\u00e9nite au sud de Lyon, sa d\u00e9pouille a fini par \u00eatre localis\u00e9e apr\u00e8s treize jours d\u2019investigations et gr\u00e2ce \u00e0 une incroyable mobilisation humaine.<\/p>\n","protected":false},"excerpt":{"rendered":"Il s\u2019appelait Flynn Ganneval. \u00c9tudiant \u00e0 l\u2019\u00e9cole de commerce EM Lyon, 1,75 m, petite moustache, yeux marron, physique&hellip;\n","protected":false},"author":2,"featured_media":534277,"comment_status":"","ping_status":"","sticky":false,"template":"","format":"standard","meta":{"footnotes":""},"categories":[1889],"tags":[1111,11,2430,459,1777,674,118,1011,27,2428,12,25],"class_list":{"0":"post-534276","1":"post","2":"type-post","3":"status-publish","4":"format-standard","5":"has-post-thumbnail","7":"category-lyon","8":"tag-actu","9":"tag-actualites","10":"tag-auvergne-rhone-alpes","11":"tag-departements-horsidfo","12":"tag-eu","13":"tag-europe","14":"tag-faits-divers","15":"tag-fr","16":"tag-france","17":"tag-lyon","18":"tag-news","19":"tag-republique-francaise"},"share_on_mastodon":{"url":"https:\/\/pubeurope.com\/@fr\/115549557481647525","error":""},"_links":{"self":[{"href":"https:\/\/www.europesays.com\/fr\/wp-json\/wp\/v2\/posts\/534276","targetHints":{"allow":["GET"]}}],"collection":[{"href":"https:\/\/www.europesays.com\/fr\/wp-json\/wp\/v2\/posts"}],"about":[{"href":"https:\/\/www.europesays.com\/fr\/wp-json\/wp\/v2\/types\/post"}],"author":[{"embeddable":true,"href":"https:\/\/www.europesays.com\/fr\/wp-json\/wp\/v2\/users\/2"}],"replies":[{"embeddable":true,"href":"https:\/\/www.europesays.com\/fr\/wp-json\/wp\/v2\/comments?post=534276"}],"version-history":[{"count":0,"href":"https:\/\/www.europesays.com\/fr\/wp-json\/wp\/v2\/posts\/534276\/revisions"}],"wp:featuredmedia":[{"embeddable":true,"href":"https:\/\/www.europesays.com\/fr\/wp-json\/wp\/v2\/media\/534277"}],"wp:attachment":[{"href":"https:\/\/www.europesays.com\/fr\/wp-json\/wp\/v2\/media?parent=534276"}],"wp:term":[{"taxonomy":"category","embeddable":true,"href":"https:\/\/www.europesays.com\/fr\/wp-json\/wp\/v2\/categories?post=534276"},{"taxonomy":"post_tag","embeddable":true,"href":"https:\/\/www.europesays.com\/fr\/wp-json\/wp\/v2\/tags?post=534276"}],"curies":[{"name":"wp","href":"https:\/\/api.w.org\/{rel}","templated":true}]}}