{"id":534280,"date":"2025-11-14T18:53:15","date_gmt":"2025-11-14T18:53:15","guid":{"rendered":"https:\/\/www.europesays.com\/fr\/534280\/"},"modified":"2025-11-14T18:53:15","modified_gmt":"2025-11-14T18:53:15","slug":"cette-exposition-propose-de-percer-les-derniers-mysteres-de-cleopatre-la-plus-celebre-reine-degypte","status":"publish","type":"post","link":"https:\/\/www.europesays.com\/fr\/534280\/","title":{"rendered":"Cette exposition propose de percer les derniers myst\u00e8res de Cl\u00e9op\u00e2tre, la plus c\u00e9l\u00e8bre reine d&rsquo;Egypte"},"content":{"rendered":"<p>                    Par<br \/>\n        <strong><br \/>\n            <a href=\"https:\/\/actu.fr\/auteur\/fabienne-marie\" title=\"Consulter tous les articles de Fabienne Marie\" target=\"_blank\" rel=\"noopener\">Fabienne Marie<\/a><br \/>\n                    <\/strong><\/p>\n<p>        Publi\u00e9 le<\/p>\n<p>            14 nov. 2025 \u00e0 19h27        <\/p>\n<p><strong>Cl\u00e9op\u00e2tre,<\/strong> la derni\u00e8re souveraine <strong>d\u2019\u00c9gypte,<\/strong> est l\u2019une des reines les plus fascinantes de l\u2019Histoire. Depuis sa mort, il y a deux mille ans, la derni\u00e8re souveraine de la dynastie gr\u00e9co-\u00e9gyptienne des Ptol\u00e9m\u00e9es, est l\u2019une des figures historiques les plus populaires. Jusqu\u2019en janvier\u00a02026, <strong>l\u2019Institut du monde arabe<\/strong> \u00e0 <a href=\"https:\/\/actu.fr\/ile-de-france\/paris_75056\" target=\"_blank\" rel=\"noopener\">Paris<\/a> propose une <strong>exposition<\/strong> pour d\u00e9construire les clich\u00e9s sur la reine d\u2019\u00c9gypte.<\/p>\n<p>L\u2019Histoire, la l\u00e9gende, le mythe<\/p>\n<p class=\" wall-content\">Le parcours de l\u2019exposition est ainsi divis\u00e9 en quatre grands th\u00e8mes\u2009: l\u2019Histoire, la l\u00e9gende, le mythe et l\u2019ic\u00f4ne nationale, pour avoir une vision plus complexe du personnage. L\u2019\u00e9pisode de la vie de Cl\u00e9op\u00e2tre le plus repr\u00e9sent\u00e9 est la mort de Cl\u00e9op\u00e2tre ou plut\u00f4t son<strong> suicide en se faisant mordre par un serpent<\/strong>. Une mort qui a forg\u00e9 sa l\u00e9gende.<\/p>\n<p class=\" wall-content\">L\u2019exposition \u00e9voque \u00e9galement le <strong>th\u00e9\u00e2tre<\/strong> et le <strong>cin\u00e9ma<\/strong> qui ont forg\u00e9 le mythe de Cl\u00e9op\u00e2tre avec de tr\u00e8s nombreuses adaptations (plus de 200 pour le cin\u00e9ma) et des interpr\u00e8tes prestigieuses comme celle de <strong>Liz Taylor<\/strong>.<\/p>\n<p class=\" wall-content\">Peintures, sculptures, estampes, manuscrits, objets arch\u00e9ologiques, bijoux et monnaies, costumes, projections, photographies\u2026 sont autant de r\u00e9ponses, \u00e0 d\u00e9couvrir au fil d\u2019une riche s\u00e9lection d\u2019\u0153uvres issues du Louvre, de la Biblioth\u00e8que nationale, du ch\u00e2teau de Versailles\u2026<\/p>\n<p>    <a href=\"https:\/\/www.facebook.com\/plugins\/post.php?href=https%3A%2F%2Fwww.facebook.com%2Finstitutdumondearabe%2Fposts%2Fpfbid0mW4kPfqNqKy83DWhfECAV5dS4Zq3mdqMtnLTcJ4kNavc7e8xMwVz8RNndsz8wfbal&amp;show_text=true&amp;width=350\" title=\"Ouvrie le lien\" target=\"_blank\" rel=\"noopener\">Cliquez ici pour visualiser le contenu<\/a><\/p>\n<p>Des visites guid\u00e9es avec une conf\u00e9renci\u00e8re<\/p>\n<p class=\" wall-content\">\u00ab\u2009Accompagn\u00e9 d\u2019une <strong>conf\u00e9renci\u00e8re,<\/strong> le visiteur red\u00e9couvre la figure de Cl\u00e9op\u00e2tre. Autour de son personnage se sont forg\u00e9s une l\u00e9gende puis un mythe singulier associant passion et mort, volupt\u00e9 et cruaut\u00e9, richesse et guerre, politique et divinit\u00e9, qui \u00e9claire les regards contrast\u00e9s que l\u2019Occident porte sur la civilisation \u00e9gyptienne et, plus g\u00e9n\u00e9ralement, sur le statut dont y b\u00e9n\u00e9ficiait la femme d\u2019\u00c9tat\u2009\u00bb, propose <a href=\"https:\/\/www.imarabe.org\/fr\/qu-est-ce-que-ima\" target=\"_blank\" rel=\"noopener\">l\u2019Institut du monde arabe.<\/a><\/p>\n<p>Institut du monde arabe\u2009: 1, rue des Foss\u00e9s Saint-Bernard, place Mohammed \u00e0 Paris. T\u00e9l.\u2009: 01\u200940\u200951\u200938\u200938.<\/p>\n<p>Votre r\u00e9gion, votre actu !<\/p>\n<p>Recevez chaque jour les infos qui comptent pour vous.<\/p>\n<p>\t<a href=\"https:\/\/actu.fr\/newsletter\" class=\"ac-btn ac-btn--corner ac-btn--medium ac-btn--blue800\" target=\"_blank\" rel=\"noopener\">S&rsquo;incrire<\/a><br \/>\n<a href=\"https:\/\/billetterie.imarabe.org\/content\" target=\"_blank\" rel=\"noopener\">Du 11\u00a0juin 2025 au 11\u00a0janvier 2026<\/a>\u2009: du mardi au vendredi de 10h \u00e0 18h\u2009; week-ends et jours f\u00e9ri\u00e9s de 10h \u00e0 19h.<\/p>\n<p>Plein tarif\u2009: 15\u00a0\u20ac<br \/>Tarif r\u00e9duit\u2009: 13\u00a0\u20ac<br \/>12 \u00e0 -26\u00a0ans\u2009: 7\u00a0\u20ac<br \/>Tarif famille (2\u00a0adultes +\u00a02\u00a0enfants)\u2009: 34\u00a0\u20ac<br \/>Gratuit pour les -12\u00a0ans.<\/p>\n<p class=\" wall-content\">Personnalisez votre actualit\u00e9 en ajoutant vos villes et m\u00e9dias en favori avec <a href=\"https:\/\/moncompte.actu.fr\" title=\"D\u00e9couvez Mon Actu\" rel=\"nofollow noopener\" data-trk=\"{&quot;cta&quot;:{&quot;action&quot;:&quot;https:\\\/\\\/moncompte.actu.fr&quot;,&quot;category&quot;:&quot;mon compte&quot;,&quot;from&quot;:&quot;article footer&quot;,&quot;name&quot;:&quot;Mon actu&quot;,&quot;type&quot;:&quot;cta&quot;}}\" target=\"_blank\">Mon Actu<\/a>.<\/p>\n","protected":false},"excerpt":{"rendered":"Par Fabienne Marie Publi\u00e9 le 14 nov. 2025 \u00e0 19h27 Cl\u00e9op\u00e2tre, la derni\u00e8re souveraine d\u2019\u00c9gypte, est l\u2019une des&hellip;\n","protected":false},"author":2,"featured_media":534281,"comment_status":"","ping_status":"","sticky":false,"template":"","format":"standard","meta":{"footnotes":""},"categories":[1888],"tags":[1111,1928,11,1927,1777,674,1011,27,58904,12,1926,626,1925,64164,25],"class_list":{"0":"post-534280","1":"post","2":"type-post","3":"status-publish","4":"format-standard","5":"has-post-thumbnail","7":"category-paris","8":"tag-actu","9":"tag-actu-paris","10":"tag-actualites","11":"tag-actualites-paris","12":"tag-eu","13":"tag-europe","14":"tag-fr","15":"tag-france","16":"tag-histoire-patrimoine","17":"tag-news","18":"tag-news-paris","19":"tag-paris","20":"tag-paris-news","21":"tag-personnages-historiques","22":"tag-republique-francaise"},"share_on_mastodon":{"url":"https:\/\/pubeurope.com\/@fr\/115549569390188890","error":""},"_links":{"self":[{"href":"https:\/\/www.europesays.com\/fr\/wp-json\/wp\/v2\/posts\/534280","targetHints":{"allow":["GET"]}}],"collection":[{"href":"https:\/\/www.europesays.com\/fr\/wp-json\/wp\/v2\/posts"}],"about":[{"href":"https:\/\/www.europesays.com\/fr\/wp-json\/wp\/v2\/types\/post"}],"author":[{"embeddable":true,"href":"https:\/\/www.europesays.com\/fr\/wp-json\/wp\/v2\/users\/2"}],"replies":[{"embeddable":true,"href":"https:\/\/www.europesays.com\/fr\/wp-json\/wp\/v2\/comments?post=534280"}],"version-history":[{"count":0,"href":"https:\/\/www.europesays.com\/fr\/wp-json\/wp\/v2\/posts\/534280\/revisions"}],"wp:featuredmedia":[{"embeddable":true,"href":"https:\/\/www.europesays.com\/fr\/wp-json\/wp\/v2\/media\/534281"}],"wp:attachment":[{"href":"https:\/\/www.europesays.com\/fr\/wp-json\/wp\/v2\/media?parent=534280"}],"wp:term":[{"taxonomy":"category","embeddable":true,"href":"https:\/\/www.europesays.com\/fr\/wp-json\/wp\/v2\/categories?post=534280"},{"taxonomy":"post_tag","embeddable":true,"href":"https:\/\/www.europesays.com\/fr\/wp-json\/wp\/v2\/tags?post=534280"}],"curies":[{"name":"wp","href":"https:\/\/api.w.org\/{rel}","templated":true}]}}