{"id":534288,"date":"2025-11-14T18:57:12","date_gmt":"2025-11-14T18:57:12","guid":{"rendered":"https:\/\/www.europesays.com\/fr\/534288\/"},"modified":"2025-11-14T18:57:12","modified_gmt":"2025-11-14T18:57:12","slug":"la-croissance-economique-ralentit-au-troisieme-trimestre-affectee-par-les-depenses-militaires","status":"publish","type":"post","link":"https:\/\/www.europesays.com\/fr\/534288\/","title":{"rendered":"la croissance \u00e9conomique ralentit au troisi\u00e8me trimestre, affect\u00e9e par les d\u00e9penses militaires"},"content":{"rendered":"<p>Les immenses d\u00e9penses militaires de Moscou avaient dans un premier temps tir\u00e9 l\u2019\u00e9conomie au cours des deux premi\u00e8res ann\u00e9es de l\u2019assaut contre l\u2019Ukraine lanc\u00e9 en 2022, mais elles ont aussi stimul\u00e9<a href=\"https:\/\/www.sudouest.fr\/international\/russie\/russie-apres-deux-annees-de-surchauffe-le-ministre-de-l-economie-dit-que-le-pays-est-au-bord-de-la-recession-24917297.php\" rel=\"nofollow noopener\" target=\"_blank\"> l\u2019inflation, qui p\u00e9nalise d\u00e9sormais la croissance<\/a> en rendant le co\u00fbt de l\u2019emprunt prohibitif.<\/p>\n<p>Selon <a href=\"https:\/\/eng.rosstat.gov.ru\/\" target=\"_blank\" rel=\"nofollow noopener\">Rosstat<\/a>, le PIB de la Russie a augment\u00e9 de 0,6\u00a0% au troisi\u00e8me trimestre 2025 sur un an. Ce chiffre est nettement inf\u00e9rieur \u00e0 celui du trimestre pr\u00e9c\u00e9dent o\u00f9 le PIB avait progress\u00e9 de 1,1\u00a0% sur un an. Il est toutefois <a href=\"https:\/\/www.sudouest.fr\/international\/russie\/guerre-en-ukraine-la-russie-revoit-ses-previsions-d-inflation-a-la-hausse-trois-ans-apres-le-debut-du-conflit-23259381.php\" rel=\"nofollow noopener\" target=\"_blank\">conforme aux pr\u00e9visions de la Banque centrale<\/a>, revues \u00e0 la baisse et qui tablent sur une croissance de 0,5-1\u00a0% en 2025.<\/p>\n<p>Le p\u00e9trole cibl\u00e9<\/p>\n<p>Le r\u00e9gulateur s\u2019attend \u00e9galement \u00e0 ce que le taux d\u2019inflation, qui demeure \u00e0 environ 8\u00a0%, maintienne les taux d\u2019int\u00e9r\u00eat \u00e0 des niveaux \u00e9lev\u00e9s pendant plus longtemps. Les entreprises russes se plaignent du co\u00fbt \u00e9lev\u00e9 de l\u2019emprunt qui freine les investissements et sape l\u2019\u00e9conomie.<\/p>\n","protected":false},"excerpt":{"rendered":"Les immenses d\u00e9penses militaires de Moscou avaient dans un premier temps tir\u00e9 l\u2019\u00e9conomie au cours des deux premi\u00e8res&hellip;\n","protected":false},"author":2,"featured_media":534289,"comment_status":"","ping_status":"","sticky":false,"template":"","format":"standard","meta":{"footnotes":""},"categories":[1591],"tags":[11,1887,12,1885,1886,132],"class_list":{"0":"post-534288","1":"post","2":"type-post","3":"status-publish","4":"format-standard","5":"has-post-thumbnail","7":"category-russie","8":"tag-actualites","9":"tag-federation-de-russie","10":"tag-news","11":"tag-russia","12":"tag-russian-federation","13":"tag-russie"},"share_on_mastodon":{"url":"https:\/\/pubeurope.com\/@fr\/115549585069384136","error":""},"_links":{"self":[{"href":"https:\/\/www.europesays.com\/fr\/wp-json\/wp\/v2\/posts\/534288","targetHints":{"allow":["GET"]}}],"collection":[{"href":"https:\/\/www.europesays.com\/fr\/wp-json\/wp\/v2\/posts"}],"about":[{"href":"https:\/\/www.europesays.com\/fr\/wp-json\/wp\/v2\/types\/post"}],"author":[{"embeddable":true,"href":"https:\/\/www.europesays.com\/fr\/wp-json\/wp\/v2\/users\/2"}],"replies":[{"embeddable":true,"href":"https:\/\/www.europesays.com\/fr\/wp-json\/wp\/v2\/comments?post=534288"}],"version-history":[{"count":0,"href":"https:\/\/www.europesays.com\/fr\/wp-json\/wp\/v2\/posts\/534288\/revisions"}],"wp:featuredmedia":[{"embeddable":true,"href":"https:\/\/www.europesays.com\/fr\/wp-json\/wp\/v2\/media\/534289"}],"wp:attachment":[{"href":"https:\/\/www.europesays.com\/fr\/wp-json\/wp\/v2\/media?parent=534288"}],"wp:term":[{"taxonomy":"category","embeddable":true,"href":"https:\/\/www.europesays.com\/fr\/wp-json\/wp\/v2\/categories?post=534288"},{"taxonomy":"post_tag","embeddable":true,"href":"https:\/\/www.europesays.com\/fr\/wp-json\/wp\/v2\/tags?post=534288"}],"curies":[{"name":"wp","href":"https:\/\/api.w.org\/{rel}","templated":true}]}}