{"id":53429,"date":"2025-04-26T03:54:09","date_gmt":"2025-04-26T03:54:09","guid":{"rendered":"https:\/\/www.europesays.com\/fr\/53429\/"},"modified":"2025-04-26T03:54:09","modified_gmt":"2025-04-26T03:54:09","slug":"lille-en-tete-du-palmares-2025-rennes-en-retrait-malgre-des-atouts","status":"publish","type":"post","link":"https:\/\/www.europesays.com\/fr\/53429\/","title":{"rendered":"Lille en t\u00eate du palmar\u00e8s 2025, Rennes en retrait malgr\u00e9 des atouts"},"content":{"rendered":"<p><strong>Pour la troisi\u00e8me ann\u00e9e cons\u00e9cutive, Lille arrive en t\u00eate du classement 2025 des villes de plus de 100 000 habitants o\u00f9 il fait bon vivre avec son chien, \u00e9tabli par la Fondation <a href=\"https:\/\/www.breizh-info.com\/2024\/04\/20\/232163\/decouvrez-le-palmares-complet-2024-des-villes-ou-il-fait-bon-vivre-avec-son-chien\/\" target=\"_blank\" rel=\"noopener\">30 Millions d\u2019Amis<\/a>. Rennes, seule grande ville bretonne cit\u00e9e, se contente d\u2019une 17e place.<\/strong><\/p>\n<p>Dix ans que la Fondation <a href=\"https:\/\/evenements.peuple-animal.com\/le-palmares-des-villes\/content\/presse\" target=\"_blank\" rel=\"noopener\">30 Millions d\u2019Amis publie son palmar\u00e8s des villes \u00ab dog-friendly \u00bb<\/a>. Pour l\u2019\u00e9dition 2025, les crit\u00e8res ont \u00e9t\u00e9 renforc\u00e9s : accessibilit\u00e9 des espaces publics, propret\u00e9, sensibilisation, engagement municipal, solidarit\u00e9, prise en charge des chats errants. R\u00e9sultat : Lille s\u2019impose une nouvelle fois comme la ville la plus accueillante pour nos compagnons \u00e0 quatre pattes. Elle est suivie par Nice et, grande nouveaut\u00e9, Boulogne-Billancourt, qui monte sur la troisi\u00e8me marche du podium.<\/p>\n<p>Rennes : bien class\u00e9e sur les espaces verts, mais encore perfectible<\/p>\n<p>Class\u00e9e 17e, Rennes se distingue toutefois par une bonne surface d\u2019espaces verts accessibles aux chiens : 3,23 m\u00b2 par animal, un chiffre nettement au-dessus de la moyenne nationale (inf\u00e9rieure \u00e0 1 m\u00b2). Mais la capitale bretonne p\u00eache sur d\u2019autres crit\u00e8res comme la sensibilisation, la solidarit\u00e9 ou encore la prise en compte des chats libres.<\/p>\n<p>La ville pourrait tirer exemple de Toulouse, championne 2025 des caniparcs avec pr\u00e8s de 6,8 m\u00b2 par chien, ou de Boulogne-Billancourt, qui a massivement investi dans la sensibilisation, la propret\u00e9 urbaine et le partenariat avec les associations. La commune des Hauts-de-Seine propose notamment une carte \u00ab J\u2019ai un animal seul \u00e0 la maison \u00bb, organise des cours gratuits d\u2019\u00e9ducation canine, et distribue chaque ann\u00e9e un million de sacs \u00e0 d\u00e9jections \u00e0 travers 185 bornes.<\/p>\n<p>Les grandes m\u00e9tropoles \u00e0 la peine<\/p>\n<p>Si Paris progresse l\u00e9g\u00e8rement pour atteindre la 12e place, Marseille s\u2019effondre \u00e0 la 38e et Lyon chute de 15 rangs pour arriver 30e. Une preuve que la taille d\u2019une ville n\u2019est pas synonyme de bien-\u00eatre animal. \u00c0 l\u2019inverse, des villes plus modestes comme Amiens (8e) ou Rouen (13e) s\u2019illustrent gr\u00e2ce \u00e0 des politiques volontaristes. Cette derni\u00e8re, par exemple, a inaugur\u00e9 un \u00ab lapiparc \u00bb, espace d\u00e9di\u00e9 aux lapins domestiques, et pr\u00e9voit d\u2019\u00e9quiper quatre caniparcs avec des parcours d\u2019agility d\u2019ici 2026.<\/p>\n<p>Outre Rennes, seule Brest figure au classement (26e), mais son score reste moyen. Nantes, quant \u00e0 elle, stagne en bas de tableau \u00e0 la 36e place, sans r\u00e9elle am\u00e9lioration. Le faible nombre d\u2019initiatives concr\u00e8tes, une accessibilit\u00e9 r\u00e9duite aux transports ou aux parcs, et une implication associative limit\u00e9e expliquent ce retard. Une d\u00e9ception pour une r\u00e9gion souvent per\u00e7ue comme attach\u00e9e aux animaux.<\/p>\n<p>Ce palmar\u00e8s se veut incitatif. Il montre que des politiques coh\u00e9rentes et continues en faveur du bien-\u00eatre animal sont possibles, m\u00eame dans les villes denses.<\/p>\n<p>Cr\u00e9dit photo : DR (photo d\u2019illustration)<br \/>[cc] Breizh-info.com, 2025, d\u00e9p\u00eaches libres de copie et de diffusion sous r\u00e9serve de mention et de lien vers la source d\u2019origine<\/p>\n","protected":false},"excerpt":{"rendered":"Pour la troisi\u00e8me ann\u00e9e cons\u00e9cutive, Lille arrive en t\u00eate du classement 2025 des villes de plus de 100&hellip;\n","protected":false},"author":2,"featured_media":53430,"comment_status":"","ping_status":"","sticky":false,"template":"","format":"standard","meta":{"footnotes":""},"categories":[2821],"tags":[1111,11,829,13370,1777,674,1011,27,1307,12,584,25],"class_list":{"0":"post-53429","1":"post","2":"type-post","3":"status-publish","4":"format-standard","5":"has-post-thumbnail","7":"category-rennes","8":"tag-actu","9":"tag-actualites","10":"tag-bretagne","11":"tag-chiens","12":"tag-eu","13":"tag-europe","14":"tag-fr","15":"tag-france","16":"tag-lille","17":"tag-news","18":"tag-rennes","19":"tag-republique-francaise"},"share_on_mastodon":{"url":"https:\/\/pubeurope.com\/@fr\/114402247670738528","error":""},"_links":{"self":[{"href":"https:\/\/www.europesays.com\/fr\/wp-json\/wp\/v2\/posts\/53429","targetHints":{"allow":["GET"]}}],"collection":[{"href":"https:\/\/www.europesays.com\/fr\/wp-json\/wp\/v2\/posts"}],"about":[{"href":"https:\/\/www.europesays.com\/fr\/wp-json\/wp\/v2\/types\/post"}],"author":[{"embeddable":true,"href":"https:\/\/www.europesays.com\/fr\/wp-json\/wp\/v2\/users\/2"}],"replies":[{"embeddable":true,"href":"https:\/\/www.europesays.com\/fr\/wp-json\/wp\/v2\/comments?post=53429"}],"version-history":[{"count":0,"href":"https:\/\/www.europesays.com\/fr\/wp-json\/wp\/v2\/posts\/53429\/revisions"}],"wp:featuredmedia":[{"embeddable":true,"href":"https:\/\/www.europesays.com\/fr\/wp-json\/wp\/v2\/media\/53430"}],"wp:attachment":[{"href":"https:\/\/www.europesays.com\/fr\/wp-json\/wp\/v2\/media?parent=53429"}],"wp:term":[{"taxonomy":"category","embeddable":true,"href":"https:\/\/www.europesays.com\/fr\/wp-json\/wp\/v2\/categories?post=53429"},{"taxonomy":"post_tag","embeddable":true,"href":"https:\/\/www.europesays.com\/fr\/wp-json\/wp\/v2\/tags?post=53429"}],"curies":[{"name":"wp","href":"https:\/\/api.w.org\/{rel}","templated":true}]}}