{"id":534292,"date":"2025-11-14T18:59:16","date_gmt":"2025-11-14T18:59:16","guid":{"rendered":"https:\/\/www.europesays.com\/fr\/534292\/"},"modified":"2025-11-14T18:59:16","modified_gmt":"2025-11-14T18:59:16","slug":"coupe-du-monde-u17-le-maroc-renverse-les-usa-et-file-en-huitiemes","status":"publish","type":"post","link":"https:\/\/www.europesays.com\/fr\/534292\/","title":{"rendered":"Coupe du monde U17 : le Maroc renverse les USA et file en huiti\u00e8mes"},"content":{"rendered":"<p>\t\t<img width=\"1200\" height=\"600\" src=\"https:\/\/www.europesays.com\/fr\/wp-content\/uploads\/2025\/11\/U17.jpg\" class=\"attachment-full size-full wp-post-image\" alt=\"\" data-main-img=\"1\" decoding=\"async\" fetchpriority=\"high\"   data-attachment-id=\"643566\" data-permalink=\"https:\/\/www.lesiteinfo.com\/sport\/643565-video-can-u17-revivez-la-victoire-du-maroc-contre-la-tanzanie-3-0.html\/attachment\/u17-13\" data-orig-file=\"https:\/\/www.europesays.com\/fr\/wp-content\/uploads\/2025\/11\/U17.jpg\" data-orig-size=\"1200,600\" data-comments-opened=\"0\" data-image-meta=\"{&quot;aperture&quot;:&quot;0&quot;,&quot;credit&quot;:&quot;&quot;,&quot;camera&quot;:&quot;&quot;,&quot;caption&quot;:&quot;&quot;,&quot;created_timestamp&quot;:&quot;0&quot;,&quot;copyright&quot;:&quot;&quot;,&quot;focal_length&quot;:&quot;0&quot;,&quot;iso&quot;:&quot;0&quot;,&quot;shutter_speed&quot;:&quot;0&quot;,&quot;title&quot;:&quot;&quot;,&quot;orientation&quot;:&quot;1&quot;}\" data-image-title=\"U17\" data-image-description=\"\" data-image-caption=\"\" data-medium-file=\"https:\/\/www.lesiteinfo.com\/wp-content\/uploads\/2025\/04\/U17-200x100.jpg\" data-large-file=\"https:\/\/www.lesiteinfo.com\/wp-content\/uploads\/2025\/04\/U17-660x330.jpg\"\/><\/p>\n<p>\t\t\t Par LeSiteinfo avec MAP <\/p>\n<p>L\u2019\u00e9quipe nationale du Maroc des moins de 17 ans s\u2019est qualifi\u00e9e pour les huiti\u00e8mes de finale de la Coupe du Monde de football, apr\u00e8s sa victoire face \u00e0 l\u2019\u00e9quipe des Etats-Unis par 4 tirs au but \u00e0 3 (temps r\u00e9glementaire: 1-1), aux 16es de finale, vendredi \u00e0 l\u2019Aspire Zone \u00e0 Doha.<\/p>\n<p>Men\u00e9s au temps r\u00e9glementaire sur le but de Jude Terry \u00e0 la 21e minute de jeu, les Lionceaux de l\u2019Atlas sont parvenus \u00e0 \u00e9galiser gr\u00e2ce \u00e0 Abdellah Ouazane \u00e0 la 90e minute.<\/p>\n<p>Durant la s\u00e9ance de tirs au but, le gardien de l\u2019\u00e9quipe nationale Chouaib Bellaarouch, s\u2019est illustr\u00e9 en stoppant les deuxi\u00e8me et cinqui\u00e8me tentatives am\u00e9ricaines.<\/p>\n","protected":false},"excerpt":{"rendered":"Par LeSiteinfo avec MAP L\u2019\u00e9quipe nationale du Maroc des moins de 17 ans s\u2019est qualifi\u00e9e pour les huiti\u00e8mes&hellip;\n","protected":false},"author":2,"featured_media":534293,"comment_status":"","ping_status":"","sticky":false,"template":"","format":"standard","meta":{"footnotes":""},"categories":[1589],"tags":[11,73,1866,12,1864,1865,1863,308],"class_list":{"0":"post-534292","1":"post","2":"type-post","3":"status-publish","4":"format-standard","5":"has-post-thumbnail","7":"category-etats-unis","8":"tag-actualites","9":"tag-etats-unis","10":"tag-etats-unis-damerique","11":"tag-news","12":"tag-united-states","13":"tag-united-states-of-america","14":"tag-us","15":"tag-usa"},"share_on_mastodon":{"url":"https:\/\/pubeurope.com\/@fr\/115549593601495610","error":""},"_links":{"self":[{"href":"https:\/\/www.europesays.com\/fr\/wp-json\/wp\/v2\/posts\/534292","targetHints":{"allow":["GET"]}}],"collection":[{"href":"https:\/\/www.europesays.com\/fr\/wp-json\/wp\/v2\/posts"}],"about":[{"href":"https:\/\/www.europesays.com\/fr\/wp-json\/wp\/v2\/types\/post"}],"author":[{"embeddable":true,"href":"https:\/\/www.europesays.com\/fr\/wp-json\/wp\/v2\/users\/2"}],"replies":[{"embeddable":true,"href":"https:\/\/www.europesays.com\/fr\/wp-json\/wp\/v2\/comments?post=534292"}],"version-history":[{"count":0,"href":"https:\/\/www.europesays.com\/fr\/wp-json\/wp\/v2\/posts\/534292\/revisions"}],"wp:featuredmedia":[{"embeddable":true,"href":"https:\/\/www.europesays.com\/fr\/wp-json\/wp\/v2\/media\/534293"}],"wp:attachment":[{"href":"https:\/\/www.europesays.com\/fr\/wp-json\/wp\/v2\/media?parent=534292"}],"wp:term":[{"taxonomy":"category","embeddable":true,"href":"https:\/\/www.europesays.com\/fr\/wp-json\/wp\/v2\/categories?post=534292"},{"taxonomy":"post_tag","embeddable":true,"href":"https:\/\/www.europesays.com\/fr\/wp-json\/wp\/v2\/tags?post=534292"}],"curies":[{"name":"wp","href":"https:\/\/api.w.org\/{rel}","templated":true}]}}