{"id":534298,"date":"2025-11-14T19:03:14","date_gmt":"2025-11-14T19:03:14","guid":{"rendered":"https:\/\/www.europesays.com\/fr\/534298\/"},"modified":"2025-11-14T19:03:14","modified_gmt":"2025-11-14T19:03:14","slug":"en-gironde-candice-change-de-vie-pour-un-metier-passion","status":"publish","type":"post","link":"https:\/\/www.europesays.com\/fr\/534298\/","title":{"rendered":"en Gironde, Candice change de vie pour un m\u00e9tier passion"},"content":{"rendered":"<p>                    Par<br \/>\n        <strong><br \/>\n            <a href=\"https:\/\/actu.fr\/auteur\/gael-arcuset\" title=\"Consulter tous les articles de Ga\u00ebl Arcuset\" target=\"_blank\" rel=\"noopener\">Ga\u00ebl Arcuset<\/a><br \/>\n                    <\/strong><\/p>\n<p>        Publi\u00e9 le<\/p>\n<p>            14 nov. 2025 \u00e0 20h02        <\/p>\n<p>\u00a0\u00bb J\u2019avais encore vingt ans \u00e0 faire\u2026 Je ne me voyais pas continuer \u00e0 travailler dans un bureau.\u00a0\u00bb \u00c0 46 ans, Candice Vedrenne a fait ce que beaucoup r\u00eavent sans jamais oser : tourner la page d\u2019une carri\u00e8re toute trac\u00e9e<b> pour se r\u00e9inventer<\/b>. Apr\u00e8s des ann\u00e9es pass\u00e9es dans le monde de la banque, entour\u00e9e de chiffres, de proc\u00e9dures et de r\u00e9unions interminables, elle a senti que sa place n\u2019\u00e9tait plus derri\u00e8re un \u00e9cran. Ce qui la faisait vibrer depuis toujours se trouvait ailleurs\u2026 Alors un jour, elle a pris une d\u00e9cision radicale : quitter son poste, refermer la porte de son bureau et <b>consacrer son \u00e9nergie \u00e0 la cuisine<\/b>. Bye bye les bureaux, bonjour les fourneaux ! Un changement de vie radical. Aujourd\u2019hui<b> \u00e0 la t\u00eate de son entreprise<\/b>, la Cuisine de Candice, l\u2019habitante d\u2019<a href=\"https:\/\/actu.fr\/nouvelle-aquitaine\/uzeste_33537\" target=\"_blank\" rel=\"noopener\">Uzeste<\/a> (<a href=\"https:\/\/actu.fr\/nouvelle-aquitaine\/gironde_33\" target=\"_blank\" rel=\"noopener\">Gironde<\/a>) se d\u00e9place de foyer en foyer pour concocter des \u00ab\u00a0bons petits plats\u00a0\u00bb sur mesure.<\/p>\n<p>Une reconversion professionnelle r\u00e9ussie<\/p>\n<p class=\" wall-content\">Pour en arriver l\u00e0, Candice Vedrenne a d\u00fb <b>repasser par la case formation<\/b> pour d\u00e9crocher un CAP cuisine au lyc\u00e9e h\u00f4telier de <a href=\"https:\/\/actu.fr\/nouvelle-aquitaine\/talence_33522\" target=\"_blank\" rel=\"noopener\">Talence<\/a>. Ce qui a donn\u00e9 lieu \u00e0 une situation pour le moins cocasse. \u00ab\u00a0Ma fille passait un CAP service \u00e0 la personne. J\u2019ai eu mon dipl\u00f4me en m\u00eame temps qu\u2019elle\u00a0\u00bb, sourit Candice Vedrenne.<\/p>\n<p class=\" wall-content\">Pour elle, pr\u00e9parer un repas d\u00e9passe largement le plaisir de cr\u00e9er une assiette. C\u2019est une mani\u00e8re d\u2019all\u00e9ger le quotidien de ceux qui la sollicitent. \u00ab\u00a0J\u2019ai toujours<b> beaucoup aim\u00e9 cuisiner pour les autres\u00a0\u00bb<\/b>, avoue Candice Vedrenne.<\/p>\n<blockquote class=\"ac-article-quote wall-content\">\n<p>Cuisiner pour les autres, c\u2019est une fa\u00e7on de rendre service aux gens en les lib\u00e9rant de cette t\u00e2che qui est souvent une contrainte.<\/p>\n<p>Candice Vedrenne<\/p><\/blockquote>\n<p>Cuisini\u00e8re \u00e0 domicile, mode d\u2019emploi<\/p>\n<p class=\" wall-content\">D\u00e9sormais, donc, elle se d\u00e9place chez les gens <b>pour leur proposer ses plats<\/b>. \u00ab\u00a0J\u2019adore la cuisine v\u00e9g\u00e9tarienne, mais aussi travailler avec les \u00e9pices, d\u00e9taille-t-elle. Je fais la part belle aux l\u00e9gumes. Mais avant tout, je m\u2019adapte aux d\u00e9sirs des clients.\u00a0\u00bb<\/p>\n<p class=\" wall-content\">Comment cela fonctionne concr\u00e8tement ? \u00ab\u00a0Je viens avec des suggestions, pr\u00e9cise la cuisini\u00e8re. En fonction de ce qu\u2019ils veulent manger, je leur fais une liste de courses. Ils vont tout acheter et, ensuite, je viens cuisiner chez eux. J\u2019arrive avec ma caisse, o\u00f9 se trouvent mes \u00e9pices, ma marmite, mes couteaux\u2026 En trois ou quatre heures, je leur pr\u00e9pare cinq plats pour toute la semaine. La cuisine est rang\u00e9e, les plats sont mis au frais.\u00a0\u00bb\u00a0<\/p>\n<p>Votre r\u00e9gion, votre actu !<\/p>\n<p>Recevez chaque jour les infos qui comptent pour vous.<\/p>\n<p>\t<a href=\"https:\/\/actu.fr\/newsletter\" class=\"ac-btn ac-btn--corner ac-btn--medium ac-btn--blue800\" target=\"_blank\" rel=\"noopener\">S&rsquo;incrire<\/a><\/p>\n<p class=\" wall-content\">Quid des quantit\u00e9s ? Consciente qu\u2019<b>en Sud-Gironde, on a plut\u00f4t un bon coup de fourchette<\/b>, Candice Vedrenne se montre g\u00e9n\u00e9reuse dans les portions. \u00ab\u00a0L\u2019id\u00e9e, c\u2019est que mes clients puissent avoir du rabe.\u00a0\u00bb Pour une famille avec un enfant, la prestation revient \u00e0 124 euros pour cinq plats ; 62 \u20ac une fois le cr\u00e9dit d\u2019imp\u00f4t d\u00e9duit.<\/p>\n<p>Des projets \u00e0 d\u00e9velopper<\/p>\n<p class=\" wall-content\">Prochainement, Candice Vedrenne pr\u00e9voit d\u2019animer des ateliers pour les particuliers. Elle doit \u00e9galement proposer des plats \u00e0 emporter. Autant de projets qui renforcent sa conviction profonde : elle a bien fait de changer de boulot. \u00ab\u00a0Il y a quelque temps, je suis all\u00e9e rendre visite \u00e0 mes anciens coll\u00e8gues, raconte-t-elle avec le sourire. Et cela a confort\u00e9 mon choix. Vraiment, je ne regrette rien.\u00a0\u00bb<\/p>\n<p>Renseignements au 06 33 56 10 77 ou <a href=\"https:\/\/actu.fr\/cdn-cgi\/l\/email-protection\" class=\"__cf_email__\" data-cfemail=\"88e4e9ebfde1fbe1e6edecedebe9e6ece1ebedbbbbc8efe5e9e1e4a6ebe7e5\" target=\"_blank\" rel=\"noopener\">[email\u00a0protected]<\/a><\/p>\n<p class=\" wall-content\">Personnalisez votre actualit\u00e9 en ajoutant vos villes et m\u00e9dias en favori avec <a href=\"https:\/\/moncompte.actu.fr\" title=\"D\u00e9couvez Mon Actu\" rel=\"nofollow noopener\" data-trk=\"{&quot;cta&quot;:{&quot;action&quot;:&quot;https:\\\/\\\/moncompte.actu.fr&quot;,&quot;category&quot;:&quot;mon compte&quot;,&quot;from&quot;:&quot;article footer&quot;,&quot;name&quot;:&quot;Mon actu&quot;,&quot;type&quot;:&quot;cta&quot;}}\" target=\"_blank\">Mon Actu<\/a>.<\/p>\n","protected":false},"excerpt":{"rendered":"Par Ga\u00ebl Arcuset Publi\u00e9 le 14 nov. 2025 \u00e0 20h02 \u00a0\u00bb J\u2019avais encore vingt ans \u00e0 faire\u2026 Je&hellip;\n","protected":false},"author":2,"featured_media":534299,"comment_status":"","ping_status":"","sticky":false,"template":"","format":"standard","meta":{"footnotes":""},"categories":[1586],"tags":[11,344,902,33,2855,1777,674,1779,1011,27,12,25,1778,364],"class_list":{"0":"post-534298","1":"post","2":"type-post","3":"status-publish","4":"format-standard","5":"has-post-thumbnail","7":"category-europe","8":"tag-actualites","9":"tag-creation-dentreprise","10":"tag-cuisine","11":"tag-economie","12":"tag-entrepreneuriat","13":"tag-eu","14":"tag-europe","15":"tag-european-union","16":"tag-fr","17":"tag-france","18":"tag-news","19":"tag-republique-francaise","20":"tag-ue","21":"tag-union-europeenne"},"share_on_mastodon":{"url":"https:\/\/pubeurope.com\/@fr\/115549608649919440","error":""},"_links":{"self":[{"href":"https:\/\/www.europesays.com\/fr\/wp-json\/wp\/v2\/posts\/534298","targetHints":{"allow":["GET"]}}],"collection":[{"href":"https:\/\/www.europesays.com\/fr\/wp-json\/wp\/v2\/posts"}],"about":[{"href":"https:\/\/www.europesays.com\/fr\/wp-json\/wp\/v2\/types\/post"}],"author":[{"embeddable":true,"href":"https:\/\/www.europesays.com\/fr\/wp-json\/wp\/v2\/users\/2"}],"replies":[{"embeddable":true,"href":"https:\/\/www.europesays.com\/fr\/wp-json\/wp\/v2\/comments?post=534298"}],"version-history":[{"count":0,"href":"https:\/\/www.europesays.com\/fr\/wp-json\/wp\/v2\/posts\/534298\/revisions"}],"wp:featuredmedia":[{"embeddable":true,"href":"https:\/\/www.europesays.com\/fr\/wp-json\/wp\/v2\/media\/534299"}],"wp:attachment":[{"href":"https:\/\/www.europesays.com\/fr\/wp-json\/wp\/v2\/media?parent=534298"}],"wp:term":[{"taxonomy":"category","embeddable":true,"href":"https:\/\/www.europesays.com\/fr\/wp-json\/wp\/v2\/categories?post=534298"},{"taxonomy":"post_tag","embeddable":true,"href":"https:\/\/www.europesays.com\/fr\/wp-json\/wp\/v2\/tags?post=534298"}],"curies":[{"name":"wp","href":"https:\/\/api.w.org\/{rel}","templated":true}]}}