{"id":534308,"date":"2025-11-14T19:09:13","date_gmt":"2025-11-14T19:09:13","guid":{"rendered":"https:\/\/www.europesays.com\/fr\/534308\/"},"modified":"2025-11-14T19:09:13","modified_gmt":"2025-11-14T19:09:13","slug":"direct-pro-d2-carcassonne-valence-romans-suivez-le-match-de-la-11eme-journee","status":"publish","type":"post","link":"https:\/\/www.europesays.com\/fr\/534308\/","title":{"rendered":"Direct. Pro D2 \u2013 Carcassonne \u2013 Valence-Romans\u00a0: suivez le match de la 11\u00e8me journ\u00e9e"},"content":{"rendered":"<p>\n                Bonjour et bienvenue sur Rugbyrama pour suivre la rencontre qui oppose Carcassonne et Valence-Romans pour le compte de la 11\u00e8me journ\u00e9e de Pro D2.\n            <\/p>\n<p>Carcassonne n\u2019est pas d\u00e9croch\u00e9 au classement et a toutes les raisons d\u2019y croire.<\/p>\n<p>De son c\u00f4t\u00e9 le VRDR fait un tr\u00e8s beau d\u00e9but de saison et reste dangereux m\u00eame\u00a0\u00e0 l\u2019ext\u00e9rieur.<\/p>\n<p>M.\u00a0Lac est l\u2019arbitre de cette rencontre.<\/p>\n","protected":false},"excerpt":{"rendered":"Bonjour et bienvenue sur Rugbyrama pour suivre la rencontre qui oppose Carcassonne et Valence-Romans pour le compte de&hellip;\n","protected":false},"author":2,"featured_media":534309,"comment_status":"","ping_status":"","sticky":false,"template":"","format":"standard","meta":{"footnotes":""},"categories":[1416],"tags":[1011,27,479,1468,60],"class_list":{"0":"post-534308","1":"post","2":"type-post","3":"status-publish","4":"format-standard","5":"has-post-thumbnail","7":"category-rugby","8":"tag-fr","9":"tag-france","10":"tag-rugby","11":"tag-rugby-football","12":"tag-sports"},"share_on_mastodon":{"url":"https:\/\/pubeurope.com\/@fr\/115549632248787616","error":""},"_links":{"self":[{"href":"https:\/\/www.europesays.com\/fr\/wp-json\/wp\/v2\/posts\/534308","targetHints":{"allow":["GET"]}}],"collection":[{"href":"https:\/\/www.europesays.com\/fr\/wp-json\/wp\/v2\/posts"}],"about":[{"href":"https:\/\/www.europesays.com\/fr\/wp-json\/wp\/v2\/types\/post"}],"author":[{"embeddable":true,"href":"https:\/\/www.europesays.com\/fr\/wp-json\/wp\/v2\/users\/2"}],"replies":[{"embeddable":true,"href":"https:\/\/www.europesays.com\/fr\/wp-json\/wp\/v2\/comments?post=534308"}],"version-history":[{"count":0,"href":"https:\/\/www.europesays.com\/fr\/wp-json\/wp\/v2\/posts\/534308\/revisions"}],"wp:featuredmedia":[{"embeddable":true,"href":"https:\/\/www.europesays.com\/fr\/wp-json\/wp\/v2\/media\/534309"}],"wp:attachment":[{"href":"https:\/\/www.europesays.com\/fr\/wp-json\/wp\/v2\/media?parent=534308"}],"wp:term":[{"taxonomy":"category","embeddable":true,"href":"https:\/\/www.europesays.com\/fr\/wp-json\/wp\/v2\/categories?post=534308"},{"taxonomy":"post_tag","embeddable":true,"href":"https:\/\/www.europesays.com\/fr\/wp-json\/wp\/v2\/tags?post=534308"}],"curies":[{"name":"wp","href":"https:\/\/api.w.org\/{rel}","templated":true}]}}