{"id":534322,"date":"2025-11-14T19:20:13","date_gmt":"2025-11-14T19:20:13","guid":{"rendered":"https:\/\/www.europesays.com\/fr\/534322\/"},"modified":"2025-11-14T19:20:13","modified_gmt":"2025-11-14T19:20:13","slug":"ariana-grande-agressee-sur-le-tapis-rouge-a-singapour-lactrice-cynthia-erivo-vient-a-sa-rescousse","status":"publish","type":"post","link":"https:\/\/www.europesays.com\/fr\/534322\/","title":{"rendered":"Ariana Grande agress\u00e9e sur le tapis rouge \u00e0 Singapour, l\u2019actrice Cynthia Erivo vient \u00e0 sa rescousse"},"content":{"rendered":"<p class=\"paragraph text_align_left lp-f-body-02\">Une sc\u00e8ne digne d\u2019un film d\u2019action. Mercredi 12 novembre, lors de l\u2019avant-premi\u00e8re de \u00ab <a href=\"https:\/\/www.leparisien.fr\/culture-loisirs\/cinema\/wicked-cette-comedie-musicale-avec-ariana-grande-nous-rend-vert-de-rage-04-12-2024-DP4CRSH6SFCFLC2E4MJAVC3TZM.php\" target=\"_self\" rel=\"noopener\">Wicked<\/a> : partie 2 \u00bb aux studios Universal de Singapour, Ariana Grande a \u00e9t\u00e9 surprise par un homme qui, apr\u00e8s avoir escalad\u00e9 une barri\u00e8re, s\u2019est jet\u00e9 sur elle. Cynthia Erivo, qui incarne Elphaba dans le film, s\u2019est tout de suite interpos\u00e9e. <\/p>\n<p class=\"paragraph text_align_left lp-f-body-02\">Sur les vid\u00e9os partag\u00e9es sur les r\u00e9seaux sociaux, on voit l\u2019homme se pr\u00e9cipiter sur la star de la com\u00e9die musicale et la saisir par les \u00e9paules. Cynthia Erivo a r\u00e9agi instantan\u00e9ment, en se pla\u00e7ant entre l\u2019intrus et la star de 32 ans, juste avant que les agents de s\u00e9curit\u00e9 n\u2019interviennent.<\/p>\n<p>Un habitu\u00e9 des intrusions lors de grands \u00e9v\u00e9nements<\/p>\n<p class=\"paragraph text_align_left lp-f-body-02\">Visiblement choqu\u00e9e, <a href=\"https:\/\/www.leparisien.fr\/societe\/elle-achete-deux-billets-pour-le-concert-dariana-grande-ticketmaster-les-annule-mais-lui-facture-80-000-dollars-17-09-2025-ZGVLUBB6VFDDLMDQSMWT7PTDZQ.php\" target=\"_self\" rel=\"noopener\">Ariana Grande <\/a>a \u00e9t\u00e9 r\u00e9confort\u00e9e par ses acolytes pr\u00e9sents \u00e0 ses c\u00f4t\u00e9s, dont Michel Yeoh, qui incarne Madame Morrible, et Jeff Goldblum, dans le r\u00f4le du Magicien d\u2019Oz.<\/p>\n<p class=\"paragraph text_align_left lp-f-body-02\">L\u2019individu \u00e0 l\u2019origine de la bousculade a rapidement \u00e9t\u00e9 identifi\u00e9 par les r\u00e9seaux sociaux. Connu sous le nom de \u00ab Pyjama Man \u00bb, Johnson Wen de son vrai nom, est habitu\u00e9 des intrusions lors des grands \u00e9v\u00e9nements.<\/p>\n<p class=\"paragraph text_align_left lp-f-body-02\">L\u2019Australien aux moins de 12 000 abonn\u00e9s sur Instagram avait d\u00e9j\u00e0 perturb\u00e9 un concert de <a href=\"https:\/\/www.leparisien.fr\/culture-loisirs\/musique\/elle-samuse-et-cest-jouissif-katy-perry-a-offert-un-concert-grandiose-a-laccor-arena-25-10-2025-UT72EUY4XVFFZF3ZJQQ5K5JKHY.php\" target=\"_self\" rel=\"noopener\">Katy Perry<\/a> et un autre de The Weeknd, comme le montrent des vid\u00e9os publi\u00e9es sur son compte le 9 juin et le 4 ao\u00fbt.<\/p>\n<p class=\"paragraph text_align_left lp-f-body-02\">\u00ab Ch\u00e8re Ariana Grande, merci de m\u2019avoir permis de fouler le tapis jaune avec toi \u00bb, a-t-il \u00e9crit en l\u00e9gende de la vid\u00e9o le montrant en pleine action \u00e0 Singapour.<\/p>\n","protected":false},"excerpt":{"rendered":"Une sc\u00e8ne digne d\u2019un film d\u2019action. Mercredi 12 novembre, lors de l\u2019avant-premi\u00e8re de \u00ab Wicked : partie 2&hellip;\n","protected":false},"author":2,"featured_media":534323,"comment_status":"","ping_status":"","sticky":false,"template":"","format":"standard","meta":{"footnotes":""},"categories":[1355],"tags":[872,58,59,1011,27,1361,873,1314,2955],"class_list":{"0":"post-534322","1":"post","2":"type-post","3":"status-publish","4":"format-standard","5":"has-post-thumbnail","7":"category-musique","8":"tag-culture-et-loisirs","9":"tag-divertissement","10":"tag-entertainment","11":"tag-fr","12":"tag-france","13":"tag-music","14":"tag-musique","15":"tag-series","16":"tag-videos"},"share_on_mastodon":{"url":"https:\/\/pubeurope.com\/@fr\/115549675447406442","error":""},"_links":{"self":[{"href":"https:\/\/www.europesays.com\/fr\/wp-json\/wp\/v2\/posts\/534322","targetHints":{"allow":["GET"]}}],"collection":[{"href":"https:\/\/www.europesays.com\/fr\/wp-json\/wp\/v2\/posts"}],"about":[{"href":"https:\/\/www.europesays.com\/fr\/wp-json\/wp\/v2\/types\/post"}],"author":[{"embeddable":true,"href":"https:\/\/www.europesays.com\/fr\/wp-json\/wp\/v2\/users\/2"}],"replies":[{"embeddable":true,"href":"https:\/\/www.europesays.com\/fr\/wp-json\/wp\/v2\/comments?post=534322"}],"version-history":[{"count":0,"href":"https:\/\/www.europesays.com\/fr\/wp-json\/wp\/v2\/posts\/534322\/revisions"}],"wp:featuredmedia":[{"embeddable":true,"href":"https:\/\/www.europesays.com\/fr\/wp-json\/wp\/v2\/media\/534323"}],"wp:attachment":[{"href":"https:\/\/www.europesays.com\/fr\/wp-json\/wp\/v2\/media?parent=534322"}],"wp:term":[{"taxonomy":"category","embeddable":true,"href":"https:\/\/www.europesays.com\/fr\/wp-json\/wp\/v2\/categories?post=534322"},{"taxonomy":"post_tag","embeddable":true,"href":"https:\/\/www.europesays.com\/fr\/wp-json\/wp\/v2\/tags?post=534322"}],"curies":[{"name":"wp","href":"https:\/\/api.w.org\/{rel}","templated":true}]}}