{"id":534324,"date":"2025-11-14T19:21:12","date_gmt":"2025-11-14T19:21:12","guid":{"rendered":"https:\/\/www.europesays.com\/fr\/534324\/"},"modified":"2025-11-14T19:21:12","modified_gmt":"2025-11-14T19:21:12","slug":"voici-3-films-a-voir-absolument-au-cine-ce-week-end-5","status":"publish","type":"post","link":"https:\/\/www.europesays.com\/fr\/534324\/","title":{"rendered":"Voici 3 films \u00e0 voir absolument au cin\u00e9 ce week-end"},"content":{"rendered":"<p>C\u2019est d\u00e9j\u00e0 le week-end. D\u00e9cid\u00e9ment, les semaines avec un jour f\u00e9ri\u00e9 sont les plus agr\u00e9ables. Si vous avez envie de profiter du week-end, une sortie au cin\u00e9ma est parfaite. C\u2019est l\u2019occasion parfaite de prendre du temps pour vous et de vous reposer.<\/p>\n<p>Comme \u00e0 notre habitude, nous avons pass\u00e9 au peigne fin le box-office afin de vous s\u00e9lectionner les nouveaut\u00e9s qui valent le d\u00e9tour. Pour cette nouvelle semaine, nous vous proposons une s\u00e9lection de 3 nouveaux longs m\u00e9trages \u00e0 d\u00e9couvrir dans les salles obscures.<\/p>\n<p>Insaisissables 3<\/p>\n<p>    <a href=\"https:\/\/www.youtube.com\/@PressecitronHD?sub_confirmation=1\" target=\"_blank\" rel=\"nofollow noopener\"><br \/>\n        S&rsquo;abonner \u00e0 Presse-citron<br \/>\n    <\/a><\/p>\n<p>Les Cavaliers sont de retour sur grand \u00e9cra. Apr\u00e8s presque une d\u00e9cennie sous silence, la saga Insaisissables veut rallumer l\u2019\u00e9tincelle dans nos coeurs. La magie promet d\u2019\u00eatre au rendez-vous\u00a0: les Cavaliers sont de retour pour le braquage le plus impressionnant jamais imagin\u00e9. Ils font appel \u00e0 un groupe de jeunes magiciens pour les aider \u00e0 repousser les limites de l\u2019illusion et d\u00e9rober le joyau le plus pr\u00e9cieux du monde des mains d\u2019une redoutable organisation criminelle.<\/p>\n<p>Tours spectaculaires, acteurs 5 \u00e9toiles, sc\u00e9nario bien ficel\u00e9, un rythme effr\u00e9n\u00e9\u2026 Tout est l\u00e0 pour s\u00e9duire les spectateurs dans les salles obscures. Envie d\u2019un tour de magie\u00a0?<\/p>\n<p>Les Aigles de la R\u00e9publique<\/p>\n<p>En \u00c9gypte, George Fahmy est l\u2019acteur le plus adul\u00e9 du pays. Tout bascule pour lui quand il se retrouve contraint par les autorit\u00e9s du pays d\u2019incarner le pr\u00e9sident Sissi dans un film \u00e0 la gloire du leader. L\u2019acteur est alors plong\u00e9 dans le cercle \u00e9troit du pouvoir. Comme un papillon de nuit attir\u00e9 par la lumi\u00e8re, George entame une liaison avec la myst\u00e9rieuse \u00e9pouse du g\u00e9n\u00e9ral qui supervise le film.<\/p>\n<p>Ce thriller a su convaincre la presse (3,7 sur 5) et les spectateurs d\u2019AlloCin\u00e9 (3,8 sur 5). Le nouveau long m\u00e9trage de Tarik Saleh, port\u00e9 par Fares Fares, s\u2019impose comme un film politique puissant et palpitant. Entre une mise en sc\u00e8ne ma\u00eetris\u00e9e, des performances remarquables et un sc\u00e9nario intelligent, Les Aigles de la R\u00e9publique captive.<\/p>\n<p>Le Gang des Amazones<\/p>\n<p>Le Gang des Amazones nous donne rendez-vous dans les ann\u00e9es 90 lorsque cinq amies d\u2019enfance d\u00e9cident de braquer plusieurs banques dans la r\u00e9gion d\u2019Avignon pour subvenir \u00e0 leurs besoins. D\u00e9guis\u00e9s en hommes pour ne pas \u00eatre reconnues, elles se font appeler Le Gang des Amazones et ont s\u00e9vi de janvier 1989 \u00e0 juillet 1990. Au total, elles r\u00e9coltent pr\u00e8s de 300\u00a0000 francs. Ce film raconte une histoire vraie, aussi \u00e9tonnant qu\u2019elle puisse para\u00eetre.<\/p>\n<p>Avec Le Gang des Amazones, la r\u00e9alisatrice Melissa Drigeard r\u00e9ussit avec brio \u00e0 nous plonger dans cette histoire captivante, sans oublier l\u2019humain ni glorifier les actes de ces femmes. L\u2019\u00e9quilibre est, ainsi, trouv\u00e9 tout du long. Le long m\u00e9trage est port\u00e9 par de brillantes actrices\u00a0: Iz\u00efa Higelin (Mauvaise fille), Lyna Khoudri (Papicha), Mallory Wenecque (L\u2019amour ouf), Laura Felpin (Bref 2) ainsi que Kenza Fortas (Sh\u00e9h\u00e9razade). Les spectateurs d\u2019AlloCin\u00e9 et la presse sont unanimes\u00a0: 3,5 sur 5. \u00c0 voir absolument.<\/p>\n<blockquote>\n<p class=\"text-base text-neutral-700 dark:text-neutral-300\">\ud83d\udccd Pour ne manquer aucune actualit\u00e9 de Presse-citron, suivez-nous sur <a href=\"https:\/\/news.google.com\/publications\/CAAqBggKMIPiNTC70wU?hl=fr&amp;gl=FR&amp;ceid=FR%3Afr\" target=\"_blank\" rel=\"noopener\">Google Actualit\u00e9s<\/a> et <a href=\"https:\/\/whatsapp.com\/channel\/0029VaCkGuz4NViitBXbEr0b\" target=\"_blank\" rel=\"noopener\">WhatsApp<\/a>.<\/p>\n<\/blockquote>\n","protected":false},"excerpt":{"rendered":"C\u2019est d\u00e9j\u00e0 le week-end. D\u00e9cid\u00e9ment, les semaines avec un jour f\u00e9ri\u00e9 sont les plus agr\u00e9ables. Si vous avez&hellip;\n","protected":false},"author":2,"featured_media":534325,"comment_status":"","ping_status":"","sticky":false,"template":"","format":"standard","meta":{"footnotes":""},"categories":[1354],"tags":[58,59,1346,1011,27,3666,1360],"class_list":{"0":"post-534324","1":"post","2":"type-post","3":"status-publish","4":"format-standard","5":"has-post-thumbnail","7":"category-films","8":"tag-divertissement","9":"tag-entertainment","10":"tag-films","11":"tag-fr","12":"tag-france","13":"tag-guide-cine","14":"tag-movies"},"share_on_mastodon":{"url":"https:\/\/pubeurope.com\/@fr\/115549679492155306","error":""},"_links":{"self":[{"href":"https:\/\/www.europesays.com\/fr\/wp-json\/wp\/v2\/posts\/534324","targetHints":{"allow":["GET"]}}],"collection":[{"href":"https:\/\/www.europesays.com\/fr\/wp-json\/wp\/v2\/posts"}],"about":[{"href":"https:\/\/www.europesays.com\/fr\/wp-json\/wp\/v2\/types\/post"}],"author":[{"embeddable":true,"href":"https:\/\/www.europesays.com\/fr\/wp-json\/wp\/v2\/users\/2"}],"replies":[{"embeddable":true,"href":"https:\/\/www.europesays.com\/fr\/wp-json\/wp\/v2\/comments?post=534324"}],"version-history":[{"count":0,"href":"https:\/\/www.europesays.com\/fr\/wp-json\/wp\/v2\/posts\/534324\/revisions"}],"wp:featuredmedia":[{"embeddable":true,"href":"https:\/\/www.europesays.com\/fr\/wp-json\/wp\/v2\/media\/534325"}],"wp:attachment":[{"href":"https:\/\/www.europesays.com\/fr\/wp-json\/wp\/v2\/media?parent=534324"}],"wp:term":[{"taxonomy":"category","embeddable":true,"href":"https:\/\/www.europesays.com\/fr\/wp-json\/wp\/v2\/categories?post=534324"},{"taxonomy":"post_tag","embeddable":true,"href":"https:\/\/www.europesays.com\/fr\/wp-json\/wp\/v2\/tags?post=534324"}],"curies":[{"name":"wp","href":"https:\/\/api.w.org\/{rel}","templated":true}]}}