{"id":534332,"date":"2025-11-14T19:25:21","date_gmt":"2025-11-14T19:25:21","guid":{"rendered":"https:\/\/www.europesays.com\/fr\/534332\/"},"modified":"2025-11-14T19:25:21","modified_gmt":"2025-11-14T19:25:21","slug":"ce-oneplus-15-a-une-fonctionnalite-cachee-que-meme-oneplus-ne-connaissait-pas-frandroid","status":"publish","type":"post","link":"https:\/\/www.europesays.com\/fr\/534332\/","title":{"rendered":"Ce OnePlus 15 a une fonctionnalit\u00e9 cach\u00e9e que m\u00eame OnePlus ne connaissait pas \u2014 Frandroid"},"content":{"rendered":"<p>Dans sa version noire, le OnePlus 15 a un dos qui a marquer et c\u2019est plut\u00f4t une bonne id\u00e9e.<\/p>\n<p><a href=\"https:\/\/images.frandroid.com\/wp-content\/uploads\/2025\/11\/oneplus-15-3.jpeg\" target=\"_blank\" class=\"article-content__figure\" rel=\"noopener\"><img fetchpriority=\"high\" decoding=\"async\" loading=\"eager\" width=\"1200\" height=\"900\" src=\"https:\/\/www.europesays.com\/fr\/wp-content\/uploads\/2025\/11\/oneplus-15-3.jpeg\" alt=\"\" class=\"wp-image-2869497 wp-image wp-image\"  \/><\/a><\/p>\n<p>Je n\u2019attendais qu\u2019un remach\u00e2ge du <a href=\"https:\/\/www.frandroid.com\/marques\/oneplus\/2441660_test-oneplus-13\" target=\"_blank\" rel=\"noopener\">OnePlus 13<\/a> et finalement le OnePlus 15 m\u2019a parfaitement cueilli. Formidable machine, puissante, autonome et polyvalente, c\u2019est un coup de c\u0153ur de cette fin d\u2019ann\u00e9e.<\/p>\n<p>Mais ce qui nous int\u00e9resse aujourd\u2019hui, c\u2019est une fonctionnalit\u00e9 que m\u00eame OnePlus n\u2019avait pas imagin\u00e9 : la prise de notes physique.<\/p>\n<p>                <img decoding=\"async\" width=\"1200\" height=\"446\" loading=\"lazy\" alt=\"2\" title=\"2\" class=\"is-radiusless placeholder-default wp-image\" src=\"https:\/\/www.europesays.com\/fr\/wp-content\/uploads\/2025\/11\/2-1-1200x446.jpg\" \/>            <\/p>\n<p>\n                    L\u2019iPhone 17 est moins cher sur Rakuten                <\/p>\n<p class=\"has-text-weight-medium is-size-6 is-line-height-normal\">\n                    Superbe \u00e9cran OLED 120 Hz, puce A19 puissante et design maitris\u00e9 : le dernier iPhone 17 avec 256 Go de stockage est \u00e0 842,99 euros sur Rakuten avec le code promo BLACK7, seulement aujourd\u2019hui.                <\/p>\n<p class=\"shortcode-container see-more\">\n    Pour aller plus loin<br \/><a href=\"https:\/\/www.frandroid.com\/marques\/oneplus\/2855373_test-du-oneplus-15-il-a-tout-dun-grand-smartphone-gaming-sauf-le-prix\" target=\"_blank\" rel=\"noopener\">Test du OnePlus 15 : il a tout d\u2019un grand smartphone gaming, sauf le prix<\/a>\n            <\/p>\n<p>Une v\u00e9ritable ardoise !<\/p>\n<p>Notre mod\u00e8le de test est en finition Infinite Black. Un noir profond et un rendu parfaitement mat pour \u00e9viter toute trace de doigts. Et \u00e7a fonctionne tellement bien qu\u2019on en arrive \u00e0 avoir quasiment une ardoise. Il suffit de glisser son ongle dessus pour qu\u2019une marque blanche apparaisse. Ni une ni deux, j\u2019ai rapidement pu \u00e9crire pain, lait, \u0153ufs \u00e0 l\u2019arri\u00e8re du t\u00e9l\u00e9phone.<\/p>\n<p><a href=\"https:\/\/images.frandroid.com\/wp-content\/uploads\/2025\/11\/oneplus-15-1.jpeg\" target=\"_blank\" class=\"article-content__figure\" rel=\"noopener\"><img loading=\"lazy\" decoding=\"async\" width=\"1200\" height=\"900\" src=\"https:\/\/www.europesays.com\/fr\/wp-content\/uploads\/2025\/11\/oneplus-15-1-1200x900.jpeg\" alt=\"\" class=\"wp-image-2869493 wp-image\"  \/><\/a><\/p>\n<p>Des marques qui ne restent pas<\/p>\n<p>Mais qu\u2019advient-il apr\u00e8s ? Non les inscriptions ne restent pas. Elles s\u2019effacent aussi simplement en passant le doigt dessus. Parce que en r\u00e9alit\u00e9, ce n\u2019est pas la surface qui s\u2019ab\u00eeme, mais l\u2019objet qui est gliss\u00e9 dessus. Une sorte de papier de verre ultrafin si l\u2019on veut.<\/p>\n<p>Oui, on peut s\u2019en servir de lime \u00e0 ongle ou peut-on esp\u00e9rer d\u2019y affuter un couteau. Bref, si l\u2019on travaille avec un objet dont la duret\u00e9 est inf\u00e9rieure \u00e0 8 ou 9 sur l\u2019\u00e9chelle de Mohs, c\u2019est lui qui perdra de la mati\u00e8re et pas le dos du OnePlus 15.<\/p>\n<p><a href=\"https:\/\/images.frandroid.com\/wp-content\/uploads\/2025\/11\/oneplus-15-2-1.jpeg\" target=\"_blank\" class=\"article-content__figure\" rel=\"noopener\"><img loading=\"lazy\" decoding=\"async\" width=\"1200\" height=\"900\" src=\"https:\/\/www.europesays.com\/fr\/wp-content\/uploads\/2025\/11\/oneplus-15-2-1-1200x900.jpeg\" alt=\"\" class=\"wp-image-2869499 wp-image\"  \/><\/a><\/p>\n<p>Et toute cette histoire, je l\u2019ai rapport\u00e9 au responsable europ\u00e9en de OnePlus qui ne s\u2019attendait pas du tout \u00e0 cela. En plaisantant il m\u2019a r\u00e9pondu \u00ab Oh, mais on va le marketer ! \u00bb<\/p>\n<p>Au-del\u00e0 de cette pointe d\u2019humour, je note surtout que le dos du OnePlus 15 est extr\u00eamement r\u00e9sistant et, pour reprendre les mots de <a target=\"_blank\" href=\"https:\/\/x.com\/MKBHD\/status\/1988984304437981698?t=07CTa9wlYkkVcVJq0LS96g&amp;s=19\">Marques Brownlee<\/a> : \u00ab parfois un bonne d\u00e9fense c\u2019est une bonne attaque \u00bb.<\/p>\n","protected":false},"excerpt":{"rendered":"Dans sa version noire, le OnePlus 15 a un dos qui a marquer et c\u2019est plut\u00f4t une bonne&hellip;\n","protected":false},"author":2,"featured_media":534333,"comment_status":"","ping_status":"","sticky":false,"template":"","format":"standard","meta":{"footnotes":""},"categories":[7],"tags":[1011,27,55498,43,40,41,39,42,44],"class_list":{"0":"post-534332","1":"post","2":"type-post","3":"status-publish","4":"format-standard","5":"has-post-thumbnail","7":"category-sciences-et-technologies","8":"tag-fr","9":"tag-france","10":"tag-oneplus-15","11":"tag-science","12":"tag-science-and-technology","13":"tag-sciences","14":"tag-sciences-et-technologies","15":"tag-technologies","16":"tag-technology"},"share_on_mastodon":{"url":"https:\/\/pubeurope.com\/@fr\/115549695382796698","error":""},"_links":{"self":[{"href":"https:\/\/www.europesays.com\/fr\/wp-json\/wp\/v2\/posts\/534332","targetHints":{"allow":["GET"]}}],"collection":[{"href":"https:\/\/www.europesays.com\/fr\/wp-json\/wp\/v2\/posts"}],"about":[{"href":"https:\/\/www.europesays.com\/fr\/wp-json\/wp\/v2\/types\/post"}],"author":[{"embeddable":true,"href":"https:\/\/www.europesays.com\/fr\/wp-json\/wp\/v2\/users\/2"}],"replies":[{"embeddable":true,"href":"https:\/\/www.europesays.com\/fr\/wp-json\/wp\/v2\/comments?post=534332"}],"version-history":[{"count":0,"href":"https:\/\/www.europesays.com\/fr\/wp-json\/wp\/v2\/posts\/534332\/revisions"}],"wp:featuredmedia":[{"embeddable":true,"href":"https:\/\/www.europesays.com\/fr\/wp-json\/wp\/v2\/media\/534333"}],"wp:attachment":[{"href":"https:\/\/www.europesays.com\/fr\/wp-json\/wp\/v2\/media?parent=534332"}],"wp:term":[{"taxonomy":"category","embeddable":true,"href":"https:\/\/www.europesays.com\/fr\/wp-json\/wp\/v2\/categories?post=534332"},{"taxonomy":"post_tag","embeddable":true,"href":"https:\/\/www.europesays.com\/fr\/wp-json\/wp\/v2\/tags?post=534332"}],"curies":[{"name":"wp","href":"https:\/\/api.w.org\/{rel}","templated":true}]}}