{"id":534346,"date":"2025-11-14T19:33:42","date_gmt":"2025-11-14T19:33:42","guid":{"rendered":"https:\/\/www.europesays.com\/fr\/534346\/"},"modified":"2025-11-14T19:33:42","modified_gmt":"2025-11-14T19:33:42","slug":"la-residence-sans-ascenseur-ni-electricite","status":"publish","type":"post","link":"https:\/\/www.europesays.com\/fr\/534346\/","title":{"rendered":"la r\u00e9sidence sans ascenseur ni \u00e9lectricit\u00e9"},"content":{"rendered":"<p>Une nu\u00e9e de lucioles dans les escaliers de <a href=\"https:\/\/www.estrepublicain.fr\/faits-divers-justice\/2023\/01\/26\/tours-saint-sebastien-attention-balcons-fragiles\" target=\"_blank\" rel=\"noopener\">la r\u00e9sidence Saint-S\u00e9bastien, tour B<\/a>. Ce vendredi, peu avant 13 heures, tous les r\u00e9sidents ne pouvaient compter que sur la fonction torche de leur t\u00e9l\u00e9phone portable pour se d\u00e9placer en relative s\u00e9curit\u00e9 dans les communs de cet immeuble de 15 \u00e9tages situ\u00e9 au 5, <a href=\"https:\/\/www.estrepublicain.fr\/videos\/les-balcons-du-desarroi-residence-saint-sebastien-a-nancy-pendant-4-ans-ils-vont-etre-inaccessibles-xkzq05z\" target=\"_blank\" rel=\"noopener\">rue du Grand-Rabbin-Haguenauer<\/a>.<\/p>\n<p>\u00ab\u00a0Pour moi, \u00e7a va encore, je suis en forme mais je pense aux personnes \u00e2g\u00e9es qui le sont moins et qui habitent les \u00e9tages du haut\u2026 , sourit cette r\u00e9sidente, crois\u00e9e ce vendredi, portable en main, et qui pr\u00e9f\u00e8re voir le bon c\u00f4t\u00e9 des choses.\u00a0Avec ce qui arrive, les gens se parlent. On va voir les plus \u00e2g\u00e9s pour v\u00e9rifier que tout va bien et s\u2019ils ont besoin de quelque chose\u00a0\u00bb.<\/p>\n<p>  Des communs squatt\u00e9s<\/p>\n<p>Avant de sortir de l\u2019immeuble, la Nanc\u00e9ienne interpelle deux adolescents qui filent dans la p\u00e9nombre du couloir de l\u2019entr\u00e9e. \u00ab\u00a0Vous allez o\u00f9\u00a0?\u00a0\u00bb, questionne-t-elle. La veille, elle a aper\u00e7u des jeunes qui \u00ab\u00a0squattaient\u00a0\u00bb. <\/p>\n<p>Les deux ados en surv\u00eatement tardent \u00e0 lui r\u00e9pondre. \u00ab\u00a0Bah, on va au Saint-Seb\u2019, c\u2019est un raccourci par-l\u00e0\u00a0!\u00a0\u00bb \u00ab\u00a0Non, non, c\u2019est interdit de passer par ici et en plus c\u2019est risqu\u00e9\u00a0\u00bb, insiste-t-elle. Le duo conc\u00e8de \u00e0 faire demi-tour. <\/p>\n<p>Vrai que ce vendredi, emprunter couloirs et escaliers de la tour B, couverts de tags par endroits, pouvait \u00eatre risqu\u00e9. Pas de lumi\u00e8re et des flaques d\u2019eau encore persistantes au sol, t\u00e9moins des actes de vandalisme et de l\u2019effraction de la veille.<\/p>\n<p>Dans la nuit de jeudi \u00e0 vendredi 14\u00a0novembre, des individus se sont introduits dans l\u2019immeuble en for\u00e7ant un rideau de fer cens\u00e9 interdire l\u2019entr\u00e9e par les portes vitr\u00e9es du 1er \u00e9tage, une issue qui communique avec le parking a\u00e9rien du centre commercial. Le rideau de fer s\u2019est affaiss\u00e9 au sol sous la pression des intrus.<\/p>\n<p>  D\u00e9vidoirs \u00e0 incendie actionn\u00e9s<\/p>\n<p>Les individus se sont empar\u00e9s de la lance des d\u00e9vidoirs \u00e0 incendie pour d\u00e9verser de l\u2019eau dans les communs. Un important d\u00e9g\u00e2t des eaux a affect\u00e9 des compteurs \u00e9lectriques, entra\u00eenant la coupure d\u2019\u00e9lectricit\u00e9, l\u2019interruption des ascenseurs et la ventilation m\u00e9canique contr\u00f4l\u00e9e (VMC). <\/p>\n<p>Fort heureusement, il n\u2019y a pas eu de d\u00e9part de feu par court-circuit. Les appartements n\u2019auraient pas \u00e9t\u00e9 impact\u00e9s par la coupure du courant. \u00ab\u00a0Oui, pas de probl\u00e8me de ce c\u00f4t\u00e9-l\u00e0, assure un r\u00e9sident. En revanche, je n\u2019ai plus d\u2019eau froide\u00a0\u00bb.<\/p>\n<p>Dans une note, le syndic La Ravinelle VITAVI indique \u00ab\u00a0mettre tout en \u0153uvre pour r\u00e9tablir la situation dans les plus brefs d\u00e9lais\u00a0\u00bb car l\u2019intervention d\u2019Enedis est n\u00e9cessaire afin de v\u00e9rifier les installations avant la remise en service.<\/p>\n","protected":false},"excerpt":{"rendered":"Une nu\u00e9e de lucioles dans les escaliers de la r\u00e9sidence Saint-S\u00e9bastien, tour B. Ce vendredi, peu avant 13&hellip;\n","protected":false},"author":2,"featured_media":534347,"comment_status":"","ping_status":"","sticky":false,"template":"","format":"standard","meta":{"footnotes":""},"categories":[9635],"tags":[119,1111,11,271,272,1704,1777,674,274,1011,27,775,3457,1702,1703,12,25],"class_list":{"0":"post-534346","1":"post","2":"type-post","3":"status-publish","4":"format-standard","5":"has-post-thumbnail","7":"category-nancy","8":"tag-accident","9":"tag-actu","10":"tag-actualites","11":"tag-crime","12":"tag-delit-et-contravention","13":"tag-edition-nancy-et-agglomeration","14":"tag-eu","15":"tag-europe","16":"tag-faits-divers-justice","17":"tag-fr","18":"tag-france","19":"tag-grand-est","20":"tag-meurthe-et-moselle","21":"tag-nancy","22":"tag-nancy-ville-54b","23":"tag-news","24":"tag-republique-francaise"},"share_on_mastodon":{"url":"https:\/\/pubeurope.com\/@fr\/115549726486983219","error":""},"_links":{"self":[{"href":"https:\/\/www.europesays.com\/fr\/wp-json\/wp\/v2\/posts\/534346","targetHints":{"allow":["GET"]}}],"collection":[{"href":"https:\/\/www.europesays.com\/fr\/wp-json\/wp\/v2\/posts"}],"about":[{"href":"https:\/\/www.europesays.com\/fr\/wp-json\/wp\/v2\/types\/post"}],"author":[{"embeddable":true,"href":"https:\/\/www.europesays.com\/fr\/wp-json\/wp\/v2\/users\/2"}],"replies":[{"embeddable":true,"href":"https:\/\/www.europesays.com\/fr\/wp-json\/wp\/v2\/comments?post=534346"}],"version-history":[{"count":0,"href":"https:\/\/www.europesays.com\/fr\/wp-json\/wp\/v2\/posts\/534346\/revisions"}],"wp:featuredmedia":[{"embeddable":true,"href":"https:\/\/www.europesays.com\/fr\/wp-json\/wp\/v2\/media\/534347"}],"wp:attachment":[{"href":"https:\/\/www.europesays.com\/fr\/wp-json\/wp\/v2\/media?parent=534346"}],"wp:term":[{"taxonomy":"category","embeddable":true,"href":"https:\/\/www.europesays.com\/fr\/wp-json\/wp\/v2\/categories?post=534346"},{"taxonomy":"post_tag","embeddable":true,"href":"https:\/\/www.europesays.com\/fr\/wp-json\/wp\/v2\/tags?post=534346"}],"curies":[{"name":"wp","href":"https:\/\/api.w.org\/{rel}","templated":true}]}}