{"id":534363,"date":"2025-11-14T19:43:28","date_gmt":"2025-11-14T19:43:28","guid":{"rendered":"https:\/\/www.europesays.com\/fr\/534363\/"},"modified":"2025-11-14T19:43:28","modified_gmt":"2025-11-14T19:43:28","slug":"en-direct-coupe-de-france-de-football-deux-buts-match-arrete-fumigene-suivez-le-derby-iserois-entre-lolympique-villefontaine-et-le-gf38","status":"publish","type":"post","link":"https:\/\/www.europesays.com\/fr\/534363\/","title":{"rendered":"En direct Coupe de France de football. Deux buts, match arr\u00eat\u00e9, fumig\u00e8ne&#8230; suivez le derby is\u00e9rois entre l&rsquo;Olympique Villefontaine et le GF38"},"content":{"rendered":"<p>&#13;<br \/>\n                                                    En direct&#13;<br \/>\n                        &#13;\n                                            <\/p>\n<p>L&rsquo;Olympique Villefontaine (R\u00e9gional 2) accueille ce vendredi (20 heures) le voisin du Grenoble Foot 38 (Ligue 2) lors du septi\u00e8me tour de la Coupe de France. Pour sa premi\u00e8re \u00e0 ce niveau de la comp\u00e9tition, les Villards visent un exploit contre les professionnels grenoblois&#8230; Suivez le derby is\u00e9rois en direct comment\u00e9.<\/p>\n<p>&#13;<br \/>\n              Y.L. (avec A.O. et P.L.P.) &#8211; &#13;<br \/>\n        &#13;<br \/>\n          Aujourd&rsquo;hui \u00e0 20:40&#13;<br \/>\n    &#13;<br \/>\n                  | mis \u00e0 jour aujourd&rsquo;hui \u00e0 20:40&#13;<br \/>\n              &#8211; Temps de lecture : &#13;<br \/>\n  &#13;<\/p>\n","protected":false},"excerpt":{"rendered":"&#13; En direct&#13; &#13; L&rsquo;Olympique Villefontaine (R\u00e9gional 2) accueille ce vendredi (20 heures) le voisin du Grenoble Foot&hellip;\n","protected":false},"author":2,"featured_media":534364,"comment_status":"","ping_status":"","sticky":false,"template":"","format":"standard","meta":{"footnotes":""},"categories":[9566],"tags":[1111,11,2430,12919,15922,3545,115,112,1777,674,107,1701,1011,27,12637,2731,2732,108,12,25,517,1947,49770],"class_list":{"0":"post-534363","1":"post","2":"type-post","3":"status-publish","4":"format-standard","5":"has-post-thumbnail","7":"category-grenoble","8":"tag-actu","9":"tag-actualites","10":"tag-auvergne-rhone-alpes","11":"tag-bourgoin-jallieu","12":"tag-coupe-de-france-de-football","13":"tag-direct-sport","14":"tag-edition-bourgoin-jallieu-nord-dauphine","15":"tag-edition-grenoble-agglomeration","16":"tag-eu","17":"tag-europe","18":"tag-fil-info","19":"tag-fil-info-sport","20":"tag-fr","21":"tag-france","22":"tag-gf38-grenoble-foot-38","23":"tag-grenoble","24":"tag-grenoble-bassin","25":"tag-isere","26":"tag-news","27":"tag-republique-francaise","28":"tag-sport","29":"tag-sport-national","30":"tag-villefontaine"},"share_on_mastodon":{"url":"https:\/\/pubeurope.com\/@fr\/115549765939932916","error":""},"_links":{"self":[{"href":"https:\/\/www.europesays.com\/fr\/wp-json\/wp\/v2\/posts\/534363","targetHints":{"allow":["GET"]}}],"collection":[{"href":"https:\/\/www.europesays.com\/fr\/wp-json\/wp\/v2\/posts"}],"about":[{"href":"https:\/\/www.europesays.com\/fr\/wp-json\/wp\/v2\/types\/post"}],"author":[{"embeddable":true,"href":"https:\/\/www.europesays.com\/fr\/wp-json\/wp\/v2\/users\/2"}],"replies":[{"embeddable":true,"href":"https:\/\/www.europesays.com\/fr\/wp-json\/wp\/v2\/comments?post=534363"}],"version-history":[{"count":0,"href":"https:\/\/www.europesays.com\/fr\/wp-json\/wp\/v2\/posts\/534363\/revisions"}],"wp:featuredmedia":[{"embeddable":true,"href":"https:\/\/www.europesays.com\/fr\/wp-json\/wp\/v2\/media\/534364"}],"wp:attachment":[{"href":"https:\/\/www.europesays.com\/fr\/wp-json\/wp\/v2\/media?parent=534363"}],"wp:term":[{"taxonomy":"category","embeddable":true,"href":"https:\/\/www.europesays.com\/fr\/wp-json\/wp\/v2\/categories?post=534363"},{"taxonomy":"post_tag","embeddable":true,"href":"https:\/\/www.europesays.com\/fr\/wp-json\/wp\/v2\/tags?post=534363"}],"curies":[{"name":"wp","href":"https:\/\/api.w.org\/{rel}","templated":true}]}}