{"id":534365,"date":"2025-11-14T19:44:10","date_gmt":"2025-11-14T19:44:10","guid":{"rendered":"https:\/\/www.europesays.com\/fr\/534365\/"},"modified":"2025-11-14T19:44:10","modified_gmt":"2025-11-14T19:44:10","slug":"dans-le-nord-de-rennes-un-car-scolaire-se-renverse-avec-12-enfants-a-bord","status":"publish","type":"post","link":"https:\/\/www.europesays.com\/fr\/534365\/","title":{"rendered":"Dans le nord de Rennes, un car scolaire se renverse avec 12 enfants \u00e0 bord"},"content":{"rendered":"<p>Plus de peur que de mal. Ce vendredi 14 novembre, un car scolaire s\u2019est renvers\u00e9 sur la RD220, au niveau de la commune de Miniac-sous-B\u00e9cherel (35), situ\u00e9e dans le nord de Rennes. Les pompiers ont \u00e9t\u00e9 appel\u00e9s \u00e0 17 h pour porter assistance aux douze enfants, \u00e2g\u00e9s de 3 \u00e0 8 ans, et deux adultes, dont le conducteur, qui \u00e9taient \u00e0 bord.<\/p>\n<p>\u00c0 leur arriv\u00e9e, indique le conseil d\u00e9partemental d\u2019Ille-et-Vilaine, les enfants \u00e9taient d\u00e9j\u00e0 sortis du v\u00e9hicule et s\u00e9curis\u00e9s dans un champ, en attendant les secours. Heureusement, aucun d\u2019entre eux n\u2019a \u00e9t\u00e9 bless\u00e9 dans cet accident de la route. Un important dispositif a tout de m\u00eame \u00e9t\u00e9 d\u00e9ploy\u00e9, avec trente pompiers mobilis\u00e9s, par mesure de pr\u00e9caution.<\/p>\n","protected":false},"excerpt":{"rendered":"Plus de peur que de mal. Ce vendredi 14 novembre, un car scolaire s\u2019est renvers\u00e9 sur la RD220,&hellip;\n","protected":false},"author":2,"featured_media":534366,"comment_status":"","ping_status":"","sticky":false,"template":"","format":"standard","meta":{"footnotes":""},"categories":[2821],"tags":[1111,11,829,765,1777,674,118,1011,27,848,12,1311,584,25],"class_list":{"0":"post-534365","1":"post","2":"type-post","3":"status-publish","4":"format-standard","5":"has-post-thumbnail","7":"category-rennes","8":"tag-actu","9":"tag-actualites","10":"tag-bretagne","11":"tag-en-continu","12":"tag-eu","13":"tag-europe","14":"tag-faits-divers","15":"tag-fr","16":"tag-france","17":"tag-ille-et-vilaine","18":"tag-news","19":"tag-pompiers","20":"tag-rennes","21":"tag-republique-francaise"},"share_on_mastodon":{"url":"https:\/\/pubeurope.com\/@fr\/115549769931203572","error":""},"_links":{"self":[{"href":"https:\/\/www.europesays.com\/fr\/wp-json\/wp\/v2\/posts\/534365","targetHints":{"allow":["GET"]}}],"collection":[{"href":"https:\/\/www.europesays.com\/fr\/wp-json\/wp\/v2\/posts"}],"about":[{"href":"https:\/\/www.europesays.com\/fr\/wp-json\/wp\/v2\/types\/post"}],"author":[{"embeddable":true,"href":"https:\/\/www.europesays.com\/fr\/wp-json\/wp\/v2\/users\/2"}],"replies":[{"embeddable":true,"href":"https:\/\/www.europesays.com\/fr\/wp-json\/wp\/v2\/comments?post=534365"}],"version-history":[{"count":0,"href":"https:\/\/www.europesays.com\/fr\/wp-json\/wp\/v2\/posts\/534365\/revisions"}],"wp:featuredmedia":[{"embeddable":true,"href":"https:\/\/www.europesays.com\/fr\/wp-json\/wp\/v2\/media\/534366"}],"wp:attachment":[{"href":"https:\/\/www.europesays.com\/fr\/wp-json\/wp\/v2\/media?parent=534365"}],"wp:term":[{"taxonomy":"category","embeddable":true,"href":"https:\/\/www.europesays.com\/fr\/wp-json\/wp\/v2\/categories?post=534365"},{"taxonomy":"post_tag","embeddable":true,"href":"https:\/\/www.europesays.com\/fr\/wp-json\/wp\/v2\/tags?post=534365"}],"curies":[{"name":"wp","href":"https:\/\/api.w.org\/{rel}","templated":true}]}}