{"id":534369,"date":"2025-11-14T19:46:11","date_gmt":"2025-11-14T19:46:11","guid":{"rendered":"https:\/\/www.europesays.com\/fr\/534369\/"},"modified":"2025-11-14T19:46:11","modified_gmt":"2025-11-14T19:46:11","slug":"ostwald-le-detenu-gerait-un-trafic-dheroine-et-de-cocaine-depuis-sa-cellule","status":"publish","type":"post","link":"https:\/\/www.europesays.com\/fr\/534369\/","title":{"rendered":"Ostwald. Le d\u00e9tenu g\u00e9rait un trafic d\u2019h\u00e9ro\u00efne et de coca\u00efne depuis sa cellule"},"content":{"rendered":"<p>Des riverains alertent la police de l\u2019existence d\u2019un point de deal aux abords de la rue des Fr\u00e8res \u00e0 Ostwald. Les surveillances op\u00e9r\u00e9es par la brigade anticriminalit\u00e9 en juillet\u00a02025 confirment la pr\u00e9sence de \u201ccharbonneurs\u201d dans ce secteur du quartier du Wihrel.<\/p>\n<p>Surveillances, \u00e9coutes t\u00e9l\u00e9phoniques, filatures\u2026 permettent d\u2019\u00e9tablir qu\u2019un trafic de coca\u00efne et d\u2019h\u00e9ro\u00efne est orchestr\u00e9 par Mohamed-Amin Calik, depuis sa cellule \u00e0 la prison d\u2019\u00c9crouves. Sur le terrain, il dispose de trois relais\u00a0: Mehmet Agir, S\u00e9bastien&#8230;<\/p>\n","protected":false},"excerpt":{"rendered":"Des riverains alertent la police de l\u2019existence d\u2019un point de deal aux abords de la rue des Fr\u00e8res&hellip;\n","protected":false},"author":2,"featured_media":534370,"comment_status":"","ping_status":"","sticky":false,"template":"","format":"standard","meta":{"footnotes":""},"categories":[2820],"tags":[1111,11,2880,1777,674,274,107,1011,27,775,12,6611,25,640,3089],"class_list":{"0":"post-534369","1":"post","2":"type-post","3":"status-publish","4":"format-standard","5":"has-post-thumbnail","7":"category-strasbourg","8":"tag-actu","9":"tag-actualites","10":"tag-edition-strasbourg","11":"tag-eu","12":"tag-europe","13":"tag-faits-divers-justice","14":"tag-fil-info","15":"tag-fr","16":"tag-france","17":"tag-grand-est","18":"tag-news","19":"tag-ostwald","20":"tag-republique-francaise","21":"tag-strasbourg","22":"tag-strasbourg-sud"},"share_on_mastodon":{"url":"https:\/\/pubeurope.com\/@fr\/115549777783391111","error":""},"_links":{"self":[{"href":"https:\/\/www.europesays.com\/fr\/wp-json\/wp\/v2\/posts\/534369","targetHints":{"allow":["GET"]}}],"collection":[{"href":"https:\/\/www.europesays.com\/fr\/wp-json\/wp\/v2\/posts"}],"about":[{"href":"https:\/\/www.europesays.com\/fr\/wp-json\/wp\/v2\/types\/post"}],"author":[{"embeddable":true,"href":"https:\/\/www.europesays.com\/fr\/wp-json\/wp\/v2\/users\/2"}],"replies":[{"embeddable":true,"href":"https:\/\/www.europesays.com\/fr\/wp-json\/wp\/v2\/comments?post=534369"}],"version-history":[{"count":0,"href":"https:\/\/www.europesays.com\/fr\/wp-json\/wp\/v2\/posts\/534369\/revisions"}],"wp:featuredmedia":[{"embeddable":true,"href":"https:\/\/www.europesays.com\/fr\/wp-json\/wp\/v2\/media\/534370"}],"wp:attachment":[{"href":"https:\/\/www.europesays.com\/fr\/wp-json\/wp\/v2\/media?parent=534369"}],"wp:term":[{"taxonomy":"category","embeddable":true,"href":"https:\/\/www.europesays.com\/fr\/wp-json\/wp\/v2\/categories?post=534369"},{"taxonomy":"post_tag","embeddable":true,"href":"https:\/\/www.europesays.com\/fr\/wp-json\/wp\/v2\/tags?post=534369"}],"curies":[{"name":"wp","href":"https:\/\/api.w.org\/{rel}","templated":true}]}}