{"id":534386,"date":"2025-11-14T19:56:11","date_gmt":"2025-11-14T19:56:11","guid":{"rendered":"https:\/\/www.europesays.com\/fr\/534386\/"},"modified":"2025-11-14T19:56:11","modified_gmt":"2025-11-14T19:56:11","slug":"un-sondage-donne-le-ps-en-tete-de-la-gauche-a-toulouse","status":"publish","type":"post","link":"https:\/\/www.europesays.com\/fr\/534386\/","title":{"rendered":"Un sondage donne le PS en t\u00eate de la gauche \u00e0 Toulouse"},"content":{"rendered":"<p>Et si les municipales pouvaient \u00eatre r\u00e9gl\u00e9es d\u00e8s le 15 mars 2026, \u00e0 Toulouse\u202f? Selon un sondage r\u00e9alis\u00e9 par Cluster 17, que Mediacit\u00e9s s\u2019est procur\u00e9, la gauche toulousaine \u2013 si elle \u00e9tait rassembl\u00e9e \u2013 totaliserait 53\u00a0% des intentions de votes au premier tour, contre seulement 33 % pour le maire sortant (ex\u2010Les R\u00e9publicains).<\/p>\n<p>Synonyme de victoire imm\u00e9diate pour la gauche, ce score est une chim\u00e8re, puisqu\u2019il s\u2019obtient en additionnant les intentions de vote pr\u00eat\u00e9es au socialiste Fran\u00e7ois Brian\u00e7on (entre 18 et 24 % des intentions de vote en tenant compte des marges d\u2019erreur), l\u2019insoumis Fran\u00e7ois Piquemal (entre 17 et 23 %), et l\u2019\u00e9cologiste R\u00e9gis Godec (entre 10 et\u00a014\u00a0%).\u00a0<\/p>\n<p>Ces premiers r\u00e9sultats r\u00e9v\u00e8lent un bloc PS en recul par rapport \u00e0 2020. En cumul\u00e9, Nadia Pellefigue et Pierre Cohen avaient en effet obtenu 24 % des voix au premier tour en 2020. \u00c0 l\u2019\u00e9poque, la liste Archipel citoyen alliant \u00e9cologistes et insoumis avaient r\u00e9uni 27 % des voix. Selon ce sondage, ces deux forces rallieraient 32 % des suffrages l\u2019an prochain.<\/p>\n<p>La seconde hypoth\u00e8se \u00e9tudi\u00e9e par ce sondage, r\u00e9alis\u00e9 du 6 au 10 novembre aupr\u00e8s de 861 personnes, table sur l\u2019union entre PS, \u00e9cologistes, PCF, G\u00e9n\u00e9ration.s et PRG au premier tour. Dans ce sc\u00e9nario, Fran\u00e7ois Brian\u00e7on capterait 27 \u00e0 33 % des intentions de vote, face \u00e0 Jean\u2010Luc Moudenc (30\u201336 %). En troisi\u00e8me position, Fran\u00e7ois Piquemal est cr\u00e9dit\u00e9 de 20 \u00e0 26 % des voix. Un r\u00e9sultat qui conforte le candidat socialiste, dont le parti est le commanditaire de l\u2019\u00e9tude d\u2019opinion.<\/p>\n<p>Dans les deux hypoth\u00e8ses, la liste du Rassemblement national men\u00e9e\u00a0par\u00a0<\/p>\n<p>Nous vous offrons l\u2019acc\u00e8s \u00e0 cet article<\/p>\n<p>Et \u00e0 toutes nos enqu\u00eates pendant deux jours\u00a0\u00a0! <br \/>Oui, on est g\u00e9n\u00e9reux \ud83d\ude09 Mais pensez aussi \u00e0 <a href=\"https:\/\/www.mediacites.fr\/sabonner\/\" target=\"_blank\" style=\"color:#fff\" rel=\"noopener\">vous abonner<\/a>\u00a0\u00a0!<\/p>\n<p>\t\tEn renseignant votre adresse, vous acceptez nos <a href=\"https:\/\/www.mediacites.fr\/conditions-generales-d-utilisation\/\" target=\"_blank\" rel=\"noopener\">conditions g\u00e9n\u00e9rales d\u2019utilisation<\/a>. <br \/>Mediacit\u00e9s s\u2019engage \u00e0 ne pas c\u00e9der votre adresse \u00e0 des tiers. En cas d\u2019\u00e9chec, \u00e9crivez \u00e0 <a href=\"https:\/\/www.mediacites.fr\/decryptage\/toulouse\/2025\/11\/14\/un-sondage-donne-le-ps-en-tete-de-la-gauche-a-toulouse\/mailto:contact@mediacites.fr\" target=\"_blank\" rel=\"noopener\">contact@mediacites.fr<\/a><\/p>\n<ul>\n<li>J\u2019acc\u00e8de aux 4 \u00e9ditions de Mediacit\u00e9s (Lille, Lyon, Nantes et Toulouse)<\/li>\n<li>Je d\u00e9couvre un m\u00e9dia 100 % ind\u00e9pendant, avec 0 % de publicit\u00e9<\/li>\n<\/ul>\n<p>Envie de lire la\u00a0suite\u202f?<\/p>\n<p>Depuis neuf ans, Mediacit\u00e9s enqu\u00eate en toute ind\u00e9pendance dans votre ville. Gr\u00e2ce \u00e0 ses lecteurs\u202f! Abonnez\u2010vous pour ne rien manquer de nos enqu\u00eates, suivre les \u00e9lections municipales et soutenir un journal local d\u2019investigation.<\/p>\n<ul>\n<li>Acc\u00e8s aux 4 \u00e9ditions de Mediacit\u00e9s (Lille, Lyon, Nantes et Toulouse)<\/li>\n<li>100 % ind\u00e9pendant, avec 0 % de publicit\u00e9<\/li>\n<li>R\u00e9siliation facile \u00e0 tout moment<\/li>\n<\/ul>\n<p>Mediacit\u00e9s offre l\u2019acc\u00e8s \u00e0 cet article aux lecteurs de News2Com<\/p>\n<p>Et \u00e0 toutes nos enqu\u00eates pendant deux jours\u00a0\u00a0! <br \/>Oui, on est g\u00e9n\u00e9reux \ud83d\ude09 Mais pensez aussi \u00e0 <a href=\"https:\/\/www.mediacites.fr\/sabonner\/\" target=\"_blank\" style=\"color:#fff\" rel=\"noopener\">vous abonner<\/a>\u00a0\u00a0!<\/p>\n<p>\t\tEn renseignant votre adresse, vous acceptez nos <a href=\"https:\/\/www.mediacites.fr\/conditions-generales-d-utilisation\/\" target=\"_blank\" rel=\"noopener\">conditions g\u00e9n\u00e9rales d\u2019utilisation<\/a>. <br \/>Mediacit\u00e9s s\u2019engage \u00e0 ne pas c\u00e9der votre adresse \u00e0 des tiers. En cas d\u2019\u00e9chec, \u00e9crivez \u00e0 <a href=\"https:\/\/www.mediacites.fr\/decryptage\/toulouse\/2025\/11\/14\/un-sondage-donne-le-ps-en-tete-de-la-gauche-a-toulouse\/mailto:contact@mediacites.fr\" target=\"_blank\" rel=\"noopener\">contact@mediacites.fr<\/a><\/p>\n<ul>\n<li>J\u2019acc\u00e8de aux 4 \u00e9ditions de Mediacit\u00e9s (Lille, Lyon, Nantes et Toulouse)<\/li>\n<li>Je d\u00e9couvre un m\u00e9dia 100 % ind\u00e9pendant, avec 0 % de publicit\u00e9<\/li>\n<\/ul>\n","protected":false},"excerpt":{"rendered":"Et si les municipales pouvaient \u00eatre r\u00e9gl\u00e9es d\u00e8s le 15 mars 2026, \u00e0 Toulouse\u202f? Selon un sondage r\u00e9alis\u00e9&hellip;\n","protected":false},"author":2,"featured_media":534387,"comment_status":"","ping_status":"","sticky":false,"template":"","format":"standard","meta":{"footnotes":""},"categories":[2816],"tags":[1111,11,16403,1777,674,1011,27,3434,12,2680,25,2312],"class_list":{"0":"post-534386","1":"post","2":"type-post","3":"status-publish","4":"format-standard","5":"has-post-thumbnail","7":"category-toulouse","8":"tag-actu","9":"tag-actualites","10":"tag-decryptage","11":"tag-eu","12":"tag-europe","13":"tag-fr","14":"tag-france","15":"tag-municipales-2026","16":"tag-news","17":"tag-occitanie","18":"tag-republique-francaise","19":"tag-toulouse"},"share_on_mastodon":{"url":"https:\/\/pubeurope.com\/@fr\/115549817816599758","error":""},"_links":{"self":[{"href":"https:\/\/www.europesays.com\/fr\/wp-json\/wp\/v2\/posts\/534386","targetHints":{"allow":["GET"]}}],"collection":[{"href":"https:\/\/www.europesays.com\/fr\/wp-json\/wp\/v2\/posts"}],"about":[{"href":"https:\/\/www.europesays.com\/fr\/wp-json\/wp\/v2\/types\/post"}],"author":[{"embeddable":true,"href":"https:\/\/www.europesays.com\/fr\/wp-json\/wp\/v2\/users\/2"}],"replies":[{"embeddable":true,"href":"https:\/\/www.europesays.com\/fr\/wp-json\/wp\/v2\/comments?post=534386"}],"version-history":[{"count":0,"href":"https:\/\/www.europesays.com\/fr\/wp-json\/wp\/v2\/posts\/534386\/revisions"}],"wp:featuredmedia":[{"embeddable":true,"href":"https:\/\/www.europesays.com\/fr\/wp-json\/wp\/v2\/media\/534387"}],"wp:attachment":[{"href":"https:\/\/www.europesays.com\/fr\/wp-json\/wp\/v2\/media?parent=534386"}],"wp:term":[{"taxonomy":"category","embeddable":true,"href":"https:\/\/www.europesays.com\/fr\/wp-json\/wp\/v2\/categories?post=534386"},{"taxonomy":"post_tag","embeddable":true,"href":"https:\/\/www.europesays.com\/fr\/wp-json\/wp\/v2\/tags?post=534386"}],"curies":[{"name":"wp","href":"https:\/\/api.w.org\/{rel}","templated":true}]}}