{"id":534392,"date":"2025-11-14T19:59:11","date_gmt":"2025-11-14T19:59:11","guid":{"rendered":"https:\/\/www.europesays.com\/fr\/534392\/"},"modified":"2025-11-14T19:59:11","modified_gmt":"2025-11-14T19:59:11","slug":"a-bord-du-porte-helicopteres-amphibie-dixmude-en-escale-a-marseille-jusqua-ce-dimanche","status":"publish","type":"post","link":"https:\/\/www.europesays.com\/fr\/534392\/","title":{"rendered":"\u00c0 bord du porte-h\u00e9licopt\u00e8res amphibie \u00ab\u00a0Dixmude\u00a0\u00bb en escale \u00e0 Marseille jusqu&rsquo;\u00e0 ce dimanche"},"content":{"rendered":"<p>\u00ab\u00a0En moins de 24h, c\u2019\u00e9tait complet\u00a0!\u00a0\u00bb D\u00e8s l\u2019annonce de la visite possible du \u00ab\u00a0Dixmude\u00a0\u00bb, ils \u00e9taient plusieurs milliers \u00e0 esp\u00e9rer obtenir leur pr\u00e9cieux ticket d\u2019entr\u00e9e pour monter \u00e0 bord d\u2019un des fleurons les plus c\u00e9l\u00e8bres de la <a href=\"https:\/\/www.laprovence.com\/article\/societe\/39512936533569\/base-aerienne-de-salon-l-armee-de-l-air-et-de-l-espace-s-entraine-a-des-conflits-de-haute-intensite\" target=\"_blank\" rel=\"noopener\">Marine nationale fran\u00e7aise<\/a>. Ils seront ce samedi seulement 1\u00a0500 \u00e0 en profiter.<\/p>\n<p>L\u2019un des trois porte-h\u00e9licopt\u00e8res amphibies de la flotte dot\u00e9 d\u2019un radier de plus de 50 m\u00e8tres, avec \u00ab\u00a0le Mistral\u00a0\u00bb et \u00ab\u00a0le Tonnerre\u00a0\u00bb, qui peut conduire des op\u00e9rations depuis la mer, n\u2019avait pas fait escale \u00e0 Marseille depuis\u00a02018. Il a amarr\u00e9 exceptionnellement jusqu\u2019\u00e0 dimanche en face du <a href=\"https:\/\/www.laprovence.com\/article\/culture-loisirs\/10311362912555\/au-mucem-pulsations-vous-invite-a-danser-tous-les-samedis-a-14-h-30-de-novembre-a-mars\" target=\"_blank\" rel=\"noopener\">Mucem<\/a> (2e).<\/p>\n<p>Un symbole fort puisque cette \u00e9tape dans la cit\u00e9 phoc\u00e9enne s\u2019inscrit dans la continuit\u00e9 du parrainage officiel entre le navire et la cit\u00e9 phoc\u00e9enne, sign\u00e9 en\u00a02017, et dont la charte est d\u2019ailleurs visible \u00e0 bord. \u00ab\u00a0Partout dans le monde, l\u2019\u00e9quipe a, \u00e0 bord, toujours un \u0153il sur la ville, avec de nombreuses photos sur les murs\u00a0\u00bb, dit-on du c\u00f4t\u00e9 de l\u2019\u00e9quipage.<\/p>\n<p>Six spots de d\u00e9collage et un h\u00f4pital \u00e0 bord<\/p>\n<p>C\u00f4t\u00e9 public, l\u2019opportunit\u00e9 est avant tout de plonger dans les entrailles de ce b\u00e2timent militaire tr\u00e8s polyvalent, bas\u00e9 \u00e0 Toulon, quand il n\u2019est pas en exercice, ou en mission <a href=\"https:\/\/www.laprovence.com\/article\/france-monde\/1634058839693214\/israel-annonce-louverture-permanente-dun-point-de-passage-de-laide-humanitaire-vers-gaza\" target=\"_blank\" rel=\"noopener\">humanitaire \u00e0 l\u2019\u00e9tr<\/a>&#8230;<\/p>\n","protected":false},"excerpt":{"rendered":"\u00ab\u00a0En moins de 24h, c\u2019\u00e9tait complet\u00a0!\u00a0\u00bb D\u00e8s l\u2019annonce de la visite possible du \u00ab\u00a0Dixmude\u00a0\u00bb, ils \u00e9taient plusieurs milliers&hellip;\n","protected":false},"author":2,"featured_media":534393,"comment_status":"","ping_status":"","sticky":false,"template":"","format":"standard","meta":{"footnotes":""},"categories":[2814],"tags":[17,1111,11,64849,3944,65397,11641,1777,674,1011,27,12333,884,12,65396,882,16,25],"class_list":{"0":"post-534392","1":"post","2":"type-post","3":"status-publish","4":"format-standard","5":"has-post-thumbnail","7":"category-marseille","8":"tag-17","9":"tag-actu","10":"tag-actualites","11":"tag-amphibie","12":"tag-bord","13":"tag-dixmude","14":"tag-escale","15":"tag-eu","16":"tag-europe","17":"tag-fr","18":"tag-france","19":"tag-jusqua","20":"tag-marseille","21":"tag-news","22":"tag-porte-helicopteres","23":"tag-provence-alpes-cote-dazur","24":"tag-region","25":"tag-republique-francaise"},"share_on_mastodon":{"url":"https:\/\/pubeurope.com\/@fr\/115549829037834828","error":""},"_links":{"self":[{"href":"https:\/\/www.europesays.com\/fr\/wp-json\/wp\/v2\/posts\/534392","targetHints":{"allow":["GET"]}}],"collection":[{"href":"https:\/\/www.europesays.com\/fr\/wp-json\/wp\/v2\/posts"}],"about":[{"href":"https:\/\/www.europesays.com\/fr\/wp-json\/wp\/v2\/types\/post"}],"author":[{"embeddable":true,"href":"https:\/\/www.europesays.com\/fr\/wp-json\/wp\/v2\/users\/2"}],"replies":[{"embeddable":true,"href":"https:\/\/www.europesays.com\/fr\/wp-json\/wp\/v2\/comments?post=534392"}],"version-history":[{"count":0,"href":"https:\/\/www.europesays.com\/fr\/wp-json\/wp\/v2\/posts\/534392\/revisions"}],"wp:featuredmedia":[{"embeddable":true,"href":"https:\/\/www.europesays.com\/fr\/wp-json\/wp\/v2\/media\/534393"}],"wp:attachment":[{"href":"https:\/\/www.europesays.com\/fr\/wp-json\/wp\/v2\/media?parent=534392"}],"wp:term":[{"taxonomy":"category","embeddable":true,"href":"https:\/\/www.europesays.com\/fr\/wp-json\/wp\/v2\/categories?post=534392"},{"taxonomy":"post_tag","embeddable":true,"href":"https:\/\/www.europesays.com\/fr\/wp-json\/wp\/v2\/tags?post=534392"}],"curies":[{"name":"wp","href":"https:\/\/api.w.org\/{rel}","templated":true}]}}