{"id":534396,"date":"2025-11-14T20:02:11","date_gmt":"2025-11-14T20:02:11","guid":{"rendered":"https:\/\/www.europesays.com\/fr\/534396\/"},"modified":"2025-11-14T20:02:11","modified_gmt":"2025-11-14T20:02:11","slug":"metropole-de-lyon-deux-freres-arretes-pour-avoir-relance-leur-point-de-deal-demantele-il-y-a-deux-ans","status":"publish","type":"post","link":"https:\/\/www.europesays.com\/fr\/534396\/","title":{"rendered":"M\u00e9tropole de Lyon. Deux fr\u00e8res arr\u00eat\u00e9s pour avoir relanc\u00e9 leur point de deal d\u00e9mantel\u00e9 il y a deux ans"},"content":{"rendered":"<p>Les m\u00eames causes ont produit les m\u00eames effets. Comme en juin\u00a02023, deux fr\u00e8res originaires de Meyzieu ont \u00e9t\u00e9 arr\u00eat\u00e9s mercredi 12\u00a0novembre pour leur implication dans un trafic de stup\u00e9fiants \u00e0 Meyzieu o\u00f9 ils \u00e9taient les organisateurs du point de deal du centre commercial des Plant\u00e9es.<\/p>\n<p>Apr\u00e8s leur arrestation de juin\u00a02023, l\u2019un des fr\u00e8res avait \u00e9t\u00e9 condamn\u00e9 avec sursis et l\u2019autre a \u00e9t\u00e9 lib\u00e9r\u00e9 de prison en septembre dernier sous bracelet \u00e9lectronique. Bien qu\u2019\u00e9tant interdit de s\u00e9jour \u00e0 Meyzieu, il y passait beaucoup de temps, pour y g\u00e9rer ses \u00ab\u00a0affaires\u00a0\u00bb.<\/p>\n<p>  Plus de 3\u00a0kg de cannabis<\/p>\n<p>Avec son fr\u00e8re et trois complices faisant office de vendeur, ravitailleur et de nourrice, il a en effet relanc\u00e9 le point de vente des Plant\u00e9es, en pleine expansion, qui drainait une client\u00e8le importante ces derni\u00e8res semaines. Cette reprise d\u2019activit\u00e9 n\u2019a pas \u00e9chapp\u00e9 \u00e0 la police qui, au terme d\u2019un mois d\u2019enqu\u00eate, a identifi\u00e9 les protagonistes du trafic.<\/p>\n<p>Mercredi \u00e0 la premi\u00e8re heure, soixante-dix policiers ont \u00e9t\u00e9 mobilis\u00e9s pour interpeller les suspects \u00e0 Meyzieu et Lyon. Les perquisitions ont permis de saisir 3, 3\u00a0kilos <a href=\"https:\/\/www.leprogres.fr\/faits-divers-justice\/2024\/12\/01\/500-kg-de-resine-de-cannabis-saisis-a-l-est-de-lyon-trois-personnes-arretees\" target=\"_blank\" rel=\"noopener\">de r\u00e9sine de cannabis<\/a>, 161 grammes d\u2019herbe, 73 grammes de coca\u00efne ainsi que 20\u00a0000\u00a0euros en esp\u00e8ces.<\/p>\n<p>Ce contenu est bloqu\u00e9 car vous n&rsquo;avez pas accept\u00e9 les cookies et autres traceurs.<\/p>\n<p>En cliquant sur \u00ab J\u2019accepte \u00bb, les cookies et autres traceurs seront d\u00e9pos\u00e9s et vous pourrez visualiser les contenus  (<a href=\"\" class=\"consentModule_policy\" target=\"_blank\" title=\"Consulter la politique de protection des donn\u00e9es du fournisseur\">plus d&rsquo;informations<\/a>).<\/p>\n<p>En cliquant sur \u00ab J\u2019accepte tous les cookies \u00bb, vous autorisez des d\u00e9p\u00f4ts de cookies et autres traceurs pour le stockage de vos donn\u00e9es sur nos sites et applications \u00e0 des fins de personnalisation et de ciblage publicitaire.<\/p>\n<p class=\"consentModule_secondaryText\">Vous gardez la possibilit\u00e9 de retirer votre consentement \u00e0 tout moment en consultant notre <a href=\"https:\/\/www.leprogres.fr\/protection-des-donnees\" target=\"_blank\" title=\"Consulter notre politique de protection des donn\u00e9es\" rel=\"noopener\">politique de protection des donn\u00e9es<\/a>. <br \/>&#13;<br \/>\n            <a href=\"https:\/\/www.leprogres.fr\/faits-divers-justice\/2025\/11\/14\/javascript:Didomi.notice.show()\" class=\"consentModule_cmp\" target=\"_blank\" rel=\"noopener\">G\u00e9rer mes choix<\/a>&#13;\n        <\/p>\n<p>&#13;<br \/>\n                        J&rsquo;accepte&#13;<br \/>\n            J&rsquo;accepte tous les cookies&#13;\n        <\/p>\n<p>Les deux fr\u00e8res et le ravitailleur ont \u00e9t\u00e9 pr\u00e9sent\u00e9s ce vendredi au parquet en vue d\u2019une comparution imm\u00e9diate. <a href=\"https:\/\/www.leprogres.fr\/faits-divers-justice\/2021\/07\/09\/trafic-de-stupefiants-comprendre-le-systeme-des-nourrices\" target=\"_blank\" rel=\"noopener\"> Le vendeur et la \u00ab\u00a0nourrice\u00a0\u00bb<\/a>, un homme de 36 ans charg\u00e9 de garder le stock de stup\u00e9fiants ont \u00e9galement \u00e9t\u00e9 d\u00e9f\u00e9r\u00e9s, en vue d\u2019une CRPC (comparution sur reconnaissance pr\u00e9alable de culpabilit\u00e9).<\/p>\n<p>  Un commerce ferm\u00e9 suite \u00e0 un contr\u00f4le<\/p>\n<p>Dans le prolongement de cette affaire, la DIPN (direction interd\u00e9partementale de la police nationale) a men\u00e9 jusqu\u2019\u00e0 ce vendredi apr\u00e8s-midi une s\u00e9rie de contr\u00f4les \u00e0 Meyzieu, dans le cadre d\u2019une op\u00e9ration \u00ab\u00a0Ville s\u00e9curit\u00e9 renforc\u00e9e\u00a0\u00bb.<\/p>\n<p>Elle a mobilis\u00e9 les polices nationale et municipale, des agents de plusieurs administrations dont les imp\u00f4ts et la douane et des contr\u00f4leurs TCL, soit 269 personnes. En deux jours, 662 contr\u00f4les ont \u00e9t\u00e9 effectu\u00e9s, ce qui a conduit \u00e0 trois interpellations. Sept infractions ont \u00e9t\u00e9 constat\u00e9es et si amendes forfaitaires d\u00e9lictuelles (AFD) ont \u00e9t\u00e9 dress\u00e9es, dont quatre pour stup\u00e9fiants.<\/p>\n<p>Six commerces ont \u00e9galement \u00e9t\u00e9 contr\u00f4l\u00e9s et l\u2019un d\u2019eux, un \u00e9tablissement de restauration, a \u00e9t\u00e9 fait l\u2019objet d\u2019une fermeture administrative pour de graves manquements \u00e0 l\u2019hygi\u00e8ne, tandis que d\u2019autres ont re\u00e7u un avertissement. Un client d\u2019un de ces commerces, qui manifestait son opposition au contr\u00f4le, a par ailleurs \u00e9t\u00e9 interpell\u00e9 pour r\u00e9bellion.<\/p>\n","protected":false},"excerpt":{"rendered":"Les m\u00eames causes ont produit les m\u00eames effets. Comme en juin\u00a02023, deux fr\u00e8res originaires de Meyzieu ont \u00e9t\u00e9&hellip;\n","protected":false},"author":2,"featured_media":534397,"comment_status":"","ping_status":"","sticky":false,"template":"","format":"standard","meta":{"footnotes":""},"categories":[1889],"tags":[1111,11,2430,271,272,3152,1777,674,274,107,1011,27,2428,12497,12,18283,25,2429],"class_list":{"0":"post-534396","1":"post","2":"type-post","3":"status-publish","4":"format-standard","5":"has-post-thumbnail","7":"category-lyon","8":"tag-actu","9":"tag-actualites","10":"tag-auvergne-rhone-alpes","11":"tag-crime","12":"tag-delit-et-contravention","13":"tag-edition-est-lyonnais","14":"tag-eu","15":"tag-europe","16":"tag-faits-divers-justice","17":"tag-fil-info","18":"tag-fr","19":"tag-france","20":"tag-lyon","21":"tag-meyzieu","22":"tag-news","23":"tag-plaine-de-lest","24":"tag-republique-francaise","25":"tag-rhone"},"share_on_mastodon":{"url":"https:\/\/pubeurope.com\/@fr\/115549840619623235","error":""},"_links":{"self":[{"href":"https:\/\/www.europesays.com\/fr\/wp-json\/wp\/v2\/posts\/534396","targetHints":{"allow":["GET"]}}],"collection":[{"href":"https:\/\/www.europesays.com\/fr\/wp-json\/wp\/v2\/posts"}],"about":[{"href":"https:\/\/www.europesays.com\/fr\/wp-json\/wp\/v2\/types\/post"}],"author":[{"embeddable":true,"href":"https:\/\/www.europesays.com\/fr\/wp-json\/wp\/v2\/users\/2"}],"replies":[{"embeddable":true,"href":"https:\/\/www.europesays.com\/fr\/wp-json\/wp\/v2\/comments?post=534396"}],"version-history":[{"count":0,"href":"https:\/\/www.europesays.com\/fr\/wp-json\/wp\/v2\/posts\/534396\/revisions"}],"wp:featuredmedia":[{"embeddable":true,"href":"https:\/\/www.europesays.com\/fr\/wp-json\/wp\/v2\/media\/534397"}],"wp:attachment":[{"href":"https:\/\/www.europesays.com\/fr\/wp-json\/wp\/v2\/media?parent=534396"}],"wp:term":[{"taxonomy":"category","embeddable":true,"href":"https:\/\/www.europesays.com\/fr\/wp-json\/wp\/v2\/categories?post=534396"},{"taxonomy":"post_tag","embeddable":true,"href":"https:\/\/www.europesays.com\/fr\/wp-json\/wp\/v2\/tags?post=534396"}],"curies":[{"name":"wp","href":"https:\/\/api.w.org\/{rel}","templated":true}]}}