{"id":534398,"date":"2025-11-14T20:03:22","date_gmt":"2025-11-14T20:03:22","guid":{"rendered":"https:\/\/www.europesays.com\/fr\/534398\/"},"modified":"2025-11-14T20:03:22","modified_gmt":"2025-11-14T20:03:22","slug":"une-quinquagenaire-portee-disparue-a-francheville-pres-de-lyon","status":"publish","type":"post","link":"https:\/\/www.europesays.com\/fr\/534398\/","title":{"rendered":"Une quinquag\u00e9naire port\u00e9e disparue \u00e0 Francheville, pr\u00e8s de Lyon"},"content":{"rendered":"<p itemprop=\"description\"><strong>Un appel \u00e0 t\u00e9moins a \u00e9t\u00e9 lanc\u00e9 ce vendredi soir.<\/strong><\/p>\n<p>Une femme est actuellement port\u00e9e disparue dans l\u2019ouest lyonnais.<\/p>\n<p>La gendarmerie a lanc\u00e9 un appel \u00e0 t\u00e9moins apr\u00e8s la disparition inqui\u00e9tante de cette quinquag\u00e9naire dans la nuit de jeudi \u00e0 vendredi. Les circonstances de sa disparition n&rsquo;ont pas \u00e9t\u00e9 pr\u00e9cis\u00e9e. On ignore aussi sa tenue vestimentaire.<\/p>\n<p>Toute personne ayant des informations peut contacter la gendarmerie de Francheville au 04 78 59 40 40<\/p>\n<blockquote class=\"twitter-tweet\"><p>&#13;<\/p>\n<p dir=\"ltr\" lang=\"zxx\"><a href=\"https:\/\/t.co\/wUtmeHXifi\">pic.twitter.com\/wUtmeHXifi<\/a><\/p>\n<p>&#13;<br \/>\n\u2014 Gendarmerie du Rh\u00f4ne (@Gendarmerie_069) <a href=\"https:\/\/twitter.com\/Gendarmerie_069\/status\/1989374471334236278?ref_src=twsrc%5Etfw\" target=\"_blank\" rel=\"noopener\">November 14, 2025<\/a><\/p><\/blockquote>\n<p>\t\t  <script async src=\"https:\/\/platform.twitter.com\/widgets.js\" charset=\"utf-8\"><\/script><\/p>\n","protected":false},"excerpt":{"rendered":"Un appel \u00e0 t\u00e9moins a \u00e9t\u00e9 lanc\u00e9 ce vendredi soir. Une femme est actuellement port\u00e9e disparue dans l\u2019ouest&hellip;\n","protected":false},"author":2,"featured_media":534399,"comment_status":"","ping_status":"","sticky":false,"template":"","format":"standard","meta":{"footnotes":""},"categories":[1889],"tags":[1111,11,2813,2190,2430,1109,251,1112,2811,1777,674,118,1011,27,1922,1110,1114,2428,2810,12,241,316,25,2812,517,800],"class_list":{"0":"post-534398","1":"post","2":"type-post","3":"status-publish","4":"format-standard","5":"has-post-thumbnail","7":"category-lyon","8":"tag-actu","9":"tag-actualites","10":"tag-article","11":"tag-asvel","12":"tag-auvergne-rhone-alpes","13":"tag-breves","14":"tag-culture","15":"tag-depeches","16":"tag-economique","17":"tag-eu","18":"tag-europe","19":"tag-faits-divers","20":"tag-fr","21":"tag-france","22":"tag-info","23":"tag-informations","24":"tag-infos","25":"tag-lyon","26":"tag-lyonmag","27":"tag-news","28":"tag-ol","29":"tag-politique","30":"tag-republique-francaise","31":"tag-sociale","32":"tag-sport","33":"tag-transports"},"share_on_mastodon":{"url":"https:\/\/pubeurope.com\/@fr\/115549844469921847","error":""},"_links":{"self":[{"href":"https:\/\/www.europesays.com\/fr\/wp-json\/wp\/v2\/posts\/534398","targetHints":{"allow":["GET"]}}],"collection":[{"href":"https:\/\/www.europesays.com\/fr\/wp-json\/wp\/v2\/posts"}],"about":[{"href":"https:\/\/www.europesays.com\/fr\/wp-json\/wp\/v2\/types\/post"}],"author":[{"embeddable":true,"href":"https:\/\/www.europesays.com\/fr\/wp-json\/wp\/v2\/users\/2"}],"replies":[{"embeddable":true,"href":"https:\/\/www.europesays.com\/fr\/wp-json\/wp\/v2\/comments?post=534398"}],"version-history":[{"count":0,"href":"https:\/\/www.europesays.com\/fr\/wp-json\/wp\/v2\/posts\/534398\/revisions"}],"wp:featuredmedia":[{"embeddable":true,"href":"https:\/\/www.europesays.com\/fr\/wp-json\/wp\/v2\/media\/534399"}],"wp:attachment":[{"href":"https:\/\/www.europesays.com\/fr\/wp-json\/wp\/v2\/media?parent=534398"}],"wp:term":[{"taxonomy":"category","embeddable":true,"href":"https:\/\/www.europesays.com\/fr\/wp-json\/wp\/v2\/categories?post=534398"},{"taxonomy":"post_tag","embeddable":true,"href":"https:\/\/www.europesays.com\/fr\/wp-json\/wp\/v2\/tags?post=534398"}],"curies":[{"name":"wp","href":"https:\/\/api.w.org\/{rel}","templated":true}]}}